{"id":2109,"date":"2019-03-21T14:20:50","date_gmt":"2019-03-21T13:20:50","guid":{"rendered":"http:\/\/agora.xtec.cat\/ies-baix-montseny\/?p=2109"},"modified":"2019-03-21T14:20:50","modified_gmt":"2019-03-21T13:20:50","slug":"xv-forum-de-treballs-de-recerca","status":"publish","type":"post","link":"https:\/\/agora.xtec.cat\/ies-baix-montseny\/batxillerat\/xv-forum-de-treballs-de-recerca\/","title":{"rendered":"XV F\u00f2rum de Treballs de Recerca"},"content":{"rendered":"<div>El passat dimarts 12 de mar\u00e7 l&#8217;alumnat de 1r de Batxillerat de l&#8217;institut va assistir al XV F\u00f2rum de Treballs de Recerca a l&#8217;Ateneu de Sant Celoni.<\/div>\n<div>Al F\u00f2rum s&#8217;exposen els millors treballs de recerca de diferents instituts de la zona, i de l&#8217;Institut Baix Montseny van poder presentar els seus treballs els alumnes:<\/div>\n<div><\/div>\n<div><b>Aleix P\u00e9rez Salgado<\/b>, amb el tema\u00a0<i>Just Buy It<\/i><\/div>\n<div><b>Carla Puig Soriano<\/b>\u00a0amb el tema\u00a0<i>La microbiota intestinal<\/i><\/div>\n<div>\u00a0<b>Eloi Iglesias Navarrete<\/b>\u00a0amb el treball\u00a0<i>F\u00edsica en el tir amb arc<\/i>.<\/div>\n<div><\/div>\n<div>Felicitem a aquests alumnes que han realitzat un treball excel.lent, i els alumnes de 1r de batxillerat que van assistir com a p\u00fablic, esperem que els hi hagi resultat profit\u00f3s.<\/div>\n<div><\/div>\n<div><a href=\"https:\/\/agora.xtec.cat\/ies-baix-montseny\/wp-content\/uploads\/usu1288\/2019\/03\/20190312_101243.jpg\"><img loading=\"lazy\" decoding=\"async\" class=\"alignnone size-medium wp-image-2111\" src=\"https:\/\/agora.xtec.cat\/ies-baix-montseny\/wp-content\/uploads\/usu1288\/2019\/03\/20190312_101243-300x169.jpg\" alt=\"\" width=\"300\" height=\"169\" srcset=\"https:\/\/agora.xtec.cat\/ies-baix-montseny\/wp-content\/uploads\/usu1288\/2019\/03\/20190312_101243-300x169.jpg 300w, https:\/\/agora.xtec.cat\/ies-baix-montseny\/wp-content\/uploads\/usu1288\/2019\/03\/20190312_101243.jpg 448w\" sizes=\"auto, (max-width: 300px) 100vw, 300px\" \/><\/a> <a href=\"https:\/\/agora.xtec.cat\/ies-baix-montseny\/wp-content\/uploads\/usu1288\/2019\/03\/20190312_120641-e1553174372405.jpg\"><img loading=\"lazy\" decoding=\"async\" class=\"alignnone wp-image-2110 size-medium\" src=\"https:\/\/agora.xtec.cat\/ies-baix-montseny\/wp-content\/uploads\/usu1288\/2019\/03\/20190312_120641-300x169.jpg\" alt=\"\" width=\"300\" height=\"169\" \/><\/a><\/div>\n","protected":false},"excerpt":{"rendered":"<p>El passat dimarts 12 de mar\u00e7 l&#8217;alumnat de 1r de Batxillerat de l&#8217;institut va assistir al XV F\u00f2rum de Treballs de Recerca a l&#8217;Ateneu de Sant Celoni.<br \/>\nAl F\u00f2rum s&#8217;exposen els millors treballs de recerca de diferents instituts de la zona, i de l&#8217;Institut Baix Montseny&hellip;  <a href=\"https:\/\/agora.xtec.cat\/ies-baix-montseny\/batxillerat\/xv-forum-de-treballs-de-recerca\/\" title=\"Read XV F\u00f2rum de Treballs de Recerca\">Llegeix m\u00e9s\u00bb<\/a><\/p>\n","protected":false},"author":9,"featured_media":2111,"comment_status":"open","ping_status":"closed","sticky":false,"template":"","format":"standard","meta":{"_bbp_topic_count":0,"_bbp_reply_count":0,"_bbp_total_topic_count":0,"_bbp_total_reply_count":0,"_bbp_voice_count":0,"_bbp_anonymous_reply_count":0,"_bbp_topic_count_hidden":0,"_bbp_reply_count_hidden":0,"_bbp_forum_subforum_count":0,"footnotes":""},"categories":[8,29],"tags":[],"class_list":["post-2109","post","type-post","status-publish","format-standard","has-post-thumbnail","hentry","category-batxillerat","category-portada"],"post_mailing_queue_ids":[],"_links":{"self":[{"href":"https:\/\/agora.xtec.cat\/ies-baix-montseny\/wp-json\/wp\/v2\/posts\/2109","targetHints":{"allow":["GET"]}}],"collection":[{"href":"https:\/\/agora.xtec.cat\/ies-baix-montseny\/wp-json\/wp\/v2\/posts"}],"about":[{"href":"https:\/\/agora.xtec.cat\/ies-baix-montseny\/wp-json\/wp\/v2\/types\/post"}],"author":[{"embeddable":true,"href":"https:\/\/agora.xtec.cat\/ies-baix-montseny\/wp-json\/wp\/v2\/users\/9"}],"replies":[{"embeddable":true,"href":"https:\/\/agora.xtec.cat\/ies-baix-montseny\/wp-json\/wp\/v2\/comments?post=2109"}],"version-history":[{"count":1,"href":"https:\/\/agora.xtec.cat\/ies-baix-montseny\/wp-json\/wp\/v2\/posts\/2109\/revisions"}],"predecessor-version":[{"id":2112,"href":"https:\/\/agora.xtec.cat\/ies-baix-montseny\/wp-json\/wp\/v2\/posts\/2109\/revisions\/2112"}],"wp:featuredmedia":[{"embeddable":true,"href":"https:\/\/agora.xtec.cat\/ies-baix-montseny\/wp-json\/wp\/v2\/media\/2111"}],"wp:attachment":[{"href":"https:\/\/agora.xtec.cat\/ies-baix-montseny\/wp-json\/wp\/v2\/media?parent=2109"}],"wp:term":[{"taxonomy":"category","embeddable":true,"href":"https:\/\/agora.xtec.cat\/ies-baix-montseny\/wp-json\/wp\/v2\/categories?post=2109"},{"taxonomy":"post_tag","embeddable":true,"href":"https:\/\/agora.xtec.cat\/ies-baix-montseny\/wp-json\/wp\/v2\/tags?post=2109"}],"curies":[{"name":"wp","href":"https:\/\/api.w.org\/{rel}","templated":true}]}}