{"id":2097,"date":"2019-03-19T09:43:43","date_gmt":"2019-03-19T08:43:43","guid":{"rendered":"http:\/\/agora.xtec.cat\/ies-baix-montseny\/?p=2097"},"modified":"2019-03-19T09:43:43","modified_gmt":"2019-03-19T08:43:43","slug":"espai-per-a-families","status":"publish","type":"post","link":"https:\/\/agora.xtec.cat\/ies-baix-montseny\/general\/espai-per-a-families\/","title":{"rendered":"ESPAI PER A FAM\u00cdLIES"},"content":{"rendered":"<p style=\"font-weight: 400;\">En relaci\u00f3 a una de les actuacions del Pla Educatiu d\u2019Entorn:\u00a0<strong>Creixem en fam\u00edlia<\/strong>, que t\u00e9 com objectiu acompanyar i encoratjar els pares i mares en l\u2019educaci\u00f3 i la crian\u00e7a dels seus fills i filles.<\/p>\n<p style=\"font-weight: 400;\">Aquest any s\u2019ha creat un nou logotip a la web, que \u00e9s la nova imatge del projecte i que aplega una s\u00e8rie de \u00a0serveis, recursos i activitats que es porten a terme a Sant Celoni i Batll\u00f2ria.\u00a0<a href=\"http:\/\/www.santceloni.cat\/20277\" data-saferedirecturl=\"https:\/\/www.google.com\/url?q=http:\/\/www.santceloni.cat\/20277&amp;source=gmail&amp;ust=1553070705345000&amp;usg=AFQjCNGmK66yRFrtuE3EaqM-hgOa-0Adcg\">http:\/\/www.santceloni.cat\/20277<\/a><\/p>\n<p style=\"font-weight: 400;\">Una de les actuacions del projecte Creixem en fam\u00edlia, era el cicle de xerrades per pares i mares que s\u2019oferia una oferta de xerrades consensuades per totes les AMPA del municipi.<\/p>\n<p style=\"font-weight: 400;\">Enguany aquest projecte ha avan\u00e7at i s\u2019ha optat per un format\u00a0m\u00e9s din\u00e0mic, m\u00e9s variat, m\u00e9s participatiu, m\u00e9s interactiu entre pares, mares i fills i filles\u00a0\u00a0i s\u2019ha substitu\u00eft per\u00a0<strong>Espai per a fam\u00edlies<\/strong>.<\/p>\n<p style=\"font-weight: 400;\"><strong>L\u2019Espai per a fam\u00edlies<\/strong>\u00a0\u00e9s una oferta d\u2019activitats, xerrades i\/o tallers per pares i mares, tutors legals, agents educatius&#8230;.\u00a0sobre aspectes pedag\u00f2gics, socials, m\u00e8dics i psicol\u00f2gics d&#8217;infants de 0 a 16 anys condu\u00efdes per especialistes d&#8217;un tema en concret, d\u2019inter\u00e8s p\u00fablic que\u00a0responguin a interessos, problem\u00e0tiques, necessitats reals de pares i mares i els reptes de la societat actual.<\/p>\n<p>A continuaci\u00f3 teniu dos links a les xerrades:<\/p>\n<p><a href=\"https:\/\/agora.xtec.cat\/ies-baix-montseny\/wp-content\/uploads\/usu1288\/2019\/03\/FlyerParesiMares2019_OK.pdf\">FlyerParesiMares2019_OK<\/a><\/p>\n<p><a href=\"https:\/\/agora.xtec.cat\/ies-baix-montseny\/wp-content\/uploads\/usu1288\/2019\/03\/XerradesEspaiFamilies_OK.pdf\">XerradesEspaiFamilies_OK<\/a><\/p>\n","protected":false},"excerpt":{"rendered":"<p>En relaci\u00f3 a una de les actuacions del Pla Educatiu d\u2019Entorn:\u00a0Creixem en fam\u00edlia, que t\u00e9 com objectiu acompanyar i encoratjar els pares i mares en l\u2019educaci\u00f3 i la crian\u00e7a dels seus fills i filles.<br \/>\nAquest any s\u2019ha creat un nou logotip a la web, que \u00e9s&hellip;  <a href=\"https:\/\/agora.xtec.cat\/ies-baix-montseny\/general\/espai-per-a-families\/\" title=\"Read ESPAI PER A FAM\u00cdLIES\">Llegeix m\u00e9s\u00bb<\/a><\/p>\n","protected":false},"author":7,"featured_media":0,"comment_status":"open","ping_status":"closed","sticky":false,"template":"","format":"standard","meta":{"_bbp_topic_count":0,"_bbp_reply_count":0,"_bbp_total_topic_count":0,"_bbp_total_reply_count":0,"_bbp_voice_count":0,"_bbp_anonymous_reply_count":0,"_bbp_topic_count_hidden":0,"_bbp_reply_count_hidden":0,"_bbp_forum_subforum_count":0,"footnotes":""},"categories":[64,3,1,29],"tags":[],"class_list":["post-2097","post","type-post","status-publish","format-standard","hentry","category-activitats","category-eso","category-general","category-portada"],"post_mailing_queue_ids":[],"_links":{"self":[{"href":"https:\/\/agora.xtec.cat\/ies-baix-montseny\/wp-json\/wp\/v2\/posts\/2097","targetHints":{"allow":["GET"]}}],"collection":[{"href":"https:\/\/agora.xtec.cat\/ies-baix-montseny\/wp-json\/wp\/v2\/posts"}],"about":[{"href":"https:\/\/agora.xtec.cat\/ies-baix-montseny\/wp-json\/wp\/v2\/types\/post"}],"author":[{"embeddable":true,"href":"https:\/\/agora.xtec.cat\/ies-baix-montseny\/wp-json\/wp\/v2\/users\/7"}],"replies":[{"embeddable":true,"href":"https:\/\/agora.xtec.cat\/ies-baix-montseny\/wp-json\/wp\/v2\/comments?post=2097"}],"version-history":[{"count":1,"href":"https:\/\/agora.xtec.cat\/ies-baix-montseny\/wp-json\/wp\/v2\/posts\/2097\/revisions"}],"predecessor-version":[{"id":2100,"href":"https:\/\/agora.xtec.cat\/ies-baix-montseny\/wp-json\/wp\/v2\/posts\/2097\/revisions\/2100"}],"wp:attachment":[{"href":"https:\/\/agora.xtec.cat\/ies-baix-montseny\/wp-json\/wp\/v2\/media?parent=2097"}],"wp:term":[{"taxonomy":"category","embeddable":true,"href":"https:\/\/agora.xtec.cat\/ies-baix-montseny\/wp-json\/wp\/v2\/categories?post=2097"},{"taxonomy":"post_tag","embeddable":true,"href":"https:\/\/agora.xtec.cat\/ies-baix-montseny\/wp-json\/wp\/v2\/tags?post=2097"}],"curies":[{"name":"wp","href":"https:\/\/api.w.org\/{rel}","templated":true}]}}