{"id":20857,"date":"2022-04-06T10:05:19","date_gmt":"2022-04-06T08:05:19","guid":{"rendered":"https:\/\/agora.xtec.cat\/ies-baix-montseny\/?p=20857"},"modified":"2023-02-10T12:55:08","modified_gmt":"2023-02-10T11:55:08","slug":"beques-destudis-postobligatoris-termini-obert","status":"publish","type":"post","link":"https:\/\/agora.xtec.cat\/ies-baix-montseny\/general\/beques-destudis-postobligatoris-termini-obert\/","title":{"rendered":"Beques d&#8217;estudis postobligatoris (termini obert)"},"content":{"rendered":"<div>Us comuniquem que el Ministeri d&#8217;Educaci\u00f3 i Formaci\u00f3 Professional\u00a0<strong>ha avan\u00e7at la convocat\u00f2ria de beques i ajuts\u00a0<\/strong>de car\u00e0cter general per a l&#8217;alumnat que cursa ensenyaments postobligatoris, corresponent al curs 2022-2023.\u00a0El termini per presentar les sol\u00b7licituds \u00e9s\u00a0<strong>del 30 de mar\u00e7 al 12 de maig<\/strong>\u00a0de 2022, ambd\u00f3s inclosos.<\/div>\n<div>Us demanem que feu la m\u00e0xima difusi\u00f3 possible entre l&#8217;alumnat escolaritzat en el vostre centre. \u00c9s important\u00a0que els alumnes sol\u00b7licitin<strong>\u00a0la beca dins d&#8217;aquest termini, encara que no s\u00e0piguen qu\u00e8 estudiaran o en quin centre<\/strong>.\u00a0Cal que indiquin, a la sol\u00b7licitud, quins ensenyaments preveuen cursar el curs vinent i en quin centre; posteriorment, cap al mes de setembre, podran accedir de nou al tr\u00e0mit\u00a0i fer-hi les modificacions de dades acad\u00e8miques o personals (adre\u00e7a, canvi de compte corrent, etc.) que calgui.<\/div>\n<div>Al web del\u00a0<a title=\"https:\/\/educacio.gencat.cat\/ca\/serveis-tramits\/beques\/beques-postobligatoris\/\" href=\"https:\/\/educacio.gencat.cat\/ca\/serveis-tramits\/beques\/beques-postobligatoris\/\" target=\"_blank\" rel=\"noopener\" data-saferedirecturl=\"https:\/\/www.google.com\/url?q=https:\/\/educacio.gencat.cat\/ca\/serveis-tramits\/beques\/beques-postobligatoris\/&amp;source=gmail&amp;ust=1649317256074000&amp;usg=AOvVaw3IZI_M1Ca0XsT24GXBHi2i\">Departament d&#8217;Educaci\u00f3<\/a>\u00a0trobareu l&#8217;enlla\u00e7 a tota la informaci\u00f3 sobre el tr\u00e0mit.<\/div>\n","protected":false},"excerpt":{"rendered":"<p>Us comuniquem que el Ministeri d&#8217;Educaci\u00f3 i Formaci\u00f3 Professional\u00a0ha avan\u00e7at la convocat\u00f2ria de beques i ajuts\u00a0de car\u00e0cter general per a l&#8217;alumnat que cursa ensenyaments postobligatoris, corresponent al curs 2022-2023.\u00a0El termini per presentar les sol\u00b7licituds \u00e9s\u00a0del 30 de mar\u00e7 al 12 de maig\u00a0de 2022, ambd\u00f3s inclosos.<br \/>\nUs&hellip;  <a href=\"https:\/\/agora.xtec.cat\/ies-baix-montseny\/general\/beques-destudis-postobligatoris-termini-obert\/\" title=\"Read Beques d&#8217;estudis postobligatoris (termini obert)\">Llegeix m\u00e9s\u00bb<\/a><\/p>\n","protected":false},"author":7,"featured_media":0,"comment_status":"open","ping_status":"closed","sticky":false,"template":"","format":"standard","meta":{"_bbp_topic_count":0,"_bbp_reply_count":0,"_bbp_total_topic_count":0,"_bbp_total_reply_count":0,"_bbp_voice_count":0,"_bbp_anonymous_reply_count":0,"_bbp_topic_count_hidden":0,"_bbp_reply_count_hidden":0,"_bbp_forum_subforum_count":0,"footnotes":""},"categories":[1,29],"tags":[138,159,153],"class_list":["post-20857","post","type-post","status-publish","format-standard","hentry","category-general","category-portada","tag-batxillerat","tag-beques","tag-cicles-formatius"],"post_mailing_queue_ids":[],"_links":{"self":[{"href":"https:\/\/agora.xtec.cat\/ies-baix-montseny\/wp-json\/wp\/v2\/posts\/20857","targetHints":{"allow":["GET"]}}],"collection":[{"href":"https:\/\/agora.xtec.cat\/ies-baix-montseny\/wp-json\/wp\/v2\/posts"}],"about":[{"href":"https:\/\/agora.xtec.cat\/ies-baix-montseny\/wp-json\/wp\/v2\/types\/post"}],"author":[{"embeddable":true,"href":"https:\/\/agora.xtec.cat\/ies-baix-montseny\/wp-json\/wp\/v2\/users\/7"}],"replies":[{"embeddable":true,"href":"https:\/\/agora.xtec.cat\/ies-baix-montseny\/wp-json\/wp\/v2\/comments?post=20857"}],"version-history":[{"count":2,"href":"https:\/\/agora.xtec.cat\/ies-baix-montseny\/wp-json\/wp\/v2\/posts\/20857\/revisions"}],"predecessor-version":[{"id":21621,"href":"https:\/\/agora.xtec.cat\/ies-baix-montseny\/wp-json\/wp\/v2\/posts\/20857\/revisions\/21621"}],"wp:attachment":[{"href":"https:\/\/agora.xtec.cat\/ies-baix-montseny\/wp-json\/wp\/v2\/media?parent=20857"}],"wp:term":[{"taxonomy":"category","embeddable":true,"href":"https:\/\/agora.xtec.cat\/ies-baix-montseny\/wp-json\/wp\/v2\/categories?post=20857"},{"taxonomy":"post_tag","embeddable":true,"href":"https:\/\/agora.xtec.cat\/ies-baix-montseny\/wp-json\/wp\/v2\/tags?post=20857"}],"curies":[{"name":"wp","href":"https:\/\/api.w.org\/{rel}","templated":true}]}}