{"id":20805,"date":"2022-03-28T12:41:30","date_gmt":"2022-03-28T10:41:30","guid":{"rendered":"https:\/\/agora.xtec.cat\/ies-baix-montseny\/?p=20805"},"modified":"2023-02-10T12:59:00","modified_gmt":"2023-02-10T11:59:00","slug":"ampliacio-oferta-educativa-al-baix","status":"publish","type":"post","link":"https:\/\/agora.xtec.cat\/ies-baix-montseny\/general\/ampliacio-oferta-educativa-al-baix\/","title":{"rendered":"Ampliaci\u00f3 Oferta Educativa al Baix"},"content":{"rendered":"<h3 class=\"subtitle_n\" style=\"text-align: center;\"><strong><span style=\"color: #000000;\">A l&#8217;Institut ampliem la nostra oferta educativa en estudis postobligatoris de cara al curs 2022-23.<\/span><\/strong><\/h3>\n<h3 class=\"subtitle_n\" style=\"text-align: center;\"><strong><span style=\"color: #000000;\">Confirmem l\u2019ampliaci\u00f3 de l\u2019oferta de l\u2019FP amb la incorporaci\u00f3 d\u2019un nou cicle mitja i la consolidaci\u00f3 del Batxillerat Art\u00edstic.<\/span><\/strong><\/h3>\n<p>&nbsp;<\/p>\n<p>El proper curs 2022-23 a l&#8217;Institut Baix Montseny de Sant Celoni comptarem amb un nou Cicle Formatiu de grau mitj\u00e0 i implantem el Batxillerat Art\u00edstic a 1r i 2n.<\/p>\n<table style=\"border-collapse: collapse; width: 100%;\">\n<tbody>\n<tr>\n<td style=\"width: 33.3333%; background-color: #d1d43d; text-align: center; vertical-align: middle; border-color: #030101;\"><a href=\"https:\/\/agora.xtec.cat\/ies-baix-montseny\/wp-content\/uploads\/usu1288\/2022\/03\/1648324022208.jpg\"><img loading=\"lazy\" decoding=\"async\" class=\"aligncenter wp-image-20836\" src=\"https:\/\/agora.xtec.cat\/ies-baix-montseny\/wp-content\/uploads\/usu1288\/2022\/03\/1648324022208-300x300.jpg\" alt=\"\" width=\"287\" height=\"287\" srcset=\"https:\/\/agora.xtec.cat\/ies-baix-montseny\/wp-content\/uploads\/usu1288\/2022\/03\/1648324022208-300x300.jpg 300w, https:\/\/agora.xtec.cat\/ies-baix-montseny\/wp-content\/uploads\/usu1288\/2022\/03\/1648324022208-1024x1024.jpg 1024w, https:\/\/agora.xtec.cat\/ies-baix-montseny\/wp-content\/uploads\/usu1288\/2022\/03\/1648324022208-150x150.jpg 150w, https:\/\/agora.xtec.cat\/ies-baix-montseny\/wp-content\/uploads\/usu1288\/2022\/03\/1648324022208-768x768.jpg 768w, https:\/\/agora.xtec.cat\/ies-baix-montseny\/wp-content\/uploads\/usu1288\/2022\/03\/1648324022208.jpg 1080w\" sizes=\"auto, (max-width: 287px) 100vw, 287px\" \/><\/a><\/td>\n<td style=\"width: 33.3333%; background-color: #d1d43d; text-align: center; vertical-align: middle; border-color: #030101;\"><span style=\"color: #2795b6;\"><a style=\"color: #2795b6;\" href=\"https:\/\/agora.xtec.cat\/ies-baix-montseny\/wp-content\/uploads\/usu1288\/2022\/03\/1648324022286-1.jpg\"><img loading=\"lazy\" decoding=\"async\" class=\"aligncenter size-medium wp-image-20837\" src=\"https:\/\/agora.xtec.cat\/ies-baix-montseny\/wp-content\/uploads\/usu1288\/2022\/03\/1648324022286-1-225x300.jpg\" alt=\"\" width=\"225\" height=\"300\" srcset=\"https:\/\/agora.xtec.cat\/ies-baix-montseny\/wp-content\/uploads\/usu1288\/2022\/03\/1648324022286-1-225x300.jpg 225w, https:\/\/agora.xtec.cat\/ies-baix-montseny\/wp-content\/uploads\/usu1288\/2022\/03\/1648324022286-1-768x1024.jpg 768w, https:\/\/agora.xtec.cat\/ies-baix-montseny\/wp-content\/uploads\/usu1288\/2022\/03\/1648324022286-1.jpg 1080w\" sizes=\"auto, (max-width: 225px) 100vw, 225px\" \/><\/a><\/span><\/p>\n<p>&nbsp;<\/td>\n<td style=\"width: 33.3333%; background-color: #d1d43d; text-align: center; vertical-align: middle; border-color: #030101;\"><a href=\"https:\/\/agora.xtec.cat\/ies-baix-montseny\/wp-content\/uploads\/usu1288\/2022\/03\/1648324022249.jpg\"><img loading=\"lazy\" decoding=\"async\" class=\"aligncenter size-medium wp-image-20835\" src=\"https:\/\/agora.xtec.cat\/ies-baix-montseny\/wp-content\/uploads\/usu1288\/2022\/03\/1648324022249-300x300.jpg\" alt=\"\" width=\"300\" height=\"300\" srcset=\"https:\/\/agora.xtec.cat\/ies-baix-montseny\/wp-content\/uploads\/usu1288\/2022\/03\/1648324022249-300x300.jpg 300w, https:\/\/agora.xtec.cat\/ies-baix-montseny\/wp-content\/uploads\/usu1288\/2022\/03\/1648324022249-1024x1024.jpg 1024w, https:\/\/agora.xtec.cat\/ies-baix-montseny\/wp-content\/uploads\/usu1288\/2022\/03\/1648324022249-150x150.jpg 150w, https:\/\/agora.xtec.cat\/ies-baix-montseny\/wp-content\/uploads\/usu1288\/2022\/03\/1648324022249-768x768.jpg 768w, https:\/\/agora.xtec.cat\/ies-baix-montseny\/wp-content\/uploads\/usu1288\/2022\/03\/1648324022249.jpg 1080w\" sizes=\"auto, (max-width: 300px) 100vw, 300px\" \/><\/a><\/td>\n<\/tr>\n<\/tbody>\n<\/table>\n<p>&nbsp;<\/p>\n<p style=\"text-align: justify;\"><strong>Operacions de Laboratori<\/strong> formar\u00e0 part de l&#8217;oferta educativa que oferim, completant aix\u00ed la fam\u00edlia professional de Qu\u00edmica i consolidant el CFGS de Qu\u00edmica Industrial que es va iniciar el curs 2017-18.<\/p>\n<p style=\"text-align: justify;\">Aquests estudis capacitaren a l&#8217;alumnat per realitzar assajos de materials, an\u00e0lisis fisicoqu\u00edmiques, qu\u00edmiques i biol\u00f2giques, manteniment operatius d&#8217;equips i de les instal\u00b7lacions de serveis auxiliars, complint les normes de qualitat i prevenci\u00f3 de riscos laborals i de protecci\u00f3 ambiental. La formaci\u00f3 t\u00e9 una durada de 2.000 hores distribu\u00efdes en dos cursos<strong>\u00a0<\/strong>acad\u00e8mics i s&#8217;obtindr\u00e0 el t\u00edtol de T\u00e8cnic\/T\u00e8cnica en Operacions de Laboratori.<\/p>\n<table style=\"border-collapse: collapse; width: 100%;\">\n<tbody>\n<tr>\n<td style=\"width: 33.3333%; text-align: center; vertical-align: middle; border-color: #000000; background-color: #a8d450;\"><a href=\"https:\/\/agora.xtec.cat\/ies-baix-montseny\/wp-content\/uploads\/usu1288\/2022\/03\/1647596262755-scaled.jpg\"><img loading=\"lazy\" decoding=\"async\" class=\"aligncenter size-medium wp-image-20833\" src=\"https:\/\/agora.xtec.cat\/ies-baix-montseny\/wp-content\/uploads\/usu1288\/2022\/03\/1647596262755-300x165.jpg\" alt=\"\" width=\"300\" height=\"165\" srcset=\"https:\/\/agora.xtec.cat\/ies-baix-montseny\/wp-content\/uploads\/usu1288\/2022\/03\/1647596262755-300x165.jpg 300w, https:\/\/agora.xtec.cat\/ies-baix-montseny\/wp-content\/uploads\/usu1288\/2022\/03\/1647596262755-1024x563.jpg 1024w, https:\/\/agora.xtec.cat\/ies-baix-montseny\/wp-content\/uploads\/usu1288\/2022\/03\/1647596262755-768x423.jpg 768w, https:\/\/agora.xtec.cat\/ies-baix-montseny\/wp-content\/uploads\/usu1288\/2022\/03\/1647596262755-1536x845.jpg 1536w, https:\/\/agora.xtec.cat\/ies-baix-montseny\/wp-content\/uploads\/usu1288\/2022\/03\/1647596262755-2048x1127.jpg 2048w\" sizes=\"auto, (max-width: 300px) 100vw, 300px\" \/><\/a><\/td>\n<td style=\"width: 33.3333%; text-align: center; vertical-align: middle; border-color: #000000; background-color: #a8d450;\"><a href=\"https:\/\/agora.xtec.cat\/ies-baix-montseny\/wp-content\/uploads\/usu1288\/2022\/03\/IMG_0767-scaled.jpg\"><img loading=\"lazy\" decoding=\"async\" class=\"aligncenter size-medium wp-image-20834\" src=\"https:\/\/agora.xtec.cat\/ies-baix-montseny\/wp-content\/uploads\/usu1288\/2022\/03\/IMG_0767-300x225.jpg\" alt=\"\" width=\"300\" height=\"225\" srcset=\"https:\/\/agora.xtec.cat\/ies-baix-montseny\/wp-content\/uploads\/usu1288\/2022\/03\/IMG_0767-300x225.jpg 300w, https:\/\/agora.xtec.cat\/ies-baix-montseny\/wp-content\/uploads\/usu1288\/2022\/03\/IMG_0767-1024x768.jpg 1024w, https:\/\/agora.xtec.cat\/ies-baix-montseny\/wp-content\/uploads\/usu1288\/2022\/03\/IMG_0767-768x576.jpg 768w, https:\/\/agora.xtec.cat\/ies-baix-montseny\/wp-content\/uploads\/usu1288\/2022\/03\/IMG_0767-1536x1152.jpg 1536w, https:\/\/agora.xtec.cat\/ies-baix-montseny\/wp-content\/uploads\/usu1288\/2022\/03\/IMG_0767-2048x1536.jpg 2048w, https:\/\/agora.xtec.cat\/ies-baix-montseny\/wp-content\/uploads\/usu1288\/2022\/03\/IMG_0767-200x150.jpg 200w\" sizes=\"auto, (max-width: 300px) 100vw, 300px\" \/><\/a><\/td>\n<td style=\"width: 33.3333%; text-align: center; vertical-align: middle; border-color: #000000; background-color: #a8d450;\"><a href=\"https:\/\/agora.xtec.cat\/ies-baix-montseny\/wp-content\/uploads\/usu1288\/2022\/03\/1647595754881-scaled.jpg\"><img loading=\"lazy\" decoding=\"async\" class=\"aligncenter size-medium wp-image-20832\" src=\"https:\/\/agora.xtec.cat\/ies-baix-montseny\/wp-content\/uploads\/usu1288\/2022\/03\/1647595754881-300x152.jpg\" alt=\"\" width=\"300\" height=\"152\" srcset=\"https:\/\/agora.xtec.cat\/ies-baix-montseny\/wp-content\/uploads\/usu1288\/2022\/03\/1647595754881-300x152.jpg 300w, https:\/\/agora.xtec.cat\/ies-baix-montseny\/wp-content\/uploads\/usu1288\/2022\/03\/1647595754881-1024x520.jpg 1024w, https:\/\/agora.xtec.cat\/ies-baix-montseny\/wp-content\/uploads\/usu1288\/2022\/03\/1647595754881-768x390.jpg 768w, https:\/\/agora.xtec.cat\/ies-baix-montseny\/wp-content\/uploads\/usu1288\/2022\/03\/1647595754881-1536x781.jpg 1536w, https:\/\/agora.xtec.cat\/ies-baix-montseny\/wp-content\/uploads\/usu1288\/2022\/03\/1647595754881-2048x1041.jpg 2048w\" sizes=\"auto, (max-width: 300px) 100vw, 300px\" \/><\/a><\/td>\n<\/tr>\n<\/tbody>\n<\/table>\n<p>Podeu consultar m\u00e9s informaci\u00f3 <a href=\"https:\/\/agora.xtec.cat\/ies-baix-montseny\/estudis\/cicles-formatius-grau-mitja\/cfgm-operacions-de-laboratori\/\">aqu\u00ed\u00a0<\/a><\/p>\n<p>&nbsp;<\/p>\n<p>&nbsp;<\/p>\n<p>&nbsp;<\/p>\n","protected":false},"excerpt":{"rendered":"<p>A l&#8217;Institut ampliem la nostra oferta educativa en estudis postobligatoris de cara al curs 2022-23.<br \/>\nConfirmem l\u2019ampliaci\u00f3 de l\u2019oferta de l\u2019FP amb la incorporaci\u00f3 d\u2019un nou cicle mitja i la consolidaci\u00f3 del Batxillerat Art\u00edstic.<br \/>\n&nbsp;<br \/>\nEl proper curs 2022-23 a l&#8217;Institut Baix Montseny de Sant Celoni comptarem amb&hellip;  <a href=\"https:\/\/agora.xtec.cat\/ies-baix-montseny\/general\/ampliacio-oferta-educativa-al-baix\/\" title=\"Read Ampliaci\u00f3 Oferta Educativa al Baix\">Llegeix m\u00e9s\u00bb<\/a><\/p>\n","protected":false},"author":10,"featured_media":20831,"comment_status":"open","ping_status":"closed","sticky":false,"template":"","format":"standard","meta":{"_bbp_topic_count":0,"_bbp_reply_count":0,"_bbp_total_topic_count":0,"_bbp_total_reply_count":0,"_bbp_voice_count":0,"_bbp_anonymous_reply_count":0,"_bbp_topic_count_hidden":0,"_bbp_reply_count_hidden":0,"_bbp_forum_subforum_count":0,"footnotes":""},"categories":[8,30,1,29],"tags":[144,138,153,160,140],"class_list":["post-20805","post","type-post","status-publish","format-standard","has-post-thumbnail","hentry","category-batxillerat","category-cicles-formatius","category-general","category-portada","tag-arts","tag-batxillerat","tag-cicles-formatius","tag-operacions-laboratori","tag-quimica"],"post_mailing_queue_ids":[],"_links":{"self":[{"href":"https:\/\/agora.xtec.cat\/ies-baix-montseny\/wp-json\/wp\/v2\/posts\/20805","targetHints":{"allow":["GET"]}}],"collection":[{"href":"https:\/\/agora.xtec.cat\/ies-baix-montseny\/wp-json\/wp\/v2\/posts"}],"about":[{"href":"https:\/\/agora.xtec.cat\/ies-baix-montseny\/wp-json\/wp\/v2\/types\/post"}],"author":[{"embeddable":true,"href":"https:\/\/agora.xtec.cat\/ies-baix-montseny\/wp-json\/wp\/v2\/users\/10"}],"replies":[{"embeddable":true,"href":"https:\/\/agora.xtec.cat\/ies-baix-montseny\/wp-json\/wp\/v2\/comments?post=20805"}],"version-history":[{"count":3,"href":"https:\/\/agora.xtec.cat\/ies-baix-montseny\/wp-json\/wp\/v2\/posts\/20805\/revisions"}],"predecessor-version":[{"id":20848,"href":"https:\/\/agora.xtec.cat\/ies-baix-montseny\/wp-json\/wp\/v2\/posts\/20805\/revisions\/20848"}],"wp:featuredmedia":[{"embeddable":true,"href":"https:\/\/agora.xtec.cat\/ies-baix-montseny\/wp-json\/wp\/v2\/media\/20831"}],"wp:attachment":[{"href":"https:\/\/agora.xtec.cat\/ies-baix-montseny\/wp-json\/wp\/v2\/media?parent=20805"}],"wp:term":[{"taxonomy":"category","embeddable":true,"href":"https:\/\/agora.xtec.cat\/ies-baix-montseny\/wp-json\/wp\/v2\/categories?post=20805"},{"taxonomy":"post_tag","embeddable":true,"href":"https:\/\/agora.xtec.cat\/ies-baix-montseny\/wp-json\/wp\/v2\/tags?post=20805"}],"curies":[{"name":"wp","href":"https:\/\/api.w.org\/{rel}","templated":true}]}}