{"id":20675,"date":"2022-03-10T19:50:22","date_gmt":"2022-03-10T18:50:22","guid":{"rendered":"https:\/\/agora.xtec.cat\/ies-baix-montseny\/?p=20675"},"modified":"2023-02-10T13:24:26","modified_gmt":"2023-02-10T12:24:26","slug":"actes-dia-internacional-de-la-dona","status":"publish","type":"post","link":"https:\/\/agora.xtec.cat\/ies-baix-montseny\/general\/actes-dia-internacional-de-la-dona\/","title":{"rendered":"Actes Dia Internacional de la Dona"},"content":{"rendered":"<p>El dimarts 8 de mar\u00e7 en motiu del Dia de la Dona es van dur a terme diversos actes en el Centre;<\/p>\n<ul>\n<li>Entre personal PAS, professorat i alumnat de la Comissi\u00f3 Lila del centre es va representar &#8220;La cacera de bruixes&#8221;\u00a0 per con\u00e8ixer el passat i prendre consci\u00e8ncia de les realitats actuals arreu del m\u00f3n.<\/li>\n<\/ul>\n<p><a href=\"https:\/\/agora.xtec.cat\/ies-baix-montseny\/wp-content\/uploads\/usu1288\/2022\/03\/WhatsApp-Image-2022-03-09-at-8.12.06-PM.jpeg\"><img loading=\"lazy\" decoding=\"async\" class=\"aligncenter wp-image-20684 size-full\" src=\"https:\/\/agora.xtec.cat\/ies-baix-montseny\/wp-content\/uploads\/usu1288\/2022\/03\/WhatsApp-Image-2022-03-09-at-8.12.06-PM.jpeg\" alt=\"\" width=\"2000\" height=\"900\" srcset=\"https:\/\/agora.xtec.cat\/ies-baix-montseny\/wp-content\/uploads\/usu1288\/2022\/03\/WhatsApp-Image-2022-03-09-at-8.12.06-PM.jpeg 2000w, https:\/\/agora.xtec.cat\/ies-baix-montseny\/wp-content\/uploads\/usu1288\/2022\/03\/WhatsApp-Image-2022-03-09-at-8.12.06-PM-300x135.jpeg 300w, https:\/\/agora.xtec.cat\/ies-baix-montseny\/wp-content\/uploads\/usu1288\/2022\/03\/WhatsApp-Image-2022-03-09-at-8.12.06-PM-1024x461.jpeg 1024w, https:\/\/agora.xtec.cat\/ies-baix-montseny\/wp-content\/uploads\/usu1288\/2022\/03\/WhatsApp-Image-2022-03-09-at-8.12.06-PM-768x346.jpeg 768w, https:\/\/agora.xtec.cat\/ies-baix-montseny\/wp-content\/uploads\/usu1288\/2022\/03\/WhatsApp-Image-2022-03-09-at-8.12.06-PM-1536x691.jpeg 1536w\" sizes=\"auto, (max-width: 2000px) 100vw, 2000px\" \/><\/a><\/p>\n<ul>\n<li>El Cor de professors i professores del Centre a c\u00e0rrec de la S\u00edlvia Ribera, es va estrenar amb una interpretaci\u00f3 de la can\u00e7\u00f3 Cant de Lluita de Roba Estesa.<\/li>\n<\/ul>\n<p><a href=\"https:\/\/agora.xtec.cat\/ies-baix-montseny\/wp-content\/uploads\/usu1288\/2022\/03\/WhatsApp-Image-2022-03-08-at-8.13.40-PM.jpeg\"><img loading=\"lazy\" decoding=\"async\" class=\"aligncenter wp-image-20676 size-full\" src=\"https:\/\/agora.xtec.cat\/ies-baix-montseny\/wp-content\/uploads\/usu1288\/2022\/03\/WhatsApp-Image-2022-03-08-at-8.13.40-PM.jpeg\" alt=\"\" width=\"2048\" height=\"1536\" srcset=\"https:\/\/agora.xtec.cat\/ies-baix-montseny\/wp-content\/uploads\/usu1288\/2022\/03\/WhatsApp-Image-2022-03-08-at-8.13.40-PM.jpeg 2048w, https:\/\/agora.xtec.cat\/ies-baix-montseny\/wp-content\/uploads\/usu1288\/2022\/03\/WhatsApp-Image-2022-03-08-at-8.13.40-PM-300x225.jpeg 300w, https:\/\/agora.xtec.cat\/ies-baix-montseny\/wp-content\/uploads\/usu1288\/2022\/03\/WhatsApp-Image-2022-03-08-at-8.13.40-PM-1024x768.jpeg 1024w, https:\/\/agora.xtec.cat\/ies-baix-montseny\/wp-content\/uploads\/usu1288\/2022\/03\/WhatsApp-Image-2022-03-08-at-8.13.40-PM-768x576.jpeg 768w, https:\/\/agora.xtec.cat\/ies-baix-montseny\/wp-content\/uploads\/usu1288\/2022\/03\/WhatsApp-Image-2022-03-08-at-8.13.40-PM-1536x1152.jpeg 1536w, https:\/\/agora.xtec.cat\/ies-baix-montseny\/wp-content\/uploads\/usu1288\/2022\/03\/WhatsApp-Image-2022-03-08-at-8.13.40-PM-200x150.jpeg 200w\" sizes=\"auto, (max-width: 2048px) 100vw, 2048px\" \/><\/a><\/p>\n<ul>\n<li>A l&#8217;edifici de cicles vam inaugurar un petit espai lila, un rac\u00f3 de reflexi\u00f3 pel feminisme.\u00a0 Alumnat de l&#8217;ESO van poder visitar-lo i escriure frases sobre les dones importants en la seva vida, el mural romandr\u00e0 penjat a l&#8217;edifici per tal de donar visibilitat a l&#8217;acte del 8M.<\/li>\n<\/ul>\n<table style=\"border-collapse: collapse; width: 100%;\">\n<tbody>\n<tr>\n<td style=\"width: 50%; background-color: #c091e3; border-color: #66109c;\"><a href=\"https:\/\/agora.xtec.cat\/ies-baix-montseny\/wp-content\/uploads\/usu1288\/2022\/03\/WhatsApp-Image-2022-03-08-at-10.31.36-PM.jpeg\" target=\"_blank\" rel=\"noopener\"><img loading=\"lazy\" decoding=\"async\" class=\"aligncenter wp-image-20685 size-medium\" src=\"https:\/\/agora.xtec.cat\/ies-baix-montseny\/wp-content\/uploads\/usu1288\/2022\/03\/WhatsApp-Image-2022-03-08-at-10.31.36-PM-197x300.jpeg\" alt=\"\" width=\"197\" height=\"300\" srcset=\"https:\/\/agora.xtec.cat\/ies-baix-montseny\/wp-content\/uploads\/usu1288\/2022\/03\/WhatsApp-Image-2022-03-08-at-10.31.36-PM-197x300.jpeg 197w, https:\/\/agora.xtec.cat\/ies-baix-montseny\/wp-content\/uploads\/usu1288\/2022\/03\/WhatsApp-Image-2022-03-08-at-10.31.36-PM-673x1024.jpeg 673w, https:\/\/agora.xtec.cat\/ies-baix-montseny\/wp-content\/uploads\/usu1288\/2022\/03\/WhatsApp-Image-2022-03-08-at-10.31.36-PM-768x1169.jpeg 768w, https:\/\/agora.xtec.cat\/ies-baix-montseny\/wp-content\/uploads\/usu1288\/2022\/03\/WhatsApp-Image-2022-03-08-at-10.31.36-PM-1009x1536.jpeg 1009w, https:\/\/agora.xtec.cat\/ies-baix-montseny\/wp-content\/uploads\/usu1288\/2022\/03\/WhatsApp-Image-2022-03-08-at-10.31.36-PM.jpeg 1051w\" sizes=\"auto, (max-width: 197px) 100vw, 197px\" \/><\/a><\/td>\n<td style=\"width: 50%; background-color: #c091e3; border-color: #66109c;\"><a href=\"https:\/\/agora.xtec.cat\/ies-baix-montseny\/wp-content\/uploads\/usu1288\/2022\/03\/WhatsApp-Image-2022-03-09-at-5.08.41-PM.jpeg\"><img loading=\"lazy\" decoding=\"async\" class=\"aligncenter wp-image-20681\" src=\"https:\/\/agora.xtec.cat\/ies-baix-montseny\/wp-content\/uploads\/usu1288\/2022\/03\/WhatsApp-Image-2022-03-09-at-5.08.41-PM-300x225.jpeg\" alt=\"\" width=\"364\" height=\"273\" srcset=\"https:\/\/agora.xtec.cat\/ies-baix-montseny\/wp-content\/uploads\/usu1288\/2022\/03\/WhatsApp-Image-2022-03-09-at-5.08.41-PM-300x225.jpeg 300w, https:\/\/agora.xtec.cat\/ies-baix-montseny\/wp-content\/uploads\/usu1288\/2022\/03\/WhatsApp-Image-2022-03-09-at-5.08.41-PM-1024x768.jpeg 1024w, https:\/\/agora.xtec.cat\/ies-baix-montseny\/wp-content\/uploads\/usu1288\/2022\/03\/WhatsApp-Image-2022-03-09-at-5.08.41-PM-768x576.jpeg 768w, https:\/\/agora.xtec.cat\/ies-baix-montseny\/wp-content\/uploads\/usu1288\/2022\/03\/WhatsApp-Image-2022-03-09-at-5.08.41-PM-1536x1152.jpeg 1536w, https:\/\/agora.xtec.cat\/ies-baix-montseny\/wp-content\/uploads\/usu1288\/2022\/03\/WhatsApp-Image-2022-03-09-at-5.08.41-PM-200x150.jpeg 200w, https:\/\/agora.xtec.cat\/ies-baix-montseny\/wp-content\/uploads\/usu1288\/2022\/03\/WhatsApp-Image-2022-03-09-at-5.08.41-PM.jpeg 2048w\" sizes=\"auto, (max-width: 364px) 100vw, 364px\" \/><\/a><\/td>\n<\/tr>\n<tr>\n<td style=\"width: 50%; border-color: #752ed9; background-color: #b04be3;\"><a href=\"https:\/\/agora.xtec.cat\/ies-baix-montseny\/wp-content\/uploads\/usu1288\/2022\/03\/WhatsApp-Image-2022-03-09-at-5.08.41-PM-3-e1646853638459.jpeg\"><img loading=\"lazy\" decoding=\"async\" class=\"aligncenter wp-image-20678 \" src=\"https:\/\/agora.xtec.cat\/ies-baix-montseny\/wp-content\/uploads\/usu1288\/2022\/03\/WhatsApp-Image-2022-03-09-at-5.08.41-PM-3-e1646853638459-300x169.jpeg\" alt=\"\" width=\"364\" height=\"205\" \/><\/a><\/td>\n<td style=\"width: 50%; border-color: #752ed9; background-color: #b04be3;\"><a href=\"https:\/\/agora.xtec.cat\/ies-baix-montseny\/wp-content\/uploads\/usu1288\/2022\/03\/WhatsApp-Image-2022-03-09-at-5.08.41-PM-1-e1646936748709.jpeg\"><img loading=\"lazy\" decoding=\"async\" class=\"aligncenter wp-image-20680\" src=\"https:\/\/agora.xtec.cat\/ies-baix-montseny\/wp-content\/uploads\/usu1288\/2022\/03\/WhatsApp-Image-2022-03-09-at-5.08.41-PM-1-e1646936748709-169x300.jpeg\" alt=\"\" width=\"198\" height=\"351\" srcset=\"https:\/\/agora.xtec.cat\/ies-baix-montseny\/wp-content\/uploads\/usu1288\/2022\/03\/WhatsApp-Image-2022-03-09-at-5.08.41-PM-1-e1646936748709-169x300.jpeg 169w, https:\/\/agora.xtec.cat\/ies-baix-montseny\/wp-content\/uploads\/usu1288\/2022\/03\/WhatsApp-Image-2022-03-09-at-5.08.41-PM-1-e1646936748709-576x1024.jpeg 576w, https:\/\/agora.xtec.cat\/ies-baix-montseny\/wp-content\/uploads\/usu1288\/2022\/03\/WhatsApp-Image-2022-03-09-at-5.08.41-PM-1-e1646936748709-768x1365.jpeg 768w, https:\/\/agora.xtec.cat\/ies-baix-montseny\/wp-content\/uploads\/usu1288\/2022\/03\/WhatsApp-Image-2022-03-09-at-5.08.41-PM-1-e1646936748709-864x1536.jpeg 864w, https:\/\/agora.xtec.cat\/ies-baix-montseny\/wp-content\/uploads\/usu1288\/2022\/03\/WhatsApp-Image-2022-03-09-at-5.08.41-PM-1-e1646936748709.jpeg 1152w\" sizes=\"auto, (max-width: 198px) 100vw, 198px\" \/><\/a><\/td>\n<\/tr>\n<tr>\n<td style=\"width: 50%; border-color: #66109c; background-color: #be91eb;\"><a href=\"https:\/\/agora.xtec.cat\/ies-baix-montseny\/wp-content\/uploads\/usu1288\/2022\/03\/WhatsApp-Image-2022-03-09-at-5.08.41-PM-2.jpeg\"><img loading=\"lazy\" decoding=\"async\" class=\"aligncenter size-medium wp-image-20679\" src=\"https:\/\/agora.xtec.cat\/ies-baix-montseny\/wp-content\/uploads\/usu1288\/2022\/03\/WhatsApp-Image-2022-03-09-at-5.08.41-PM-2-169x300.jpeg\" alt=\"\" width=\"169\" height=\"300\" srcset=\"https:\/\/agora.xtec.cat\/ies-baix-montseny\/wp-content\/uploads\/usu1288\/2022\/03\/WhatsApp-Image-2022-03-09-at-5.08.41-PM-2-169x300.jpeg 169w, https:\/\/agora.xtec.cat\/ies-baix-montseny\/wp-content\/uploads\/usu1288\/2022\/03\/WhatsApp-Image-2022-03-09-at-5.08.41-PM-2-576x1024.jpeg 576w, https:\/\/agora.xtec.cat\/ies-baix-montseny\/wp-content\/uploads\/usu1288\/2022\/03\/WhatsApp-Image-2022-03-09-at-5.08.41-PM-2-768x1365.jpeg 768w, https:\/\/agora.xtec.cat\/ies-baix-montseny\/wp-content\/uploads\/usu1288\/2022\/03\/WhatsApp-Image-2022-03-09-at-5.08.41-PM-2-864x1536.jpeg 864w, https:\/\/agora.xtec.cat\/ies-baix-montseny\/wp-content\/uploads\/usu1288\/2022\/03\/WhatsApp-Image-2022-03-09-at-5.08.41-PM-2.jpeg 1152w\" sizes=\"auto, (max-width: 169px) 100vw, 169px\" \/><\/a><\/td>\n<td style=\"width: 50%; border-color: #66109c; background-color: #be91eb;\"><a href=\"https:\/\/agora.xtec.cat\/ies-baix-montseny\/wp-content\/uploads\/usu1288\/2022\/03\/WhatsApp-Image-2022-03-09-at-5.08.41-PM-4.jpeg\"><img loading=\"lazy\" decoding=\"async\" class=\"aligncenter size-medium wp-image-20677\" src=\"https:\/\/agora.xtec.cat\/ies-baix-montseny\/wp-content\/uploads\/usu1288\/2022\/03\/WhatsApp-Image-2022-03-09-at-5.08.41-PM-4-300x225.jpeg\" alt=\"\" width=\"300\" height=\"225\" srcset=\"https:\/\/agora.xtec.cat\/ies-baix-montseny\/wp-content\/uploads\/usu1288\/2022\/03\/WhatsApp-Image-2022-03-09-at-5.08.41-PM-4-300x225.jpeg 300w, https:\/\/agora.xtec.cat\/ies-baix-montseny\/wp-content\/uploads\/usu1288\/2022\/03\/WhatsApp-Image-2022-03-09-at-5.08.41-PM-4-1024x768.jpeg 1024w, https:\/\/agora.xtec.cat\/ies-baix-montseny\/wp-content\/uploads\/usu1288\/2022\/03\/WhatsApp-Image-2022-03-09-at-5.08.41-PM-4-768x576.jpeg 768w, https:\/\/agora.xtec.cat\/ies-baix-montseny\/wp-content\/uploads\/usu1288\/2022\/03\/WhatsApp-Image-2022-03-09-at-5.08.41-PM-4-1536x1152.jpeg 1536w, https:\/\/agora.xtec.cat\/ies-baix-montseny\/wp-content\/uploads\/usu1288\/2022\/03\/WhatsApp-Image-2022-03-09-at-5.08.41-PM-4-200x150.jpeg 200w, https:\/\/agora.xtec.cat\/ies-baix-montseny\/wp-content\/uploads\/usu1288\/2022\/03\/WhatsApp-Image-2022-03-09-at-5.08.41-PM-4.jpeg 2048w\" sizes=\"auto, (max-width: 300px) 100vw, 300px\" \/><\/a><\/td>\n<\/tr>\n<\/tbody>\n<\/table>\n<ul>\n<li>Durant la tarda es va projectar a les aules de cicles per a l&#8217;alumnat de 1er del CFGS de Mecatr\u00f2nica Industrial el documental <a href=\"https:\/\/www.ccma.cat\/tv3\/alacarta\/sense-ficcio\/bruixes-la-gran-mentida\/video\/6139961\/\" target=\"_blank\" rel=\"noopener\">&#8220;Bruixes, la gran mentida&#8221;<\/a> que els va portar a un debat sobre la situaci\u00f3 de desigualtat patit per la dona.<\/li>\n<\/ul>\n<p><a href=\"https:\/\/agora.xtec.cat\/ies-baix-montseny\/wp-content\/uploads\/usu1288\/2022\/03\/WhatsApp-Image-2022-03-09-at-6.38.41-PM.jpeg\"><img loading=\"lazy\" decoding=\"async\" class=\"aligncenter wp-image-20686 size-full\" src=\"https:\/\/agora.xtec.cat\/ies-baix-montseny\/wp-content\/uploads\/usu1288\/2022\/03\/WhatsApp-Image-2022-03-09-at-6.38.41-PM.jpeg\" alt=\"\" width=\"2000\" height=\"1125\" srcset=\"https:\/\/agora.xtec.cat\/ies-baix-montseny\/wp-content\/uploads\/usu1288\/2022\/03\/WhatsApp-Image-2022-03-09-at-6.38.41-PM.jpeg 2000w, https:\/\/agora.xtec.cat\/ies-baix-montseny\/wp-content\/uploads\/usu1288\/2022\/03\/WhatsApp-Image-2022-03-09-at-6.38.41-PM-300x169.jpeg 300w, https:\/\/agora.xtec.cat\/ies-baix-montseny\/wp-content\/uploads\/usu1288\/2022\/03\/WhatsApp-Image-2022-03-09-at-6.38.41-PM-1024x576.jpeg 1024w, https:\/\/agora.xtec.cat\/ies-baix-montseny\/wp-content\/uploads\/usu1288\/2022\/03\/WhatsApp-Image-2022-03-09-at-6.38.41-PM-768x432.jpeg 768w, https:\/\/agora.xtec.cat\/ies-baix-montseny\/wp-content\/uploads\/usu1288\/2022\/03\/WhatsApp-Image-2022-03-09-at-6.38.41-PM-1536x864.jpeg 1536w\" sizes=\"auto, (max-width: 2000px) 100vw, 2000px\" \/><\/a><\/p>\n<p>&nbsp;<\/p>\n","protected":false},"excerpt":{"rendered":"<p>El dimarts 8 de mar\u00e7 en motiu del Dia de la Dona es van dur a terme diversos actes en el Centre;<\/p>\n<ul>\n<li>Entre personal PAS, professorat i alumnat de la Comissi\u00f3 Lila del centre es va representar &#8220;La cacera de bruixes&#8221;\u00a0 per con\u00e8ixer el passat i&hellip;  <a href=\"https:\/\/agora.xtec.cat\/ies-baix-montseny\/general\/actes-dia-internacional-de-la-dona\/\" title=\"Read Actes Dia Internacional de la Dona\">Llegeix m\u00e9s\u00bb<\/a><br \/>\n","protected":false},"author":10,"featured_media":20684,"comment_status":"open","ping_status":"closed","sticky":false,"template":"","format":"standard","meta":{"_bbp_topic_count":0,"_bbp_reply_count":0,"_bbp_total_topic_count":0,"_bbp_total_reply_count":0,"_bbp_voice_count":0,"_bbp_anonymous_reply_count":0,"_bbp_topic_count_hidden":0,"_bbp_reply_count_hidden":0,"_bbp_forum_subforum_count":0,"footnotes":""},"categories":[64,30,3,1,29,99],"tags":[153,141,162],"class_list":["post-20675","post","type-post","status-publish","format-standard","has-post-thumbnail","hentry","category-activitats","category-cicles-formatius","category-eso","category-general","category-portada","category-tallers","tag-cicles-formatius","tag-eso","tag-feminisme"],"post_mailing_queue_ids":[],"_links":{"self":[{"href":"https:\/\/agora.xtec.cat\/ies-baix-montseny\/wp-json\/wp\/v2\/posts\/20675","targetHints":{"allow":["GET"]}}],"collection":[{"href":"https:\/\/agora.xtec.cat\/ies-baix-montseny\/wp-json\/wp\/v2\/posts"}],"about":[{"href":"https:\/\/agora.xtec.cat\/ies-baix-montseny\/wp-json\/wp\/v2\/types\/post"}],"author":[{"embeddable":true,"href":"https:\/\/agora.xtec.cat\/ies-baix-montseny\/wp-json\/wp\/v2\/users\/10"}],"replies":[{"embeddable":true,"href":"https:\/\/agora.xtec.cat\/ies-baix-montseny\/wp-json\/wp\/v2\/comments?post=20675"}],"version-history":[{"count":3,"href":"https:\/\/agora.xtec.cat\/ies-baix-montseny\/wp-json\/wp\/v2\/posts\/20675\/revisions"}],"predecessor-version":[{"id":20690,"href":"https:\/\/agora.xtec.cat\/ies-baix-montseny\/wp-json\/wp\/v2\/posts\/20675\/revisions\/20690"}],"wp:featuredmedia":[{"embeddable":true,"href":"https:\/\/agora.xtec.cat\/ies-baix-montseny\/wp-json\/wp\/v2\/media\/20684"}],"wp:attachment":[{"href":"https:\/\/agora.xtec.cat\/ies-baix-montseny\/wp-json\/wp\/v2\/media?parent=20675"}],"wp:term":[{"taxonomy":"category","embeddable":true,"href":"https:\/\/agora.xtec.cat\/ies-baix-montseny\/wp-json\/wp\/v2\/categories?post=20675"},{"taxonomy":"post_tag","embeddable":true,"href":"https:\/\/agora.xtec.cat\/ies-baix-montseny\/wp-json\/wp\/v2\/tags?post=20675"}],"curies":[{"name":"wp","href":"https:\/\/api.w.org\/{rel}","templated":true}]}}