{"id":20636,"date":"2022-03-07T09:55:10","date_gmt":"2022-03-07T08:55:10","guid":{"rendered":"https:\/\/agora.xtec.cat\/ies-baix-montseny\/?p=20636"},"modified":"2022-03-07T09:55:10","modified_gmt":"2022-03-07T08:55:10","slug":"orientacio-web-tria-educativa-i-salo-de-lensenyament","status":"publish","type":"post","link":"https:\/\/agora.xtec.cat\/ies-baix-montseny\/general\/orientacio-web-tria-educativa-i-salo-de-lensenyament\/","title":{"rendered":"ORIENTACI\u00d3: web Tria educativa i Sal\u00f3 de l&#8217;Ensenyament"},"content":{"rendered":"<p>Arriba el per\u00edode previ a la preinscripci\u00f3 als ensenyaments postobligatoris, en qu\u00e8 els i les alumnes que finalitzen quart d\u2019ESO han de decidir quina formaci\u00f3 s\u2019ajusta m\u00e9s als seus interessos i a la posterior sortida laboral.<\/p>\n<p>En aquest context, el Departament ofereix, mitjan\u00e7ant el web\u00a0<a title=\"triaeducativa.gencat.cat\" href=\"https:\/\/triaeducativa.gencat.cat\/ca\/inici\" target=\"_blank\" rel=\"noopener\" data-saferedirecturl=\"https:\/\/www.google.com\/url?q=https:\/\/triaeducativa.gencat.cat\/ca\/inici&amp;source=gmail&amp;ust=1646729315981000&amp;usg=AOvVaw0g09z4OQ-EQlc2pj7Xecp7\">Tria educativa<\/a>, la\u00a0<strong>informaci\u00f3 actualitzada al dia<\/strong>\u00a0sobre l&#8217;oferta educativa d\u2019estudis que s&#8217;imparteixen a Catalunya i material audiovisual dels possibles itineraris formatius, dels estudis i de les proves d&#8217;acc\u00e9s als ensenyaments, dels centres en qu\u00e8 s&#8217;imparteixen&#8230;, amb l&#8217;objectiu d\u2019acompanyar els i les joves en la seva tria i de facilitar la tasca d&#8217;orientaci\u00f3 que tamb\u00e9 feu els centres educatius.<\/p>\n<p>Enguany, tamb\u00e9 recuperem el format presencial del Departament d&#8217;Educaci\u00f3 en el\u00a0<a title=\"educacio.gencat.cat\/ca\/salo-ensenyament\" href=\"https:\/\/educacio.gencat.cat\/ca\/salo-ensenyament\/\" target=\"_blank\" rel=\"noopener\" data-saferedirecturl=\"https:\/\/www.google.com\/url?q=https:\/\/educacio.gencat.cat\/ca\/salo-ensenyament\/&amp;source=gmail&amp;ust=1646729315981000&amp;usg=AOvVaw1c8NXj3plADgXD85A7--9d\">Sal\u00f3 de l&#8217;Ensenyament<\/a>, que tindr\u00e0 lloc\u00a0<strong>del 16 al 20 de mar\u00e7<\/strong>, a la Fira de Barcelona. Aquest espai \u00e9s una bona oportunitat perqu\u00e8 alumnes, fam\u00edlies i professionals del m\u00f3n de l&#8217;ensenyament puguin consultar presencialment tota l&#8217;oferta educativa de Catalunya. El Sal\u00f3 comptar\u00e0 tamb\u00e9 amb l&#8217;espai\u00a0<strong>Orienta\u2019t<\/strong>, en qu\u00e8 personal orientador del Departament atendr\u00e0 alumnes i fam\u00edlies, per informar-los de tots els recursos i estudis per ajudar-los en la seva tria.<\/p>\n","protected":false},"excerpt":{"rendered":"<p>Arriba el per\u00edode previ a la preinscripci\u00f3 als ensenyaments postobligatoris, en qu\u00e8 els i les alumnes que finalitzen quart d\u2019ESO han de decidir quina formaci\u00f3 s\u2019ajusta m\u00e9s als seus interessos i a la posterior sortida laboral.<br \/>\nEn aquest context, el Departament ofereix, mitjan\u00e7ant el web\u00a0<a title=\"triaeducativa.gencat.cat\"&hellip;  <a href=\"https:\/\/agora.xtec.cat\/ies-baix-montseny\/general\/orientacio-web-tria-educativa-i-salo-de-lensenyament\/\" title=\"Read ORIENTACI\u00d3: web Tria educativa i Sal\u00f3 de l&#8217;Ensenyament\">Llegeix m\u00e9s\u00bb<\/a><\/p>\n","protected":false},"author":7,"featured_media":0,"comment_status":"open","ping_status":"closed","sticky":false,"template":"","format":"standard","meta":{"_bbp_topic_count":0,"_bbp_reply_count":0,"_bbp_total_topic_count":0,"_bbp_total_reply_count":0,"_bbp_voice_count":0,"_bbp_anonymous_reply_count":0,"_bbp_topic_count_hidden":0,"_bbp_reply_count_hidden":0,"_bbp_forum_subforum_count":0,"footnotes":""},"categories":[7,1,29,110],"tags":[],"class_list":["post-20636","post","type-post","status-publish","format-standard","hentry","category-eso-4","category-general","category-portada","category-tutoria"],"post_mailing_queue_ids":[],"_links":{"self":[{"href":"https:\/\/agora.xtec.cat\/ies-baix-montseny\/wp-json\/wp\/v2\/posts\/20636","targetHints":{"allow":["GET"]}}],"collection":[{"href":"https:\/\/agora.xtec.cat\/ies-baix-montseny\/wp-json\/wp\/v2\/posts"}],"about":[{"href":"https:\/\/agora.xtec.cat\/ies-baix-montseny\/wp-json\/wp\/v2\/types\/post"}],"author":[{"embeddable":true,"href":"https:\/\/agora.xtec.cat\/ies-baix-montseny\/wp-json\/wp\/v2\/users\/7"}],"replies":[{"embeddable":true,"href":"https:\/\/agora.xtec.cat\/ies-baix-montseny\/wp-json\/wp\/v2\/comments?post=20636"}],"version-history":[{"count":1,"href":"https:\/\/agora.xtec.cat\/ies-baix-montseny\/wp-json\/wp\/v2\/posts\/20636\/revisions"}],"predecessor-version":[{"id":20637,"href":"https:\/\/agora.xtec.cat\/ies-baix-montseny\/wp-json\/wp\/v2\/posts\/20636\/revisions\/20637"}],"wp:attachment":[{"href":"https:\/\/agora.xtec.cat\/ies-baix-montseny\/wp-json\/wp\/v2\/media?parent=20636"}],"wp:term":[{"taxonomy":"category","embeddable":true,"href":"https:\/\/agora.xtec.cat\/ies-baix-montseny\/wp-json\/wp\/v2\/categories?post=20636"},{"taxonomy":"post_tag","embeddable":true,"href":"https:\/\/agora.xtec.cat\/ies-baix-montseny\/wp-json\/wp\/v2\/tags?post=20636"}],"curies":[{"name":"wp","href":"https:\/\/api.w.org\/{rel}","templated":true}]}}