{"id":20631,"date":"2022-03-04T09:00:53","date_gmt":"2022-03-04T08:00:53","guid":{"rendered":"https:\/\/agora.xtec.cat\/ies-baix-montseny\/?p=20631"},"modified":"2023-02-10T13:28:29","modified_gmt":"2023-02-10T12:28:29","slug":"presentacio-families-portes-obertes","status":"publish","type":"post","link":"https:\/\/agora.xtec.cat\/ies-baix-montseny\/general\/presentacio-families-portes-obertes\/","title":{"rendered":"PRESENTACI\u00d3 FAM\u00cdLIES PORTES OBERTES"},"content":{"rendered":"<p>Ahir v\u00e0rem fer les portes obertes per a les fam\u00edlies de 6\u00e8 pels alumnes que el curs vinent comen\u00e7aran 1r d&#8217;ESO.<\/p>\n<p>Aprofitem per agrair la participaci\u00f3 dels nostres alumnes i de totes les fam\u00edlies que heu vingut a con\u00e8ixer el nostre centre.<\/p>\n<p>A continuaci\u00f3 deixem la presentaci\u00f3 de l&#8217;explicaci\u00f3.<\/p>\n<p><a href=\"https:\/\/drive.google.com\/file\/d\/1B_8sG4711G3qnblzp2iQNAekodLyf95e\/view?usp=sharing\">https:\/\/drive.google.com\/file\/d\/1B_8sG4711G3qnblzp2iQNAekodLyf95e\/view?usp=sharing<\/a><\/p>\n","protected":false},"excerpt":{"rendered":"<p>Ahir v\u00e0rem fer les portes obertes per a les fam\u00edlies de 6\u00e8 pels alumnes que el curs vinent comen\u00e7aran 1r d&#8217;ESO.<br \/>\nAprofitem per agrair la participaci\u00f3 dels nostres alumnes i de totes les fam\u00edlies que heu vingut a con\u00e8ixer el nostre centre.<br \/>\nA continuaci\u00f3 deixem la presentaci\u00f3&hellip;  <a href=\"https:\/\/agora.xtec.cat\/ies-baix-montseny\/general\/presentacio-families-portes-obertes\/\" title=\"Read PRESENTACI\u00d3 FAM\u00cdLIES PORTES OBERTES\">Llegeix m\u00e9s\u00bb<\/a><\/p>\n","protected":false},"author":7,"featured_media":0,"comment_status":"open","ping_status":"closed","sticky":false,"template":"","format":"standard","meta":{"_bbp_topic_count":0,"_bbp_reply_count":0,"_bbp_total_topic_count":0,"_bbp_total_reply_count":0,"_bbp_voice_count":0,"_bbp_anonymous_reply_count":0,"_bbp_topic_count_hidden":0,"_bbp_reply_count_hidden":0,"_bbp_forum_subforum_count":0,"footnotes":""},"categories":[1,29],"tags":[138,153,141,154,167],"class_list":["post-20631","post","type-post","status-publish","format-standard","hentry","category-general","category-portada","tag-batxillerat","tag-cicles-formatius","tag-eso","tag-families","tag-portes-obertes"],"post_mailing_queue_ids":[],"_links":{"self":[{"href":"https:\/\/agora.xtec.cat\/ies-baix-montseny\/wp-json\/wp\/v2\/posts\/20631","targetHints":{"allow":["GET"]}}],"collection":[{"href":"https:\/\/agora.xtec.cat\/ies-baix-montseny\/wp-json\/wp\/v2\/posts"}],"about":[{"href":"https:\/\/agora.xtec.cat\/ies-baix-montseny\/wp-json\/wp\/v2\/types\/post"}],"author":[{"embeddable":true,"href":"https:\/\/agora.xtec.cat\/ies-baix-montseny\/wp-json\/wp\/v2\/users\/7"}],"replies":[{"embeddable":true,"href":"https:\/\/agora.xtec.cat\/ies-baix-montseny\/wp-json\/wp\/v2\/comments?post=20631"}],"version-history":[{"count":1,"href":"https:\/\/agora.xtec.cat\/ies-baix-montseny\/wp-json\/wp\/v2\/posts\/20631\/revisions"}],"predecessor-version":[{"id":20632,"href":"https:\/\/agora.xtec.cat\/ies-baix-montseny\/wp-json\/wp\/v2\/posts\/20631\/revisions\/20632"}],"wp:attachment":[{"href":"https:\/\/agora.xtec.cat\/ies-baix-montseny\/wp-json\/wp\/v2\/media?parent=20631"}],"wp:term":[{"taxonomy":"category","embeddable":true,"href":"https:\/\/agora.xtec.cat\/ies-baix-montseny\/wp-json\/wp\/v2\/categories?post=20631"},{"taxonomy":"post_tag","embeddable":true,"href":"https:\/\/agora.xtec.cat\/ies-baix-montseny\/wp-json\/wp\/v2\/tags?post=20631"}],"curies":[{"name":"wp","href":"https:\/\/api.w.org\/{rel}","templated":true}]}}