{"id":20470,"date":"2022-02-09T12:48:59","date_gmt":"2022-02-09T11:48:59","guid":{"rendered":"https:\/\/agora.xtec.cat\/ies-baix-montseny\/?p=20470"},"modified":"2023-02-10T13:35:03","modified_gmt":"2023-02-10T12:35:03","slug":"sortida-al-mnac","status":"publish","type":"post","link":"https:\/\/agora.xtec.cat\/ies-baix-montseny\/general\/sortida-al-mnac\/","title":{"rendered":"SORTIDA AL MNAC"},"content":{"rendered":"<div dir=\"auto\">Avui hem fet una sortida amb els alumnes del Batxillerat Art\u00edstic al Pavell\u00f3 Mies Van Der Rohe.<\/div>\n<div dir=\"auto\"><\/div>\n<div dir=\"auto\">Despr\u00e8s hem visitat el Museu Nacional d&#8217;Art de Catalunya per apropar-nos al Rom\u00e0nic i G\u00f2tic.<\/div>\n<div dir=\"auto\"><\/div>\n<div dir=\"auto\">#batart #vaigalbaix #coneixemlartanterior #tot\u00e9simportant #totsuma<\/div>\n<div dir=\"auto\"><a href=\"https:\/\/agora.xtec.cat\/ies-baix-montseny\/wp-content\/uploads\/usu1288\/2022\/02\/1644406967565.jpg\"><img loading=\"lazy\" decoding=\"async\" class=\"alignnone size-full wp-image-20471\" src=\"https:\/\/agora.xtec.cat\/ies-baix-montseny\/wp-content\/uploads\/usu1288\/2022\/02\/1644406967565.jpg\" alt=\"\" width=\"925\" height=\"768\" srcset=\"https:\/\/agora.xtec.cat\/ies-baix-montseny\/wp-content\/uploads\/usu1288\/2022\/02\/1644406967565.jpg 925w, https:\/\/agora.xtec.cat\/ies-baix-montseny\/wp-content\/uploads\/usu1288\/2022\/02\/1644406967565-300x250.jpg 300w, https:\/\/agora.xtec.cat\/ies-baix-montseny\/wp-content\/uploads\/usu1288\/2022\/02\/1644406967565-768x638.jpg 768w\" sizes=\"auto, (max-width: 925px) 100vw, 925px\" \/><\/a> <a href=\"https:\/\/agora.xtec.cat\/ies-baix-montseny\/wp-content\/uploads\/usu1288\/2022\/02\/1644406967640.jpg\"><img loading=\"lazy\" decoding=\"async\" class=\"alignnone size-large wp-image-20472\" src=\"https:\/\/agora.xtec.cat\/ies-baix-montseny\/wp-content\/uploads\/usu1288\/2022\/02\/1644406967640.jpg\" alt=\"\" width=\"768\" height=\"768\" srcset=\"https:\/\/agora.xtec.cat\/ies-baix-montseny\/wp-content\/uploads\/usu1288\/2022\/02\/1644406967640.jpg 768w, https:\/\/agora.xtec.cat\/ies-baix-montseny\/wp-content\/uploads\/usu1288\/2022\/02\/1644406967640-300x300.jpg 300w, https:\/\/agora.xtec.cat\/ies-baix-montseny\/wp-content\/uploads\/usu1288\/2022\/02\/1644406967640-150x150.jpg 150w\" sizes=\"auto, (max-width: 768px) 100vw, 768px\" \/><\/a><\/div>\n<div dir=\"auto\"><a href=\"https:\/\/agora.xtec.cat\/ies-baix-montseny\/wp-content\/uploads\/usu1288\/2022\/02\/1644406967603.jpg\"><img loading=\"lazy\" decoding=\"async\" class=\"alignnone size-full wp-image-20473\" src=\"https:\/\/agora.xtec.cat\/ies-baix-montseny\/wp-content\/uploads\/usu1288\/2022\/02\/1644406967603.jpg\" alt=\"\" width=\"768\" height=\"768\" srcset=\"https:\/\/agora.xtec.cat\/ies-baix-montseny\/wp-content\/uploads\/usu1288\/2022\/02\/1644406967603.jpg 768w, https:\/\/agora.xtec.cat\/ies-baix-montseny\/wp-content\/uploads\/usu1288\/2022\/02\/1644406967603-300x300.jpg 300w, https:\/\/agora.xtec.cat\/ies-baix-montseny\/wp-content\/uploads\/usu1288\/2022\/02\/1644406967603-150x150.jpg 150w\" sizes=\"auto, (max-width: 768px) 100vw, 768px\" \/><\/a><\/div>\n","protected":false},"excerpt":{"rendered":"<p>Avui hem fet una sortida amb els alumnes del Batxillerat Art\u00edstic al Pavell\u00f3 Mies Van Der Rohe.<\/p>\n<p>Despr\u00e8s hem visitat el Museu Nacional d&#8217;Art de Catalunya per apropar-nos al Rom\u00e0nic i G\u00f2tic.<\/p>\n<p>#batart #vaigalbaix #coneixemlartanterior #tot\u00e9simportant #totsuma<br \/>\n<a href=\"https:\/\/agora.xtec.cat\/ies-baix-montseny\/wp-content\/uploads\/usu1288\/2022\/02\/1644406967565.jpg\"><\/a> <a href=\"https:\/\/agora.xtec.cat\/ies-baix-montseny\/wp-content\/uploads\/usu1288\/2022\/02\/1644406967640.jpg\"><\/a><br \/>\n<a href=\"https:\/\/agora.xtec.cat\/ies-baix-montseny\/wp-content\/uploads\/usu1288\/2022\/02\/1644406967603.jpg\"><\/a><\/p>\n","protected":false},"author":7,"featured_media":20471,"comment_status":"open","ping_status":"closed","sticky":false,"template":"","format":"standard","meta":{"_bbp_topic_count":0,"_bbp_reply_count":0,"_bbp_total_topic_count":0,"_bbp_total_reply_count":0,"_bbp_voice_count":0,"_bbp_anonymous_reply_count":0,"_bbp_topic_count_hidden":0,"_bbp_reply_count_hidden":0,"_bbp_forum_subforum_count":0,"footnotes":""},"categories":[64,8,1,29],"tags":[144,138,39],"class_list":["post-20470","post","type-post","status-publish","format-standard","has-post-thumbnail","hentry","category-activitats","category-batxillerat","category-general","category-portada","tag-arts","tag-batxillerat","tag-sortides"],"post_mailing_queue_ids":[],"_links":{"self":[{"href":"https:\/\/agora.xtec.cat\/ies-baix-montseny\/wp-json\/wp\/v2\/posts\/20470","targetHints":{"allow":["GET"]}}],"collection":[{"href":"https:\/\/agora.xtec.cat\/ies-baix-montseny\/wp-json\/wp\/v2\/posts"}],"about":[{"href":"https:\/\/agora.xtec.cat\/ies-baix-montseny\/wp-json\/wp\/v2\/types\/post"}],"author":[{"embeddable":true,"href":"https:\/\/agora.xtec.cat\/ies-baix-montseny\/wp-json\/wp\/v2\/users\/7"}],"replies":[{"embeddable":true,"href":"https:\/\/agora.xtec.cat\/ies-baix-montseny\/wp-json\/wp\/v2\/comments?post=20470"}],"version-history":[{"count":1,"href":"https:\/\/agora.xtec.cat\/ies-baix-montseny\/wp-json\/wp\/v2\/posts\/20470\/revisions"}],"predecessor-version":[{"id":20474,"href":"https:\/\/agora.xtec.cat\/ies-baix-montseny\/wp-json\/wp\/v2\/posts\/20470\/revisions\/20474"}],"wp:featuredmedia":[{"embeddable":true,"href":"https:\/\/agora.xtec.cat\/ies-baix-montseny\/wp-json\/wp\/v2\/media\/20471"}],"wp:attachment":[{"href":"https:\/\/agora.xtec.cat\/ies-baix-montseny\/wp-json\/wp\/v2\/media?parent=20470"}],"wp:term":[{"taxonomy":"category","embeddable":true,"href":"https:\/\/agora.xtec.cat\/ies-baix-montseny\/wp-json\/wp\/v2\/categories?post=20470"},{"taxonomy":"post_tag","embeddable":true,"href":"https:\/\/agora.xtec.cat\/ies-baix-montseny\/wp-json\/wp\/v2\/tags?post=20470"}],"curies":[{"name":"wp","href":"https:\/\/api.w.org\/{rel}","templated":true}]}}