{"id":20403,"date":"2022-01-19T12:09:23","date_gmt":"2022-01-19T11:09:23","guid":{"rendered":"https:\/\/agora.xtec.cat\/ies-baix-montseny\/?p=20403"},"modified":"2022-01-19T12:09:23","modified_gmt":"2022-01-19T11:09:23","slug":"flipart-2022","status":"publish","type":"post","link":"https:\/\/agora.xtec.cat\/ies-baix-montseny\/general\/flipart-2022\/","title":{"rendered":"FLIPART 2022"},"content":{"rendered":"<p><a href=\"https:\/\/agora.xtec.cat\/ies-baix-montseny\/wp-content\/uploads\/usu1288\/2022\/01\/1642528994338.jpg\"><img loading=\"lazy\" decoding=\"async\" class=\"alignnone size-full wp-image-20404\" src=\"https:\/\/agora.xtec.cat\/ies-baix-montseny\/wp-content\/uploads\/usu1288\/2022\/01\/1642528994338.jpg\" alt=\"\" width=\"480\" height=\"480\" srcset=\"https:\/\/agora.xtec.cat\/ies-baix-montseny\/wp-content\/uploads\/usu1288\/2022\/01\/1642528994338.jpg 480w, https:\/\/agora.xtec.cat\/ies-baix-montseny\/wp-content\/uploads\/usu1288\/2022\/01\/1642528994338-300x300.jpg 300w, https:\/\/agora.xtec.cat\/ies-baix-montseny\/wp-content\/uploads\/usu1288\/2022\/01\/1642528994338-150x150.jpg 150w\" sizes=\"auto, (max-width: 480px) 100vw, 480px\" \/><\/a><\/p>\n<p style=\"font-weight: 400;\"><em>Aventures d\u2019Artistes<\/em>\u00a0\u00e9s una activitat de la Diputaci\u00f3 de Barcelona que consisteix a portar als centres docents diversos artistes perqu\u00e8 expliquin les seves experi\u00e8ncies als alumnes.<\/p>\n<p style=\"font-weight: 400;\">Aquest mat\u00ed hem tingut el privilegi de tenir Jorge Albuerne, artista llicenciat en Belles Arts, practicant de disciplines relacionades amb el m\u00f3n del moviment i la dansa. Ha format part de diverses companyies treballant des de la interdisciplinarietat entre arts pl\u00e0stiques, moviment, circ, escriptura&#8230;<\/p>\n<p style=\"font-weight: 400;\">Ha estat una proposta educativa i art\u00edstica molt productiva que podr\u00e0 tenir continu\u00eftat a l\u2019aula a les mat\u00e8ries de modalitat.<\/p>\n<p style=\"font-weight: 400;\">#baixalvaig #batart #flipart @shortmaltes<\/p>\n","protected":false},"excerpt":{"rendered":"<p><a href=\"https:\/\/agora.xtec.cat\/ies-baix-montseny\/wp-content\/uploads\/usu1288\/2022\/01\/1642528994338.jpg\"><\/a><br \/>\nAventures d\u2019Artistes\u00a0\u00e9s una activitat de la Diputaci\u00f3 de Barcelona que consisteix a portar als centres docents diversos artistes perqu\u00e8 expliquin les seves experi\u00e8ncies als alumnes.<br \/>\nAquest mat\u00ed hem tingut el privilegi de tenir Jorge Albuerne, artista llicenciat en Belles Arts, practicant de disciplines relacionades amb&hellip;  <a href=\"https:\/\/agora.xtec.cat\/ies-baix-montseny\/general\/flipart-2022\/\" title=\"Read FLIPART 2022\">Llegeix m\u00e9s\u00bb<\/a><\/p>\n","protected":false},"author":7,"featured_media":20404,"comment_status":"open","ping_status":"closed","sticky":false,"template":"","format":"standard","meta":{"_bbp_topic_count":0,"_bbp_reply_count":0,"_bbp_total_topic_count":0,"_bbp_total_reply_count":0,"_bbp_voice_count":0,"_bbp_anonymous_reply_count":0,"_bbp_topic_count_hidden":0,"_bbp_reply_count_hidden":0,"_bbp_forum_subforum_count":0,"footnotes":""},"categories":[8,1,29],"tags":[],"class_list":["post-20403","post","type-post","status-publish","format-standard","has-post-thumbnail","hentry","category-batxillerat","category-general","category-portada"],"post_mailing_queue_ids":[],"_links":{"self":[{"href":"https:\/\/agora.xtec.cat\/ies-baix-montseny\/wp-json\/wp\/v2\/posts\/20403","targetHints":{"allow":["GET"]}}],"collection":[{"href":"https:\/\/agora.xtec.cat\/ies-baix-montseny\/wp-json\/wp\/v2\/posts"}],"about":[{"href":"https:\/\/agora.xtec.cat\/ies-baix-montseny\/wp-json\/wp\/v2\/types\/post"}],"author":[{"embeddable":true,"href":"https:\/\/agora.xtec.cat\/ies-baix-montseny\/wp-json\/wp\/v2\/users\/7"}],"replies":[{"embeddable":true,"href":"https:\/\/agora.xtec.cat\/ies-baix-montseny\/wp-json\/wp\/v2\/comments?post=20403"}],"version-history":[{"count":1,"href":"https:\/\/agora.xtec.cat\/ies-baix-montseny\/wp-json\/wp\/v2\/posts\/20403\/revisions"}],"predecessor-version":[{"id":20405,"href":"https:\/\/agora.xtec.cat\/ies-baix-montseny\/wp-json\/wp\/v2\/posts\/20403\/revisions\/20405"}],"wp:featuredmedia":[{"embeddable":true,"href":"https:\/\/agora.xtec.cat\/ies-baix-montseny\/wp-json\/wp\/v2\/media\/20404"}],"wp:attachment":[{"href":"https:\/\/agora.xtec.cat\/ies-baix-montseny\/wp-json\/wp\/v2\/media?parent=20403"}],"wp:term":[{"taxonomy":"category","embeddable":true,"href":"https:\/\/agora.xtec.cat\/ies-baix-montseny\/wp-json\/wp\/v2\/categories?post=20403"},{"taxonomy":"post_tag","embeddable":true,"href":"https:\/\/agora.xtec.cat\/ies-baix-montseny\/wp-json\/wp\/v2\/tags?post=20403"}],"curies":[{"name":"wp","href":"https:\/\/api.w.org\/{rel}","templated":true}]}}