{"id":20399,"date":"2022-01-14T14:48:26","date_gmt":"2022-01-14T13:48:26","guid":{"rendered":"https:\/\/agora.xtec.cat\/ies-baix-montseny\/?p=20399"},"modified":"2022-01-14T14:48:26","modified_gmt":"2022-01-14T13:48:26","slug":"inauguracio-exposicio-can-ramis","status":"publish","type":"post","link":"https:\/\/agora.xtec.cat\/ies-baix-montseny\/general\/inauguracio-exposicio-can-ramis\/","title":{"rendered":"INAUGURACI\u00d3 EXPOSICI\u00d3 CAN RAMIS"},"content":{"rendered":"<p>Al llarg d&#8217;aquests dies els alumnes de Batxillerat Art\u00edstic han treballat l&#8217;obra de l&#8217;escriptor Rafael Junquera des de castell\u00e0. Despr\u00e8s de poder tenir el privilegi de con\u00e8ixer personalment en Rafael, han estat treballant els seus relats des de la mat\u00e8ria de Dibuix Art\u00edstic. El resultat ha estat un recull d&#8217;il\u00b7lustracions que s&#8217;exposaran a Can Ramis del 21 de gener al 6 de febrer.<\/p>\n<p>L&#8217;acte d&#8217;inauguraci\u00f3 ser\u00e0 el proper dijous 20 de gener a les 18h per\u00f2 es podr\u00e0 visitar l&#8217;exposici\u00f3 en el seg\u00fcent horari:<\/p>\n<ul>\n<li>Dimecres: de 10 a 2 del migdia<\/li>\n<li>Divendres: de 4 a 8 del vespre<\/li>\n<li>Dissabtes: de 10 a 2 del migdia i de 4 a 8 del vespre<\/li>\n<li>Diumenges i festius: de 10 a 2 del migdia<\/li>\n<\/ul>\n<p>Us hi esperem!<\/p>\n<p><a href=\"https:\/\/agora.xtec.cat\/ies-baix-montseny\/wp-content\/uploads\/usu1288\/2022\/01\/Cartell-expo-1-1.jpg\"><img loading=\"lazy\" decoding=\"async\" class=\"alignnone size-large wp-image-20400\" src=\"https:\/\/agora.xtec.cat\/ies-baix-montseny\/wp-content\/uploads\/usu1288\/2022\/01\/Cartell-expo-1-1-724x1024.jpg\" alt=\"\" width=\"724\" height=\"1024\" srcset=\"https:\/\/agora.xtec.cat\/ies-baix-montseny\/wp-content\/uploads\/usu1288\/2022\/01\/Cartell-expo-1-1-724x1024.jpg 724w, https:\/\/agora.xtec.cat\/ies-baix-montseny\/wp-content\/uploads\/usu1288\/2022\/01\/Cartell-expo-1-1-212x300.jpg 212w, https:\/\/agora.xtec.cat\/ies-baix-montseny\/wp-content\/uploads\/usu1288\/2022\/01\/Cartell-expo-1-1-768x1086.jpg 768w, https:\/\/agora.xtec.cat\/ies-baix-montseny\/wp-content\/uploads\/usu1288\/2022\/01\/Cartell-expo-1-1-1086x1536.jpg 1086w, https:\/\/agora.xtec.cat\/ies-baix-montseny\/wp-content\/uploads\/usu1288\/2022\/01\/Cartell-expo-1-1.jpg 1414w\" sizes=\"auto, (max-width: 724px) 100vw, 724px\" \/><\/a><\/p>\n","protected":false},"excerpt":{"rendered":"<p>Al llarg d&#8217;aquests dies els alumnes de Batxillerat Art\u00edstic han treballat l&#8217;obra de l&#8217;escriptor Rafael Junquera des de castell\u00e0. Despr\u00e8s de poder tenir el privilegi de con\u00e8ixer personalment en Rafael, han estat treballant els seus relats des de la mat\u00e8ria de Dibuix Art\u00edstic. El resultat&hellip;  <a href=\"https:\/\/agora.xtec.cat\/ies-baix-montseny\/general\/inauguracio-exposicio-can-ramis\/\" title=\"Read INAUGURACI\u00d3 EXPOSICI\u00d3 CAN RAMIS\">Llegeix m\u00e9s\u00bb<\/a><\/p>\n","protected":false},"author":7,"featured_media":20400,"comment_status":"open","ping_status":"closed","sticky":false,"template":"","format":"standard","meta":{"_bbp_topic_count":0,"_bbp_reply_count":0,"_bbp_total_topic_count":0,"_bbp_total_reply_count":0,"_bbp_voice_count":0,"_bbp_anonymous_reply_count":0,"_bbp_topic_count_hidden":0,"_bbp_reply_count_hidden":0,"_bbp_forum_subforum_count":0,"footnotes":""},"categories":[64,8,1,29],"tags":[],"class_list":["post-20399","post","type-post","status-publish","format-standard","has-post-thumbnail","hentry","category-activitats","category-batxillerat","category-general","category-portada"],"post_mailing_queue_ids":[],"_links":{"self":[{"href":"https:\/\/agora.xtec.cat\/ies-baix-montseny\/wp-json\/wp\/v2\/posts\/20399","targetHints":{"allow":["GET"]}}],"collection":[{"href":"https:\/\/agora.xtec.cat\/ies-baix-montseny\/wp-json\/wp\/v2\/posts"}],"about":[{"href":"https:\/\/agora.xtec.cat\/ies-baix-montseny\/wp-json\/wp\/v2\/types\/post"}],"author":[{"embeddable":true,"href":"https:\/\/agora.xtec.cat\/ies-baix-montseny\/wp-json\/wp\/v2\/users\/7"}],"replies":[{"embeddable":true,"href":"https:\/\/agora.xtec.cat\/ies-baix-montseny\/wp-json\/wp\/v2\/comments?post=20399"}],"version-history":[{"count":1,"href":"https:\/\/agora.xtec.cat\/ies-baix-montseny\/wp-json\/wp\/v2\/posts\/20399\/revisions"}],"predecessor-version":[{"id":20401,"href":"https:\/\/agora.xtec.cat\/ies-baix-montseny\/wp-json\/wp\/v2\/posts\/20399\/revisions\/20401"}],"wp:featuredmedia":[{"embeddable":true,"href":"https:\/\/agora.xtec.cat\/ies-baix-montseny\/wp-json\/wp\/v2\/media\/20400"}],"wp:attachment":[{"href":"https:\/\/agora.xtec.cat\/ies-baix-montseny\/wp-json\/wp\/v2\/media?parent=20399"}],"wp:term":[{"taxonomy":"category","embeddable":true,"href":"https:\/\/agora.xtec.cat\/ies-baix-montseny\/wp-json\/wp\/v2\/categories?post=20399"},{"taxonomy":"post_tag","embeddable":true,"href":"https:\/\/agora.xtec.cat\/ies-baix-montseny\/wp-json\/wp\/v2\/tags?post=20399"}],"curies":[{"name":"wp","href":"https:\/\/api.w.org\/{rel}","templated":true}]}}