{"id":20383,"date":"2021-12-10T10:32:05","date_gmt":"2021-12-10T09:32:05","guid":{"rendered":"https:\/\/agora.xtec.cat\/ies-baix-montseny\/?p=20383"},"modified":"2021-12-10T10:32:12","modified_gmt":"2021-12-10T09:32:12","slug":"baix-montseny-afadis","status":"publish","type":"post","link":"https:\/\/agora.xtec.cat\/ies-baix-montseny\/general\/baix-montseny-afadis\/","title":{"rendered":"BAIX MONTSENY &#8211; AFADIS"},"content":{"rendered":"<p>La setmana passada l\u2019alumnat de l\u2019art\u00edstic va iniciar la col\u00b7laboraci\u00f3 amb Afadis. En aquest cas en el disseny de la nova imatge corporativa, m\u00e9s endavant ens tornarem a trobar per seguir fent projectes comuns.<\/p>\n<p>Tots som iguals malgrat que siguem funcionalment tan diversos.<\/p>\n<p>Gr\u00e0cies pel mat\u00ed plegats, ens v\u00e0rem sentir molt acollits.<\/p>\n<p><a href=\"https:\/\/agora.xtec.cat\/ies-baix-montseny\/wp-content\/uploads\/usu1288\/2021\/12\/Afadis.jpg\"><img loading=\"lazy\" decoding=\"async\" class=\"alignnone size-large wp-image-20384\" src=\"https:\/\/agora.xtec.cat\/ies-baix-montseny\/wp-content\/uploads\/usu1288\/2021\/12\/Afadis-1024x1024.jpg\" alt=\"\" width=\"1024\" height=\"1024\" srcset=\"https:\/\/agora.xtec.cat\/ies-baix-montseny\/wp-content\/uploads\/usu1288\/2021\/12\/Afadis-1024x1024.jpg 1024w, https:\/\/agora.xtec.cat\/ies-baix-montseny\/wp-content\/uploads\/usu1288\/2021\/12\/Afadis-300x300.jpg 300w, https:\/\/agora.xtec.cat\/ies-baix-montseny\/wp-content\/uploads\/usu1288\/2021\/12\/Afadis-150x150.jpg 150w, https:\/\/agora.xtec.cat\/ies-baix-montseny\/wp-content\/uploads\/usu1288\/2021\/12\/Afadis-768x768.jpg 768w, https:\/\/agora.xtec.cat\/ies-baix-montseny\/wp-content\/uploads\/usu1288\/2021\/12\/Afadis.jpg 1200w\" sizes=\"auto, (max-width: 1024px) 100vw, 1024px\" \/><\/a><\/p>\n","protected":false},"excerpt":{"rendered":"<p>La setmana passada l\u2019alumnat de l\u2019art\u00edstic va iniciar la col\u00b7laboraci\u00f3 amb Afadis. En aquest cas en el disseny de la nova imatge corporativa, m\u00e9s endavant ens tornarem a trobar per seguir fent projectes comuns.<br \/>\nTots som iguals malgrat que siguem funcionalment tan diversos.<br \/>\nGr\u00e0cies pel mat\u00ed plegats,&hellip;  <a href=\"https:\/\/agora.xtec.cat\/ies-baix-montseny\/general\/baix-montseny-afadis\/\" title=\"Read BAIX MONTSENY &#8211; AFADIS\">Llegeix m\u00e9s\u00bb<\/a><\/p>\n","protected":false},"author":7,"featured_media":20384,"comment_status":"open","ping_status":"closed","sticky":false,"template":"","format":"standard","meta":{"_bbp_topic_count":0,"_bbp_reply_count":0,"_bbp_total_topic_count":0,"_bbp_total_reply_count":0,"_bbp_voice_count":0,"_bbp_anonymous_reply_count":0,"_bbp_topic_count_hidden":0,"_bbp_reply_count_hidden":0,"_bbp_forum_subforum_count":0,"footnotes":""},"categories":[64,8,1,29],"tags":[],"class_list":["post-20383","post","type-post","status-publish","format-standard","has-post-thumbnail","hentry","category-activitats","category-batxillerat","category-general","category-portada"],"post_mailing_queue_ids":[],"_links":{"self":[{"href":"https:\/\/agora.xtec.cat\/ies-baix-montseny\/wp-json\/wp\/v2\/posts\/20383","targetHints":{"allow":["GET"]}}],"collection":[{"href":"https:\/\/agora.xtec.cat\/ies-baix-montseny\/wp-json\/wp\/v2\/posts"}],"about":[{"href":"https:\/\/agora.xtec.cat\/ies-baix-montseny\/wp-json\/wp\/v2\/types\/post"}],"author":[{"embeddable":true,"href":"https:\/\/agora.xtec.cat\/ies-baix-montseny\/wp-json\/wp\/v2\/users\/7"}],"replies":[{"embeddable":true,"href":"https:\/\/agora.xtec.cat\/ies-baix-montseny\/wp-json\/wp\/v2\/comments?post=20383"}],"version-history":[{"count":1,"href":"https:\/\/agora.xtec.cat\/ies-baix-montseny\/wp-json\/wp\/v2\/posts\/20383\/revisions"}],"predecessor-version":[{"id":20385,"href":"https:\/\/agora.xtec.cat\/ies-baix-montseny\/wp-json\/wp\/v2\/posts\/20383\/revisions\/20385"}],"wp:featuredmedia":[{"embeddable":true,"href":"https:\/\/agora.xtec.cat\/ies-baix-montseny\/wp-json\/wp\/v2\/media\/20384"}],"wp:attachment":[{"href":"https:\/\/agora.xtec.cat\/ies-baix-montseny\/wp-json\/wp\/v2\/media?parent=20383"}],"wp:term":[{"taxonomy":"category","embeddable":true,"href":"https:\/\/agora.xtec.cat\/ies-baix-montseny\/wp-json\/wp\/v2\/categories?post=20383"},{"taxonomy":"post_tag","embeddable":true,"href":"https:\/\/agora.xtec.cat\/ies-baix-montseny\/wp-json\/wp\/v2\/tags?post=20383"}],"curies":[{"name":"wp","href":"https:\/\/api.w.org\/{rel}","templated":true}]}}