{"id":20367,"date":"2021-11-23T14:50:50","date_gmt":"2021-11-23T13:50:50","guid":{"rendered":"https:\/\/agora.xtec.cat\/ies-baix-montseny\/?p=20367"},"modified":"2021-11-23T14:52:46","modified_gmt":"2021-11-23T13:52:46","slug":"setmana-de-la-ciencia","status":"publish","type":"post","link":"https:\/\/agora.xtec.cat\/ies-baix-montseny\/general\/setmana-de-la-ciencia\/","title":{"rendered":"SETMANA DE LA CI\u00c8NCIA"},"content":{"rendered":"<p>Tancament a la setmana de la ci\u00e8ncia amb molta participaci\u00f3 dels diferents nivells de l&#8217;Institut Baix Montseny. Aportem el nostre granet de sorra.<\/p>\n<p><a href=\"https:\/\/agora.xtec.cat\/ies-baix-montseny\/wp-content\/uploads\/usu1288\/2021\/11\/IMG_0223.jpg\"><img loading=\"lazy\" decoding=\"async\" class=\"alignnone size-full wp-image-20377\" src=\"https:\/\/agora.xtec.cat\/ies-baix-montseny\/wp-content\/uploads\/usu1288\/2021\/11\/IMG_0223.jpg\" alt=\"\" width=\"435\" height=\"640\" srcset=\"https:\/\/agora.xtec.cat\/ies-baix-montseny\/wp-content\/uploads\/usu1288\/2021\/11\/IMG_0223.jpg 435w, https:\/\/agora.xtec.cat\/ies-baix-montseny\/wp-content\/uploads\/usu1288\/2021\/11\/IMG_0223-204x300.jpg 204w\" sizes=\"auto, (max-width: 435px) 100vw, 435px\" \/><\/a><\/p>\n<p><a href=\"https:\/\/agora.xtec.cat\/ies-baix-montseny\/wp-content\/uploads\/usu1288\/2021\/11\/PHOTO-2021-11-22-16-59-09-1.jpg\"><img loading=\"lazy\" decoding=\"async\" class=\"alignnone size-large wp-image-20372\" src=\"https:\/\/agora.xtec.cat\/ies-baix-montseny\/wp-content\/uploads\/usu1288\/2021\/11\/PHOTO-2021-11-22-16-59-09-1-1024x1024.jpg\" alt=\"\" width=\"1024\" height=\"1024\" srcset=\"https:\/\/agora.xtec.cat\/ies-baix-montseny\/wp-content\/uploads\/usu1288\/2021\/11\/PHOTO-2021-11-22-16-59-09-1-1024x1024.jpg 1024w, https:\/\/agora.xtec.cat\/ies-baix-montseny\/wp-content\/uploads\/usu1288\/2021\/11\/PHOTO-2021-11-22-16-59-09-1-300x300.jpg 300w, https:\/\/agora.xtec.cat\/ies-baix-montseny\/wp-content\/uploads\/usu1288\/2021\/11\/PHOTO-2021-11-22-16-59-09-1-150x150.jpg 150w, https:\/\/agora.xtec.cat\/ies-baix-montseny\/wp-content\/uploads\/usu1288\/2021\/11\/PHOTO-2021-11-22-16-59-09-1-768x768.jpg 768w, https:\/\/agora.xtec.cat\/ies-baix-montseny\/wp-content\/uploads\/usu1288\/2021\/11\/PHOTO-2021-11-22-16-59-09-1.jpg 1280w\" sizes=\"auto, (max-width: 1024px) 100vw, 1024px\" \/><\/a><a href=\"https:\/\/agora.xtec.cat\/ies-baix-montseny\/wp-content\/uploads\/usu1288\/2021\/11\/PHOTO-2021-11-22-16-59-10.jpg\"><img loading=\"lazy\" decoding=\"async\" class=\"alignnone size-large wp-image-20371\" src=\"https:\/\/agora.xtec.cat\/ies-baix-montseny\/wp-content\/uploads\/usu1288\/2021\/11\/PHOTO-2021-11-22-16-59-10-1024x1024.jpg\" alt=\"\" width=\"1024\" height=\"1024\" srcset=\"https:\/\/agora.xtec.cat\/ies-baix-montseny\/wp-content\/uploads\/usu1288\/2021\/11\/PHOTO-2021-11-22-16-59-10-1024x1024.jpg 1024w, https:\/\/agora.xtec.cat\/ies-baix-montseny\/wp-content\/uploads\/usu1288\/2021\/11\/PHOTO-2021-11-22-16-59-10-300x300.jpg 300w, https:\/\/agora.xtec.cat\/ies-baix-montseny\/wp-content\/uploads\/usu1288\/2021\/11\/PHOTO-2021-11-22-16-59-10-150x150.jpg 150w, https:\/\/agora.xtec.cat\/ies-baix-montseny\/wp-content\/uploads\/usu1288\/2021\/11\/PHOTO-2021-11-22-16-59-10-768x768.jpg 768w, https:\/\/agora.xtec.cat\/ies-baix-montseny\/wp-content\/uploads\/usu1288\/2021\/11\/PHOTO-2021-11-22-16-59-10-1536x1536.jpg 1536w, https:\/\/agora.xtec.cat\/ies-baix-montseny\/wp-content\/uploads\/usu1288\/2021\/11\/PHOTO-2021-11-22-16-59-10.jpg 2048w\" sizes=\"auto, (max-width: 1024px) 100vw, 1024px\" \/><\/a><a href=\"https:\/\/agora.xtec.cat\/ies-baix-montseny\/wp-content\/uploads\/usu1288\/2021\/11\/PHOTO-2021-11-22-16-59-09.jpg\"><img loading=\"lazy\" decoding=\"async\" class=\"alignnone size-large wp-image-20373\" src=\"https:\/\/agora.xtec.cat\/ies-baix-montseny\/wp-content\/uploads\/usu1288\/2021\/11\/PHOTO-2021-11-22-16-59-09-1024x1024.jpg\" alt=\"\" width=\"1024\" height=\"1024\" srcset=\"https:\/\/agora.xtec.cat\/ies-baix-montseny\/wp-content\/uploads\/usu1288\/2021\/11\/PHOTO-2021-11-22-16-59-09-1024x1024.jpg 1024w, https:\/\/agora.xtec.cat\/ies-baix-montseny\/wp-content\/uploads\/usu1288\/2021\/11\/PHOTO-2021-11-22-16-59-09-300x300.jpg 300w, https:\/\/agora.xtec.cat\/ies-baix-montseny\/wp-content\/uploads\/usu1288\/2021\/11\/PHOTO-2021-11-22-16-59-09-150x150.jpg 150w, https:\/\/agora.xtec.cat\/ies-baix-montseny\/wp-content\/uploads\/usu1288\/2021\/11\/PHOTO-2021-11-22-16-59-09-768x768.jpg 768w, https:\/\/agora.xtec.cat\/ies-baix-montseny\/wp-content\/uploads\/usu1288\/2021\/11\/PHOTO-2021-11-22-16-59-09.jpg 1280w\" sizes=\"auto, (max-width: 1024px) 100vw, 1024px\" \/><\/a><a href=\"https:\/\/agora.xtec.cat\/ies-baix-montseny\/wp-content\/uploads\/usu1288\/2021\/11\/image1.jpeg\"><img loading=\"lazy\" decoding=\"async\" class=\"alignnone size-large wp-image-20368\" src=\"https:\/\/agora.xtec.cat\/ies-baix-montseny\/wp-content\/uploads\/usu1288\/2021\/11\/image1-1024x768.jpeg\" alt=\"\" width=\"1024\" height=\"768\" srcset=\"https:\/\/agora.xtec.cat\/ies-baix-montseny\/wp-content\/uploads\/usu1288\/2021\/11\/image1-1024x768.jpeg 1024w, https:\/\/agora.xtec.cat\/ies-baix-montseny\/wp-content\/uploads\/usu1288\/2021\/11\/image1-300x225.jpeg 300w, https:\/\/agora.xtec.cat\/ies-baix-montseny\/wp-content\/uploads\/usu1288\/2021\/11\/image1-768x576.jpeg 768w, https:\/\/agora.xtec.cat\/ies-baix-montseny\/wp-content\/uploads\/usu1288\/2021\/11\/image1-1536x1152.jpeg 1536w, https:\/\/agora.xtec.cat\/ies-baix-montseny\/wp-content\/uploads\/usu1288\/2021\/11\/image1-200x150.jpeg 200w, https:\/\/agora.xtec.cat\/ies-baix-montseny\/wp-content\/uploads\/usu1288\/2021\/11\/image1.jpeg 2016w\" sizes=\"auto, (max-width: 1024px) 100vw, 1024px\" \/><\/a> <a href=\"https:\/\/agora.xtec.cat\/ies-baix-montseny\/wp-content\/uploads\/usu1288\/2021\/11\/image0.jpeg\"><img loading=\"lazy\" decoding=\"async\" class=\"alignnone size-large wp-image-20369\" src=\"https:\/\/agora.xtec.cat\/ies-baix-montseny\/wp-content\/uploads\/usu1288\/2021\/11\/image0-1024x768.jpeg\" alt=\"\" width=\"1024\" height=\"768\" srcset=\"https:\/\/agora.xtec.cat\/ies-baix-montseny\/wp-content\/uploads\/usu1288\/2021\/11\/image0-1024x768.jpeg 1024w, https:\/\/agora.xtec.cat\/ies-baix-montseny\/wp-content\/uploads\/usu1288\/2021\/11\/image0-300x225.jpeg 300w, https:\/\/agora.xtec.cat\/ies-baix-montseny\/wp-content\/uploads\/usu1288\/2021\/11\/image0-768x576.jpeg 768w, https:\/\/agora.xtec.cat\/ies-baix-montseny\/wp-content\/uploads\/usu1288\/2021\/11\/image0-1536x1152.jpeg 1536w, https:\/\/agora.xtec.cat\/ies-baix-montseny\/wp-content\/uploads\/usu1288\/2021\/11\/image0-200x150.jpeg 200w, https:\/\/agora.xtec.cat\/ies-baix-montseny\/wp-content\/uploads\/usu1288\/2021\/11\/image0.jpeg 1600w\" sizes=\"auto, (max-width: 1024px) 100vw, 1024px\" \/><\/a> <a href=\"https:\/\/agora.xtec.cat\/ies-baix-montseny\/wp-content\/uploads\/usu1288\/2021\/11\/PHOTO-2021-11-22-16-59-10-1.jpg\"><img loading=\"lazy\" decoding=\"async\" class=\"alignnone size-large wp-image-20370\" src=\"https:\/\/agora.xtec.cat\/ies-baix-montseny\/wp-content\/uploads\/usu1288\/2021\/11\/PHOTO-2021-11-22-16-59-10-1-1024x1024.jpg\" alt=\"\" width=\"1024\" height=\"1024\" srcset=\"https:\/\/agora.xtec.cat\/ies-baix-montseny\/wp-content\/uploads\/usu1288\/2021\/11\/PHOTO-2021-11-22-16-59-10-1-1024x1024.jpg 1024w, https:\/\/agora.xtec.cat\/ies-baix-montseny\/wp-content\/uploads\/usu1288\/2021\/11\/PHOTO-2021-11-22-16-59-10-1-300x300.jpg 300w, https:\/\/agora.xtec.cat\/ies-baix-montseny\/wp-content\/uploads\/usu1288\/2021\/11\/PHOTO-2021-11-22-16-59-10-1-150x150.jpg 150w, https:\/\/agora.xtec.cat\/ies-baix-montseny\/wp-content\/uploads\/usu1288\/2021\/11\/PHOTO-2021-11-22-16-59-10-1-768x768.jpg 768w, https:\/\/agora.xtec.cat\/ies-baix-montseny\/wp-content\/uploads\/usu1288\/2021\/11\/PHOTO-2021-11-22-16-59-10-1.jpg 1280w\" sizes=\"auto, (max-width: 1024px) 100vw, 1024px\" \/><\/a> <a href=\"https:\/\/agora.xtec.cat\/ies-baix-montseny\/wp-content\/uploads\/usu1288\/2021\/11\/PHOTO-2021-11-22-16-59-08.jpg\"><img loading=\"lazy\" decoding=\"async\" class=\"alignnone size-large wp-image-20374\" src=\"https:\/\/agora.xtec.cat\/ies-baix-montseny\/wp-content\/uploads\/usu1288\/2021\/11\/PHOTO-2021-11-22-16-59-08-1024x1024.jpg\" alt=\"\" width=\"1024\" height=\"1024\" srcset=\"https:\/\/agora.xtec.cat\/ies-baix-montseny\/wp-content\/uploads\/usu1288\/2021\/11\/PHOTO-2021-11-22-16-59-08-1024x1024.jpg 1024w, https:\/\/agora.xtec.cat\/ies-baix-montseny\/wp-content\/uploads\/usu1288\/2021\/11\/PHOTO-2021-11-22-16-59-08-300x300.jpg 300w, https:\/\/agora.xtec.cat\/ies-baix-montseny\/wp-content\/uploads\/usu1288\/2021\/11\/PHOTO-2021-11-22-16-59-08-150x150.jpg 150w, https:\/\/agora.xtec.cat\/ies-baix-montseny\/wp-content\/uploads\/usu1288\/2021\/11\/PHOTO-2021-11-22-16-59-08-768x768.jpg 768w, https:\/\/agora.xtec.cat\/ies-baix-montseny\/wp-content\/uploads\/usu1288\/2021\/11\/PHOTO-2021-11-22-16-59-08.jpg 1280w\" sizes=\"auto, (max-width: 1024px) 100vw, 1024px\" \/><\/a><\/p>\n","protected":false},"excerpt":{"rendered":"<p>Tancament a la setmana de la ci\u00e8ncia amb molta participaci\u00f3 dels diferents nivells de l&#8217;Institut Baix Montseny. Aportem el nostre granet de sorra.<br \/>\n<a href=\"https:\/\/agora.xtec.cat\/ies-baix-montseny\/wp-content\/uploads\/usu1288\/2021\/11\/IMG_0223.jpg\"><\/a><br \/>\n<a href=\"https:\/\/agora.xtec.cat\/ies-baix-montseny\/wp-content\/uploads\/usu1288\/2021\/11\/PHOTO-2021-11-22-16-59-09-1.jpg\"><\/a><a href=\"https:\/\/agora.xtec.cat\/ies-baix-montseny\/wp-content\/uploads\/usu1288\/2021\/11\/PHOTO-2021-11-22-16-59-10.jpg\"><\/a><a href=\"https:\/\/agora.xtec.cat\/ies-baix-montseny\/wp-content\/uploads\/usu1288\/2021\/11\/PHOTO-2021-11-22-16-59-09.jpg\"><\/a><a href=\"https:\/\/agora.xtec.cat\/ies-baix-montseny\/wp-content\/uploads\/usu1288\/2021\/11\/image1.jpeg\"><\/a> <a href=\"https:\/\/agora.xtec.cat\/ies-baix-montseny\/wp-content\/uploads\/usu1288\/2021\/11\/image0.jpeg\"><\/a> <a href=\"https:\/\/agora.xtec.cat\/ies-baix-montseny\/wp-content\/uploads\/usu1288\/2021\/11\/PHOTO-2021-11-22-16-59-10-1.jpg\"><\/a> <a href=\"https:\/\/agora.xtec.cat\/ies-baix-montseny\/wp-content\/uploads\/usu1288\/2021\/11\/PHOTO-2021-11-22-16-59-08.jpg\"><\/a><\/p>\n","protected":false},"author":7,"featured_media":20377,"comment_status":"open","ping_status":"closed","sticky":false,"template":"","format":"standard","meta":{"_bbp_topic_count":0,"_bbp_reply_count":0,"_bbp_total_topic_count":0,"_bbp_total_reply_count":0,"_bbp_voice_count":0,"_bbp_anonymous_reply_count":0,"_bbp_topic_count_hidden":0,"_bbp_reply_count_hidden":0,"_bbp_forum_subforum_count":0,"footnotes":""},"categories":[64,8,3,1,29,99,98],"tags":[],"class_list":["post-20367","post","type-post","status-publish","format-standard","has-post-thumbnail","hentry","category-activitats","category-batxillerat","category-eso","category-general","category-portada","category-tallers","category-xerrades"],"post_mailing_queue_ids":[],"_links":{"self":[{"href":"https:\/\/agora.xtec.cat\/ies-baix-montseny\/wp-json\/wp\/v2\/posts\/20367","targetHints":{"allow":["GET"]}}],"collection":[{"href":"https:\/\/agora.xtec.cat\/ies-baix-montseny\/wp-json\/wp\/v2\/posts"}],"about":[{"href":"https:\/\/agora.xtec.cat\/ies-baix-montseny\/wp-json\/wp\/v2\/types\/post"}],"author":[{"embeddable":true,"href":"https:\/\/agora.xtec.cat\/ies-baix-montseny\/wp-json\/wp\/v2\/users\/7"}],"replies":[{"embeddable":true,"href":"https:\/\/agora.xtec.cat\/ies-baix-montseny\/wp-json\/wp\/v2\/comments?post=20367"}],"version-history":[{"count":2,"href":"https:\/\/agora.xtec.cat\/ies-baix-montseny\/wp-json\/wp\/v2\/posts\/20367\/revisions"}],"predecessor-version":[{"id":20378,"href":"https:\/\/agora.xtec.cat\/ies-baix-montseny\/wp-json\/wp\/v2\/posts\/20367\/revisions\/20378"}],"wp:featuredmedia":[{"embeddable":true,"href":"https:\/\/agora.xtec.cat\/ies-baix-montseny\/wp-json\/wp\/v2\/media\/20377"}],"wp:attachment":[{"href":"https:\/\/agora.xtec.cat\/ies-baix-montseny\/wp-json\/wp\/v2\/media?parent=20367"}],"wp:term":[{"taxonomy":"category","embeddable":true,"href":"https:\/\/agora.xtec.cat\/ies-baix-montseny\/wp-json\/wp\/v2\/categories?post=20367"},{"taxonomy":"post_tag","embeddable":true,"href":"https:\/\/agora.xtec.cat\/ies-baix-montseny\/wp-json\/wp\/v2\/tags?post=20367"}],"curies":[{"name":"wp","href":"https:\/\/api.w.org\/{rel}","templated":true}]}}