{"id":20337,"date":"2021-11-16T13:03:20","date_gmt":"2021-11-16T12:03:20","guid":{"rendered":"https:\/\/agora.xtec.cat\/ies-baix-montseny\/?p=20337"},"modified":"2021-11-16T13:03:20","modified_gmt":"2021-11-16T12:03:20","slug":"fotograf-de-stock","status":"publish","type":"post","link":"https:\/\/agora.xtec.cat\/ies-baix-montseny\/general\/fotograf-de-stock\/","title":{"rendered":"FOT\u00d2GRAF DE STOCK"},"content":{"rendered":"<p>Avui ens ha visitat Rafa Fernandez, fot\u00f2graf\u00a0de stock. Ens ha explicat els seus inicis d&#8217;experimentaci\u00f3 i finalment la seva plena dedicaci\u00f3 a la fotografia de stock, explicant-nos el proc\u00e9s de la fotografia, des de la idea, la seva preparaci\u00f3, elaboraci\u00f3 i edici\u00f3 de la imatge. Agra\u00efm la seva visita com &#8220;Artista\u00a0a l&#8217;aula&#8221;.<\/p>\n<p><a href=\"https:\/\/agora.xtec.cat\/ies-baix-montseny\/wp-content\/uploads\/usu1288\/2021\/11\/UntRafa-Fernandezitled.jpg\"><img loading=\"lazy\" decoding=\"async\" class=\"alignnone size-full wp-image-20338\" src=\"https:\/\/agora.xtec.cat\/ies-baix-montseny\/wp-content\/uploads\/usu1288\/2021\/11\/UntRafa-Fernandezitled.jpg\" alt=\"\" width=\"800\" height=\"800\" srcset=\"https:\/\/agora.xtec.cat\/ies-baix-montseny\/wp-content\/uploads\/usu1288\/2021\/11\/UntRafa-Fernandezitled.jpg 800w, https:\/\/agora.xtec.cat\/ies-baix-montseny\/wp-content\/uploads\/usu1288\/2021\/11\/UntRafa-Fernandezitled-300x300.jpg 300w, https:\/\/agora.xtec.cat\/ies-baix-montseny\/wp-content\/uploads\/usu1288\/2021\/11\/UntRafa-Fernandezitled-150x150.jpg 150w, https:\/\/agora.xtec.cat\/ies-baix-montseny\/wp-content\/uploads\/usu1288\/2021\/11\/UntRafa-Fernandezitled-768x768.jpg 768w\" sizes=\"auto, (max-width: 800px) 100vw, 800px\" \/><\/a><\/p>\n","protected":false},"excerpt":{"rendered":"<p>Avui ens ha visitat Rafa Fernandez, fot\u00f2graf\u00a0de stock. Ens ha explicat els seus inicis d&#8217;experimentaci\u00f3 i finalment la seva plena dedicaci\u00f3 a la fotografia de stock, explicant-nos el proc\u00e9s de la fotografia, des de la idea, la seva preparaci\u00f3, elaboraci\u00f3 i edici\u00f3 de la imatge.&hellip;  <a href=\"https:\/\/agora.xtec.cat\/ies-baix-montseny\/general\/fotograf-de-stock\/\" title=\"Read FOT\u00d2GRAF DE STOCK\">Llegeix m\u00e9s\u00bb<\/a><\/p>\n","protected":false},"author":7,"featured_media":20338,"comment_status":"open","ping_status":"closed","sticky":false,"template":"","format":"standard","meta":{"_bbp_topic_count":0,"_bbp_reply_count":0,"_bbp_total_topic_count":0,"_bbp_total_reply_count":0,"_bbp_voice_count":0,"_bbp_anonymous_reply_count":0,"_bbp_topic_count_hidden":0,"_bbp_reply_count_hidden":0,"_bbp_forum_subforum_count":0,"footnotes":""},"categories":[64,8,1,29,99],"tags":[],"class_list":["post-20337","post","type-post","status-publish","format-standard","has-post-thumbnail","hentry","category-activitats","category-batxillerat","category-general","category-portada","category-tallers"],"post_mailing_queue_ids":[],"_links":{"self":[{"href":"https:\/\/agora.xtec.cat\/ies-baix-montseny\/wp-json\/wp\/v2\/posts\/20337","targetHints":{"allow":["GET"]}}],"collection":[{"href":"https:\/\/agora.xtec.cat\/ies-baix-montseny\/wp-json\/wp\/v2\/posts"}],"about":[{"href":"https:\/\/agora.xtec.cat\/ies-baix-montseny\/wp-json\/wp\/v2\/types\/post"}],"author":[{"embeddable":true,"href":"https:\/\/agora.xtec.cat\/ies-baix-montseny\/wp-json\/wp\/v2\/users\/7"}],"replies":[{"embeddable":true,"href":"https:\/\/agora.xtec.cat\/ies-baix-montseny\/wp-json\/wp\/v2\/comments?post=20337"}],"version-history":[{"count":1,"href":"https:\/\/agora.xtec.cat\/ies-baix-montseny\/wp-json\/wp\/v2\/posts\/20337\/revisions"}],"predecessor-version":[{"id":20339,"href":"https:\/\/agora.xtec.cat\/ies-baix-montseny\/wp-json\/wp\/v2\/posts\/20337\/revisions\/20339"}],"wp:featuredmedia":[{"embeddable":true,"href":"https:\/\/agora.xtec.cat\/ies-baix-montseny\/wp-json\/wp\/v2\/media\/20338"}],"wp:attachment":[{"href":"https:\/\/agora.xtec.cat\/ies-baix-montseny\/wp-json\/wp\/v2\/media?parent=20337"}],"wp:term":[{"taxonomy":"category","embeddable":true,"href":"https:\/\/agora.xtec.cat\/ies-baix-montseny\/wp-json\/wp\/v2\/categories?post=20337"},{"taxonomy":"post_tag","embeddable":true,"href":"https:\/\/agora.xtec.cat\/ies-baix-montseny\/wp-json\/wp\/v2\/tags?post=20337"}],"curies":[{"name":"wp","href":"https:\/\/api.w.org\/{rel}","templated":true}]}}