{"id":20320,"date":"2021-11-09T11:50:12","date_gmt":"2021-11-09T10:50:12","guid":{"rendered":"https:\/\/agora.xtec.cat\/ies-baix-montseny\/?p=20320"},"modified":"2021-11-09T11:50:52","modified_gmt":"2021-11-09T10:50:52","slug":"eleccions-consell-escolar","status":"publish","type":"post","link":"https:\/\/agora.xtec.cat\/ies-baix-montseny\/general\/eleccions-consell-escolar\/","title":{"rendered":"ELECCIONS CONSELL ESCOLAR"},"content":{"rendered":"<div class=\"gmail_attr\" dir=\"ltr\"><span style=\"font-size: small; font-weight: bold;\">\u00c8xit educatiu, un objectiu i una responsabilitat de tota la comunitat educativa!<\/span><\/div>\n<div dir=\"ltr\">\n<div>\n<div id=\"m_-4888787103871053384m_-3611271539456652591gmail-m_-2749022816880725004m_-7991368031027368545m_-394799535340396110m_-5007692338076305585m_-1708646052658677576gmail-2ff50a5a-7ff3-11ea-bde1-005056924a59\">\n<div>\n<div>\n<div>\n<div>\n<p>&nbsp;<\/p>\n<p><span style=\"font-size: small; font-weight: bold;\">Com podem participar les fam\u00edlies en les eleccions del consell escolar<\/span><\/p>\n<\/div>\n<\/div>\n<\/div>\n<\/div>\n<div>\n<div>\n<div>\n<p>En les eleccions, les fam\u00edlies hi podeu participar de dues maneres diferents:<\/p>\n<ul>\n<li>Presentant-vos com a candidats o candidates per representar les fam\u00edlies al consell escolar.<\/li>\n<li>Participant el dia que el centre convoqui les eleccions votant les candidatures que considereu m\u00e9s representatives.<\/li>\n<\/ul>\n<\/div>\n<\/div>\n<div><span style=\"font-size: small; font-weight: bold;\">Per qu\u00e8 \u00e9s important que les fam\u00edlies participem en les eleccions al consell escolar?<\/span><\/div>\n<div><\/div>\n<\/div>\n<div>\n<div>\n<div>\n<p>L&#8217;equip de professionals dels centres i les fam\u00edlies compartim un objectiu: l&#8217;\u00e8xit social i personal dels fills i de les filles. Les decisions que es prenen al consell escolar s\u00f3n clau per al funcionament i la millora del centre i, per tant, tamb\u00e9 per a l&#8217;\u00e8xit educatiu de tot l&#8217;alumnat. \u00c9s per aquest motiu que la participaci\u00f3 i implicaci\u00f3 dels pares i mares en les eleccions al consell escolar \u00e9s tan important.<\/p>\n<p>Quan les fam\u00edlies participeu en les eleccions, doneu suport al vostre candidat o candidata i hi delegueu la vostra veu i vot. Aix\u00ed feu arribar les vostres opinions i aportacions. Per tant, \u00e9s important que participeu en les eleccions al consell escolar pels motius seg\u00fcents:<\/p>\n<ul>\n<li>Sou els responsables de la formaci\u00f3 dels vostres fills i filles i \u00e9s important tenir una bona representaci\u00f3 al consell escolar que us informi i faci arribar la vostra veu.<\/li>\n<li>Les fam\u00edlies i els equips de docents compartim un mateix objectiu: l&#8217;\u00e8xit acad\u00e8mic, social i personal dels fills i filles. Per aix\u00f2 hem de ser capa\u00e7os de treballar de manera conjunta i decidir a qu\u00e8 ens comprometem per aconseguir-ho.<\/li>\n<li>Les fam\u00edlies teniu el dret de participar de manera democr\u00e0tica en l&#8217;organitzaci\u00f3 del centre. Aquesta \u00e9s una manera de valorar l&#8217;escola i tamb\u00e9 contribu\u00efu que el vostre fill o filla la valori.<\/li>\n<li>L&#8217;\u00e8xit educatiu del vostre fill o filla tamb\u00e9 dep\u00e8n del funcionament i el clima de centre. Implicar-vos en el seguiment i l&#8217;avaluaci\u00f3 d&#8217;aquest funcionament \u00e9s implicar-vos en el seu desenvolupament i creixement personal.<\/li>\n<li>\u00c9s la manera de fer arribar la vostra veu en temes que us poden preocupar, com activitats extraescolars o\u00a0 l&#8217;alimentaci\u00f3 en el menjador escolar.<\/li>\n<li>\u00c9s important tenir una escola oberta a l&#8217;entorn, que col\u00b7labori amb els altres centres i les diferents entitats i que entre tots pugueu fer del vostre municipi, barri o poble un entorn m\u00e9s educatiu i cohesionat. El consell escolar decideix quines han de ser aquestes relacions.<\/li>\n<\/ul>\n<p><span style=\"font-size: small; font-weight: bold;\">Pas a pas<\/span><\/p>\n<\/div>\n<\/div>\n<\/div>\n<div>\n<div>\n<div>\n<p>Qu\u00e8 hem de fer els pares i mares abans de les votacions:<\/p>\n<ol>\n<li>Consultar el calendari del proc\u00e9s electoral del vostre centre educatiu.<\/li>\n<li>Consultar el cens electoral provisional que publica la direcci\u00f3 del centre.<\/li>\n<li>Presentar les reclamacions al cens en cas que no hi consteu.<\/li>\n<li>Consultar la persona que representa l&#8217;AMPA al consell escolar.<\/li>\n<li>Presentar la vostra candidatura a formar part del consell escolar.<\/li>\n<li>Con\u00e8ixer si us han nomenat membres de la mesa electoral.<\/li>\n<li>Consultar el cens definitiu.<\/li>\n<li>Consultar les candidatures que s&#8217;han presentat.<\/li>\n<li>VOTAR<\/li>\n<\/ol>\n<div>A continuaci\u00f3 us deixem els documents<\/div>\n<div><\/div>\n<\/div>\n<\/div>\n<\/div>\n<\/div>\n<\/div>\n<div>\n<div>&#8211; calendari eleccions Consell Escolar 2021<\/div>\n<div><\/div>\n<div><a href=\"https:\/\/agora.xtec.cat\/ies-baix-montseny\/wp-content\/uploads\/usu1288\/2021\/11\/CALENDARI-RENOVACIO-CONSELL-ESCOLAR-CURS-2021.pdf\">CALENDARI RENOVACI\u00d3 CONSELL ESCOLAR CURS 2021<\/a><\/div>\n<div><\/div>\n<div>&#8211; Document per presentar la candidatura<\/div>\n<div><\/div>\n<div><a href=\"https:\/\/agora.xtec.cat\/ies-baix-montseny\/wp-content\/uploads\/usu1288\/2021\/11\/7.-Candidatura.pdf\">7. Candidatura<\/a><\/div>\n<div><\/div>\n<div>&#8211; informaci\u00f3 sobre el Consell Escolar<\/div>\n<div><\/div>\n<div><a href=\"https:\/\/agora.xtec.cat\/ies-baix-montseny\/wp-content\/uploads\/usu1288\/2021\/11\/informacio-families.pdf\">informacio-families<\/a><\/div>\n<div><\/div>\n<div>&#8211; recomanacions d&#8217;actuaci\u00f3 pel proc\u00e9s electoral amb motiu de la covid-19<\/div>\n<div><\/div>\n<\/div>\n<\/div>\n<div><a href=\"https:\/\/agora.xtec.cat\/ies-baix-montseny\/wp-content\/uploads\/usu1288\/2021\/11\/recomanacions-eleccions-consells-escolars-covid-2021-2022.pdf\">recomanacions-eleccions-consells-escolars-covid-2021-2022<\/a><\/div>\n<div dir=\"ltr\">\n<div>\n<div><\/div>\n<div><\/div>\n<\/div>\n<\/div>\n<p>&nbsp;<\/p>\n<p>&nbsp;<\/p>\n<p>&nbsp;<\/p>\n","protected":false},"excerpt":{"rendered":"<p>\u00c8xit educatiu, un objectiu i una responsabilitat de tota la comunitat educativa!<\/p>\n<p>&nbsp;<br \/>\nCom podem participar les fam\u00edlies en les eleccions del consell escolar<\/p>\n<p>En les eleccions, les fam\u00edlies hi podeu participar de dues maneres diferents:<\/p>\n<ul>\n<li>Presentant-vos com a candidats o candidates per representar les fam\u00edlies al consell escolar.<\/li>\n<li>Participant&hellip;  <a href=\"https:\/\/agora.xtec.cat\/ies-baix-montseny\/general\/eleccions-consell-escolar\/\" title=\"Read ELECCIONS CONSELL ESCOLAR\">Llegeix m\u00e9s\u00bb<\/a><br \/>\n","protected":false},"author":7,"featured_media":0,"comment_status":"open","ping_status":"closed","sticky":false,"template":"","format":"standard","meta":{"_bbp_topic_count":0,"_bbp_reply_count":0,"_bbp_total_topic_count":0,"_bbp_total_reply_count":0,"_bbp_voice_count":0,"_bbp_anonymous_reply_count":0,"_bbp_topic_count_hidden":0,"_bbp_reply_count_hidden":0,"_bbp_forum_subforum_count":0,"footnotes":""},"categories":[118,1,29],"tags":[],"class_list":["post-20320","post","type-post","status-publish","format-standard","hentry","category-families","category-general","category-portada"],"post_mailing_queue_ids":[],"_links":{"self":[{"href":"https:\/\/agora.xtec.cat\/ies-baix-montseny\/wp-json\/wp\/v2\/posts\/20320","targetHints":{"allow":["GET"]}}],"collection":[{"href":"https:\/\/agora.xtec.cat\/ies-baix-montseny\/wp-json\/wp\/v2\/posts"}],"about":[{"href":"https:\/\/agora.xtec.cat\/ies-baix-montseny\/wp-json\/wp\/v2\/types\/post"}],"author":[{"embeddable":true,"href":"https:\/\/agora.xtec.cat\/ies-baix-montseny\/wp-json\/wp\/v2\/users\/7"}],"replies":[{"embeddable":true,"href":"https:\/\/agora.xtec.cat\/ies-baix-montseny\/wp-json\/wp\/v2\/comments?post=20320"}],"version-history":[{"count":2,"href":"https:\/\/agora.xtec.cat\/ies-baix-montseny\/wp-json\/wp\/v2\/posts\/20320\/revisions"}],"predecessor-version":[{"id":20326,"href":"https:\/\/agora.xtec.cat\/ies-baix-montseny\/wp-json\/wp\/v2\/posts\/20320\/revisions\/20326"}],"wp:attachment":[{"href":"https:\/\/agora.xtec.cat\/ies-baix-montseny\/wp-json\/wp\/v2\/media?parent=20320"}],"wp:term":[{"taxonomy":"category","embeddable":true,"href":"https:\/\/agora.xtec.cat\/ies-baix-montseny\/wp-json\/wp\/v2\/categories?post=20320"},{"taxonomy":"post_tag","embeddable":true,"href":"https:\/\/agora.xtec.cat\/ies-baix-montseny\/wp-json\/wp\/v2\/tags?post=20320"}],"curies":[{"name":"wp","href":"https:\/\/api.w.org\/{rel}","templated":true}]}}