{"id":20313,"date":"2021-11-04T15:43:22","date_gmt":"2021-11-04T14:43:22","guid":{"rendered":"https:\/\/agora.xtec.cat\/ies-baix-montseny\/?p=20313"},"modified":"2021-11-04T15:43:22","modified_gmt":"2021-11-04T14:43:22","slug":"seguim-artistes-a-laula","status":"publish","type":"post","link":"https:\/\/agora.xtec.cat\/ies-baix-montseny\/general\/seguim-artistes-a-laula\/","title":{"rendered":"Seguim&#8230; ARTISTES A L&#8217;AULA!"},"content":{"rendered":"<p><a href=\"https:\/\/agora.xtec.cat\/ies-baix-montseny\/wp-content\/uploads\/usu1288\/2021\/11\/1635957161515.jpg\"><img loading=\"lazy\" decoding=\"async\" class=\"alignnone size-full wp-image-20314\" src=\"https:\/\/agora.xtec.cat\/ies-baix-montseny\/wp-content\/uploads\/usu1288\/2021\/11\/1635957161515.jpg\" alt=\"\" width=\"480\" height=\"640\" srcset=\"https:\/\/agora.xtec.cat\/ies-baix-montseny\/wp-content\/uploads\/usu1288\/2021\/11\/1635957161515.jpg 480w, https:\/\/agora.xtec.cat\/ies-baix-montseny\/wp-content\/uploads\/usu1288\/2021\/11\/1635957161515-225x300.jpg 225w\" sizes=\"auto, (max-width: 480px) 100vw, 480px\" \/><\/a><\/p>\n<p>Ahir v\u00e0rem tenir un nou convidat a \u201cArtistes a l\u2019aula\u201d. En Joan Auni\u00f3n, ens va poder explicar la seva experi\u00e8ncia en el m\u00f3n creatiu. Tot passant dels seus inicis com a estudiant de batxillerat art\u00edstic fins a l\u2019actualitat, v\u00e0rem poder veure els seus treballs multidisciplinars: disseny de logotips per empreses i entitats, disseny t\u00e8xtil per marques conegudes i per marca pr\u00f2pia, maquetaci\u00f3 de grups musicals, dissenys del seu estudi de tatuatge&#8230;<\/p>\n<p>Un pou sense fons de creativitat, molt agra\u00efts per la seva dedicaci\u00f3!<\/p>\n<p>#vaigalbaix #batart #institutbaixmontseny #imaginaci\u00f3alpoder #creativitat #dedicaci\u00f3 @walk_the_line_tattoo @decontrol_clothing @joancinder @<\/p>\n<p>&nbsp;<\/p>\n","protected":false},"excerpt":{"rendered":"<p><a href=\"https:\/\/agora.xtec.cat\/ies-baix-montseny\/wp-content\/uploads\/usu1288\/2021\/11\/1635957161515.jpg\"><\/a><br \/>\nAhir v\u00e0rem tenir un nou convidat a \u201cArtistes a l\u2019aula\u201d. En Joan Auni\u00f3n, ens va poder explicar la seva experi\u00e8ncia en el m\u00f3n creatiu. Tot passant dels seus inicis com a estudiant de batxillerat art\u00edstic fins a l\u2019actualitat, v\u00e0rem poder veure els seus treballs&hellip;  <a href=\"https:\/\/agora.xtec.cat\/ies-baix-montseny\/general\/seguim-artistes-a-laula\/\" title=\"Read Seguim&#8230; ARTISTES A L&#8217;AULA!\">Llegeix m\u00e9s\u00bb<\/a><\/p>\n","protected":false},"author":7,"featured_media":20314,"comment_status":"open","ping_status":"closed","sticky":false,"template":"","format":"standard","meta":{"_bbp_topic_count":0,"_bbp_reply_count":0,"_bbp_total_topic_count":0,"_bbp_total_reply_count":0,"_bbp_voice_count":0,"_bbp_anonymous_reply_count":0,"_bbp_topic_count_hidden":0,"_bbp_reply_count_hidden":0,"_bbp_forum_subforum_count":0,"footnotes":""},"categories":[64,8,1,29,99,98],"tags":[],"class_list":["post-20313","post","type-post","status-publish","format-standard","has-post-thumbnail","hentry","category-activitats","category-batxillerat","category-general","category-portada","category-tallers","category-xerrades"],"post_mailing_queue_ids":[],"_links":{"self":[{"href":"https:\/\/agora.xtec.cat\/ies-baix-montseny\/wp-json\/wp\/v2\/posts\/20313","targetHints":{"allow":["GET"]}}],"collection":[{"href":"https:\/\/agora.xtec.cat\/ies-baix-montseny\/wp-json\/wp\/v2\/posts"}],"about":[{"href":"https:\/\/agora.xtec.cat\/ies-baix-montseny\/wp-json\/wp\/v2\/types\/post"}],"author":[{"embeddable":true,"href":"https:\/\/agora.xtec.cat\/ies-baix-montseny\/wp-json\/wp\/v2\/users\/7"}],"replies":[{"embeddable":true,"href":"https:\/\/agora.xtec.cat\/ies-baix-montseny\/wp-json\/wp\/v2\/comments?post=20313"}],"version-history":[{"count":1,"href":"https:\/\/agora.xtec.cat\/ies-baix-montseny\/wp-json\/wp\/v2\/posts\/20313\/revisions"}],"predecessor-version":[{"id":20315,"href":"https:\/\/agora.xtec.cat\/ies-baix-montseny\/wp-json\/wp\/v2\/posts\/20313\/revisions\/20315"}],"wp:featuredmedia":[{"embeddable":true,"href":"https:\/\/agora.xtec.cat\/ies-baix-montseny\/wp-json\/wp\/v2\/media\/20314"}],"wp:attachment":[{"href":"https:\/\/agora.xtec.cat\/ies-baix-montseny\/wp-json\/wp\/v2\/media?parent=20313"}],"wp:term":[{"taxonomy":"category","embeddable":true,"href":"https:\/\/agora.xtec.cat\/ies-baix-montseny\/wp-json\/wp\/v2\/categories?post=20313"},{"taxonomy":"post_tag","embeddable":true,"href":"https:\/\/agora.xtec.cat\/ies-baix-montseny\/wp-json\/wp\/v2\/tags?post=20313"}],"curies":[{"name":"wp","href":"https:\/\/api.w.org\/{rel}","templated":true}]}}