{"id":2030,"date":"2019-03-09T08:53:48","date_gmt":"2019-03-09T07:53:48","guid":{"rendered":"http:\/\/agora.xtec.cat\/ies-baix-montseny\/?p=2030"},"modified":"2019-03-09T08:53:48","modified_gmt":"2019-03-09T07:53:48","slug":"manifest-del-8-m","status":"publish","type":"post","link":"https:\/\/agora.xtec.cat\/ies-baix-montseny\/portada\/manifest-del-8-m\/","title":{"rendered":"Manifest del 8 M"},"content":{"rendered":"<p><b>Dins la mat\u00e8ria de Cultura i Valors, els i les alumnes de 2n volem manifestar:<\/b><\/p>\n<p>&nbsp;<\/p>\n<p><span style=\"font-weight: 400;\">Com cada 8 de mar\u00e7, milions de dones de tot el m\u00f3n protagonitzem una vaga feminista per a fer visibles les nostres demandes, les nostres reivindicacions, els nostres treballs i els nostres cossos. Per tant hem decidit fer-nos escoltar denunciant des de aqu\u00ed el seg\u00fcent:<\/span><\/p>\n<p>&nbsp;<\/p>\n<ul>\n<li style=\"font-weight: 400;\"><span style=\"font-weight: 400;\">La bretxa salarial, \u00e9s a dir, les difer\u00e8ncies de sou entre homes i dones per a oferir un mateix servei.<\/span><\/li>\n<\/ul>\n<p>&nbsp;<\/p>\n<ul>\n<li style=\"font-weight: 400;\"><span style=\"font-weight: 400;\">El despreci amb comentaris, com, les dones nom\u00e9s serveixen per fregar els plats, dona hab\u00eda de ser; Ui de quin mal humor est\u00e0 avui,segur que t\u00e9 la regla&#8230;<\/span><\/li>\n<\/ul>\n<p>&nbsp;<\/p>\n<ul>\n<li style=\"font-weight: 400;\"><span style=\"font-weight: 400;\">La falta d\u2019oportunitats, ja que, \u00e9s molt m\u00e9s f\u00e0cil que contractin a homes perqu\u00e8 saben que les dones s\u2019agafaran dies lliures per cuidar de les seves filles o fills si en tenen.<\/span><\/li>\n<\/ul>\n<p>&nbsp;<\/p>\n<ul>\n<li style=\"font-weight: 400;\"><span style=\"font-weight: 400;\">Que tractin a les dones com a objectes sexuals o les sexualitzin en videoclips o anuncis.<\/span><\/li>\n<\/ul>\n<p>&nbsp;<\/p>\n<ul>\n<li style=\"font-weight: 400;\"><span style=\"font-weight: 400;\">Les dones i noies han de poder sortir al carrer sense por, sense que les repassin de dalt a baix, sense que les jutgin per com es comporten o per com van vestides.<\/span><\/li>\n<\/ul>\n<p>&nbsp;<\/p>\n<ul>\n<li style=\"font-weight: 400;\"><span style=\"font-weight: 400;\">La baixa potenciaci\u00f3 de dones pol\u00edtiques, esportives i cient\u00edfiques ja que la major\u00eda s\u00f3n homes, o aix\u00f2 \u00e9s el que ensenyen a els centres educatius.<\/span><\/li>\n<\/ul>\n<p>&nbsp;<\/p>\n<ul>\n<li style=\"font-weight: 400;\"><b>NO<\/b><span style=\"font-weight: 400;\"> \u00e9s <\/span><b>NO<\/b><span style=\"font-weight: 400;\">, la manera de vestir d\u2019una persona no significa s\u00ed, nom\u00e9s un <\/span><b>S\u00ed<\/b><span style=\"font-weight: 400;\"> \u00e9s <\/span><b>S\u00ed<\/b><span style=\"font-weight: 400;\">.<\/span><\/li>\n<\/ul>\n<p>&nbsp;<\/p>\n<ul>\n<li style=\"font-weight: 400;\"><span style=\"font-weight: 400;\">Les preguntes sexistes a famoses com, quants fills vols tenir? Quan et casar\u00e0s? Mentres que a els homes no els hi diuen res d\u2019aix\u00f2.<\/span><\/li>\n<\/ul>\n<p>&nbsp;<\/p>\n<p><i><span style=\"font-weight: 400;\">NO PARAREM LA LLUITA FEMINISTA FINS ACONSEGUIR LA IGUALTAT! PERQU\u00c8 SI TOQUEN A UNA, ENS TOQUEN A TOTES!<\/span><\/i><\/p>\n<p><a href=\"https:\/\/agora.xtec.cat\/ies-baix-montseny\/wp-content\/uploads\/usu1288\/2019\/03\/8m.jpg\"><img loading=\"lazy\" decoding=\"async\" class=\"alignnone size-medium wp-image-2032\" src=\"https:\/\/agora.xtec.cat\/ies-baix-montseny\/wp-content\/uploads\/usu1288\/2019\/03\/8m-300x141.jpg\" alt=\"\" width=\"300\" height=\"141\" srcset=\"https:\/\/agora.xtec.cat\/ies-baix-montseny\/wp-content\/uploads\/usu1288\/2019\/03\/8m-300x141.jpg 300w, https:\/\/agora.xtec.cat\/ies-baix-montseny\/wp-content\/uploads\/usu1288\/2019\/03\/8m-768x360.jpg 768w, https:\/\/agora.xtec.cat\/ies-baix-montseny\/wp-content\/uploads\/usu1288\/2019\/03\/8m.jpg 800w\" sizes=\"auto, (max-width: 300px) 100vw, 300px\" \/><\/a><\/p>\n","protected":false},"excerpt":{"rendered":"<p>Dins la mat\u00e8ria de Cultura i Valors, els i les alumnes de 2n volem manifestar:<br \/>\n&nbsp;<br \/>\nCom cada 8 de mar\u00e7, milions de dones de tot el m\u00f3n protagonitzem una vaga feminista per a fer visibles les nostres demandes, les nostres reivindicacions, els nostres treballs i els&hellip;  <a href=\"https:\/\/agora.xtec.cat\/ies-baix-montseny\/portada\/manifest-del-8-m\/\" title=\"Read Manifest del 8 M\">Llegeix m\u00e9s\u00bb<\/a><\/p>\n","protected":false},"author":9,"featured_media":2032,"comment_status":"open","ping_status":"closed","sticky":false,"template":"","format":"standard","meta":{"_bbp_topic_count":0,"_bbp_reply_count":0,"_bbp_total_topic_count":0,"_bbp_total_reply_count":0,"_bbp_voice_count":0,"_bbp_anonymous_reply_count":0,"_bbp_topic_count_hidden":0,"_bbp_reply_count_hidden":0,"_bbp_forum_subforum_count":0,"footnotes":""},"categories":[29],"tags":[],"class_list":["post-2030","post","type-post","status-publish","format-standard","has-post-thumbnail","hentry","category-portada"],"post_mailing_queue_ids":[],"_links":{"self":[{"href":"https:\/\/agora.xtec.cat\/ies-baix-montseny\/wp-json\/wp\/v2\/posts\/2030","targetHints":{"allow":["GET"]}}],"collection":[{"href":"https:\/\/agora.xtec.cat\/ies-baix-montseny\/wp-json\/wp\/v2\/posts"}],"about":[{"href":"https:\/\/agora.xtec.cat\/ies-baix-montseny\/wp-json\/wp\/v2\/types\/post"}],"author":[{"embeddable":true,"href":"https:\/\/agora.xtec.cat\/ies-baix-montseny\/wp-json\/wp\/v2\/users\/9"}],"replies":[{"embeddable":true,"href":"https:\/\/agora.xtec.cat\/ies-baix-montseny\/wp-json\/wp\/v2\/comments?post=2030"}],"version-history":[{"count":1,"href":"https:\/\/agora.xtec.cat\/ies-baix-montseny\/wp-json\/wp\/v2\/posts\/2030\/revisions"}],"predecessor-version":[{"id":2033,"href":"https:\/\/agora.xtec.cat\/ies-baix-montseny\/wp-json\/wp\/v2\/posts\/2030\/revisions\/2033"}],"wp:featuredmedia":[{"embeddable":true,"href":"https:\/\/agora.xtec.cat\/ies-baix-montseny\/wp-json\/wp\/v2\/media\/2032"}],"wp:attachment":[{"href":"https:\/\/agora.xtec.cat\/ies-baix-montseny\/wp-json\/wp\/v2\/media?parent=2030"}],"wp:term":[{"taxonomy":"category","embeddable":true,"href":"https:\/\/agora.xtec.cat\/ies-baix-montseny\/wp-json\/wp\/v2\/categories?post=2030"},{"taxonomy":"post_tag","embeddable":true,"href":"https:\/\/agora.xtec.cat\/ies-baix-montseny\/wp-json\/wp\/v2\/tags?post=2030"}],"curies":[{"name":"wp","href":"https:\/\/api.w.org\/{rel}","templated":true}]}}