{"id":20266,"date":"2021-10-15T08:45:31","date_gmt":"2021-10-15T06:45:31","guid":{"rendered":"https:\/\/agora.xtec.cat\/ies-baix-montseny\/?p=20266"},"modified":"2021-10-15T08:45:35","modified_gmt":"2021-10-15T06:45:35","slug":"escola-dart-de-vic","status":"publish","type":"post","link":"https:\/\/agora.xtec.cat\/ies-baix-montseny\/general\/escola-dart-de-vic\/","title":{"rendered":"ESCOLA D&#8217;ART DE VIC"},"content":{"rendered":"<p><a href=\"https:\/\/agora.xtec.cat\/ies-baix-montseny\/wp-content\/uploads\/usu1288\/2021\/10\/IMG_20211014_220213.jpg\"><img loading=\"lazy\" decoding=\"async\" class=\"alignnone size-full wp-image-20267\" src=\"https:\/\/agora.xtec.cat\/ies-baix-montseny\/wp-content\/uploads\/usu1288\/2021\/10\/IMG_20211014_220213.jpg\" alt=\"\" width=\"480\" height=\"640\" srcset=\"https:\/\/agora.xtec.cat\/ies-baix-montseny\/wp-content\/uploads\/usu1288\/2021\/10\/IMG_20211014_220213.jpg 480w, https:\/\/agora.xtec.cat\/ies-baix-montseny\/wp-content\/uploads\/usu1288\/2021\/10\/IMG_20211014_220213-225x300.jpg 225w\" sizes=\"auto, (max-width: 480px) 100vw, 480px\" \/><\/a><\/p>\n<p>Aquest dijous una part de l&#8217;equip de batxillerat art\u00edstic hem tingut l&#8217;oportunitat de poder fer una visita a una Escola d&#8217;Art de gran traject\u00f2ria.<\/p>\n<div dir=\"auto\">Molt agra\u00efts de poder con\u00e8ixer de primera m\u00e0 el funcionament de l&#8217;Escola d&#8217;Arts de Vic. Ens emportem moltes idees i moltes ganes de poder fer cr\u00e8ixer iniciatives art\u00edstiques a l&#8217;Institut.<\/div>\n<div dir=\"auto\">Entre tots posem valor a la creativitat!<\/div>\n","protected":false},"excerpt":{"rendered":"<p><a href=\"https:\/\/agora.xtec.cat\/ies-baix-montseny\/wp-content\/uploads\/usu1288\/2021\/10\/IMG_20211014_220213.jpg\"><\/a><br \/>\nAquest dijous una part de l&#8217;equip de batxillerat art\u00edstic hem tingut l&#8217;oportunitat de poder fer una visita a una Escola d&#8217;Art de gran traject\u00f2ria.<br \/>\nMolt agra\u00efts de poder con\u00e8ixer de primera m\u00e0 el funcionament de l&#8217;Escola d&#8217;Arts de Vic. Ens emportem moltes idees i moltes&hellip;  <a href=\"https:\/\/agora.xtec.cat\/ies-baix-montseny\/general\/escola-dart-de-vic\/\" title=\"Read ESCOLA D&#8217;ART DE VIC\">Llegeix m\u00e9s\u00bb<\/a><\/p>\n","protected":false},"author":7,"featured_media":20267,"comment_status":"open","ping_status":"closed","sticky":false,"template":"","format":"standard","meta":{"_bbp_topic_count":0,"_bbp_reply_count":0,"_bbp_total_topic_count":0,"_bbp_total_reply_count":0,"_bbp_voice_count":0,"_bbp_anonymous_reply_count":0,"_bbp_topic_count_hidden":0,"_bbp_reply_count_hidden":0,"_bbp_forum_subforum_count":0,"footnotes":""},"categories":[8,1,29,98],"tags":[],"class_list":["post-20266","post","type-post","status-publish","format-standard","has-post-thumbnail","hentry","category-batxillerat","category-general","category-portada","category-xerrades"],"post_mailing_queue_ids":[],"_links":{"self":[{"href":"https:\/\/agora.xtec.cat\/ies-baix-montseny\/wp-json\/wp\/v2\/posts\/20266","targetHints":{"allow":["GET"]}}],"collection":[{"href":"https:\/\/agora.xtec.cat\/ies-baix-montseny\/wp-json\/wp\/v2\/posts"}],"about":[{"href":"https:\/\/agora.xtec.cat\/ies-baix-montseny\/wp-json\/wp\/v2\/types\/post"}],"author":[{"embeddable":true,"href":"https:\/\/agora.xtec.cat\/ies-baix-montseny\/wp-json\/wp\/v2\/users\/7"}],"replies":[{"embeddable":true,"href":"https:\/\/agora.xtec.cat\/ies-baix-montseny\/wp-json\/wp\/v2\/comments?post=20266"}],"version-history":[{"count":1,"href":"https:\/\/agora.xtec.cat\/ies-baix-montseny\/wp-json\/wp\/v2\/posts\/20266\/revisions"}],"predecessor-version":[{"id":20268,"href":"https:\/\/agora.xtec.cat\/ies-baix-montseny\/wp-json\/wp\/v2\/posts\/20266\/revisions\/20268"}],"wp:featuredmedia":[{"embeddable":true,"href":"https:\/\/agora.xtec.cat\/ies-baix-montseny\/wp-json\/wp\/v2\/media\/20267"}],"wp:attachment":[{"href":"https:\/\/agora.xtec.cat\/ies-baix-montseny\/wp-json\/wp\/v2\/media?parent=20266"}],"wp:term":[{"taxonomy":"category","embeddable":true,"href":"https:\/\/agora.xtec.cat\/ies-baix-montseny\/wp-json\/wp\/v2\/categories?post=20266"},{"taxonomy":"post_tag","embeddable":true,"href":"https:\/\/agora.xtec.cat\/ies-baix-montseny\/wp-json\/wp\/v2\/tags?post=20266"}],"curies":[{"name":"wp","href":"https:\/\/api.w.org\/{rel}","templated":true}]}}