{"id":2024,"date":"2019-03-08T09:39:43","date_gmt":"2019-03-08T08:39:43","guid":{"rendered":"http:\/\/agora.xtec.cat\/ies-baix-montseny\/?p=2024"},"modified":"2019-03-08T09:41:21","modified_gmt":"2019-03-08T08:41:21","slug":"8m-dia-de-la-dona","status":"publish","type":"post","link":"https:\/\/agora.xtec.cat\/ies-baix-montseny\/portada\/8m-dia-de-la-dona\/","title":{"rendered":"8M, DIA DE LA DONA"},"content":{"rendered":"<p>Treballant l&#8217;expressi\u00f3 corporal a E.F. a 1r de BAT:<\/p>\n<p><a href=\"https:\/\/agora.xtec.cat\/ies-baix-montseny\/wp-content\/uploads\/usu1288\/2019\/03\/Grup-E_N\u00faria-Recio-Alexandra-Carla-Burgos-Sara-Dom\u00ednguez-Mireia-Angles-Ona-Gurri-Maria-Mor\u00f3n-J\u00falia-Auladell..jpg\"><img loading=\"lazy\" decoding=\"async\" class=\"alignnone size-medium wp-image-2025\" src=\"https:\/\/agora.xtec.cat\/ies-baix-montseny\/wp-content\/uploads\/usu1288\/2019\/03\/Grup-E_N\u00faria-Recio-Alexandra-Carla-Burgos-Sara-Dom\u00ednguez-Mireia-Angles-Ona-Gurri-Maria-Mor\u00f3n-J\u00falia-Auladell.-214x300.jpg\" alt=\"\" width=\"214\" height=\"300\" srcset=\"https:\/\/agora.xtec.cat\/ies-baix-montseny\/wp-content\/uploads\/usu1288\/2019\/03\/Grup-E_N\u00faria-Recio-Alexandra-Carla-Burgos-Sara-Dom\u00ednguez-Mireia-Angles-Ona-Gurri-Maria-Mor\u00f3n-J\u00falia-Auladell.-214x300.jpg 214w, https:\/\/agora.xtec.cat\/ies-baix-montseny\/wp-content\/uploads\/usu1288\/2019\/03\/Grup-E_N\u00faria-Recio-Alexandra-Carla-Burgos-Sara-Dom\u00ednguez-Mireia-Angles-Ona-Gurri-Maria-Mor\u00f3n-J\u00falia-Auladell..jpg 480w\" sizes=\"auto, (max-width: 214px) 100vw, 214px\" \/><\/a><\/p>\n","protected":false},"excerpt":{"rendered":"<p>Treballant l&#8217;expressi\u00f3 corporal a E.F. a 1r de BAT&hellip;  <a href=\"https:\/\/agora.xtec.cat\/ies-baix-montseny\/portada\/8m-dia-de-la-dona\/\" title=\"Read 8M, DIA DE LA DONA\">Llegeix m\u00e9s\u00bb<\/a><\/p>\n","protected":false},"author":9,"featured_media":2025,"comment_status":"open","ping_status":"closed","sticky":false,"template":"","format":"standard","meta":{"_bbp_topic_count":0,"_bbp_reply_count":0,"_bbp_total_topic_count":0,"_bbp_total_reply_count":0,"_bbp_voice_count":0,"_bbp_anonymous_reply_count":0,"_bbp_topic_count_hidden":0,"_bbp_reply_count_hidden":0,"_bbp_forum_subforum_count":0,"footnotes":""},"categories":[29],"tags":[],"class_list":["post-2024","post","type-post","status-publish","format-standard","has-post-thumbnail","hentry","category-portada"],"post_mailing_queue_ids":[],"_links":{"self":[{"href":"https:\/\/agora.xtec.cat\/ies-baix-montseny\/wp-json\/wp\/v2\/posts\/2024","targetHints":{"allow":["GET"]}}],"collection":[{"href":"https:\/\/agora.xtec.cat\/ies-baix-montseny\/wp-json\/wp\/v2\/posts"}],"about":[{"href":"https:\/\/agora.xtec.cat\/ies-baix-montseny\/wp-json\/wp\/v2\/types\/post"}],"author":[{"embeddable":true,"href":"https:\/\/agora.xtec.cat\/ies-baix-montseny\/wp-json\/wp\/v2\/users\/9"}],"replies":[{"embeddable":true,"href":"https:\/\/agora.xtec.cat\/ies-baix-montseny\/wp-json\/wp\/v2\/comments?post=2024"}],"version-history":[{"count":4,"href":"https:\/\/agora.xtec.cat\/ies-baix-montseny\/wp-json\/wp\/v2\/posts\/2024\/revisions"}],"predecessor-version":[{"id":2029,"href":"https:\/\/agora.xtec.cat\/ies-baix-montseny\/wp-json\/wp\/v2\/posts\/2024\/revisions\/2029"}],"wp:featuredmedia":[{"embeddable":true,"href":"https:\/\/agora.xtec.cat\/ies-baix-montseny\/wp-json\/wp\/v2\/media\/2025"}],"wp:attachment":[{"href":"https:\/\/agora.xtec.cat\/ies-baix-montseny\/wp-json\/wp\/v2\/media?parent=2024"}],"wp:term":[{"taxonomy":"category","embeddable":true,"href":"https:\/\/agora.xtec.cat\/ies-baix-montseny\/wp-json\/wp\/v2\/categories?post=2024"},{"taxonomy":"post_tag","embeddable":true,"href":"https:\/\/agora.xtec.cat\/ies-baix-montseny\/wp-json\/wp\/v2\/tags?post=2024"}],"curies":[{"name":"wp","href":"https:\/\/api.w.org\/{rel}","templated":true}]}}