{"id":20229,"date":"2021-09-10T09:00:30","date_gmt":"2021-09-10T07:00:30","guid":{"rendered":"https:\/\/agora.xtec.cat\/ies-baix-montseny\/?p=20229"},"modified":"2021-09-10T09:00:30","modified_gmt":"2021-09-10T07:00:30","slug":"certificats-dangles-nivell-intermedi-b1-i-b2","status":"publish","type":"post","link":"https:\/\/agora.xtec.cat\/ies-baix-montseny\/general\/certificats-dangles-nivell-intermedi-b1-i-b2\/","title":{"rendered":"CERTIFICATS D&#8217;ANGL\u00c8S NIVELL INTERMEDI B1 I B2"},"content":{"rendered":"<div>Aquest curs curs tindrem un auxiliar d&#8217;angl\u00e8s, que estar\u00e0 a 1r d&#8217;ESO per\u00f2 tamb\u00e9 far\u00e0 la preparaci\u00f3 pels ex\u00e0mens oficials de B1 i B2. La intenci\u00f3 \u00e9s fer un grup de B1 i un altre de B2 amb alumnes de 3r, 4t, 1r BAT i 2n BAT. La setmana que ve el Departament d&#8217;angl\u00e8s concretar\u00e0 els horaris per\u00f2 la proposta inicial \u00e9s que sigui dues tardes de 15.30 a 17.30.<\/div>\n<div><\/div>\n<div>La primera setmana del curs el professorat d&#8217;angl\u00e8s explicar\u00e0 l&#8217;oferta a totes les classes i confeccionaran una llista d&#8217;interessats, que llavors hauran de fer una prova de nivell, la segona setmana a la tarda.<\/div>\n<div><\/div>\n<div>Aquest ser\u00e0 un recurs subvencionat.<\/div>\n<div><\/div>\n<div><a href=\"https:\/\/agora.xtec.cat\/ies-baix-montseny\/wp-content\/uploads\/usu1288\/2021\/09\/INFOGRAFIA-PREPARACIO-B1-i-B2-2-scaled.jpg\"><img loading=\"lazy\" decoding=\"async\" class=\"alignnone size-large wp-image-20230\" src=\"https:\/\/agora.xtec.cat\/ies-baix-montseny\/wp-content\/uploads\/usu1288\/2021\/09\/INFOGRAFIA-PREPARACIO-B1-i-B2-2-411x1024.jpg\" alt=\"\" width=\"411\" height=\"1024\" srcset=\"https:\/\/agora.xtec.cat\/ies-baix-montseny\/wp-content\/uploads\/usu1288\/2021\/09\/INFOGRAFIA-PREPARACIO-B1-i-B2-2-411x1024.jpg 411w, https:\/\/agora.xtec.cat\/ies-baix-montseny\/wp-content\/uploads\/usu1288\/2021\/09\/INFOGRAFIA-PREPARACIO-B1-i-B2-2-120x300.jpg 120w, https:\/\/agora.xtec.cat\/ies-baix-montseny\/wp-content\/uploads\/usu1288\/2021\/09\/INFOGRAFIA-PREPARACIO-B1-i-B2-2-768x1915.jpg 768w, https:\/\/agora.xtec.cat\/ies-baix-montseny\/wp-content\/uploads\/usu1288\/2021\/09\/INFOGRAFIA-PREPARACIO-B1-i-B2-2-616x1536.jpg 616w, https:\/\/agora.xtec.cat\/ies-baix-montseny\/wp-content\/uploads\/usu1288\/2021\/09\/INFOGRAFIA-PREPARACIO-B1-i-B2-2-821x2048.jpg 821w, https:\/\/agora.xtec.cat\/ies-baix-montseny\/wp-content\/uploads\/usu1288\/2021\/09\/INFOGRAFIA-PREPARACIO-B1-i-B2-2-scaled.jpg 1027w\" sizes=\"auto, (max-width: 411px) 100vw, 411px\" \/><\/a><\/div>\n","protected":false},"excerpt":{"rendered":"<p>Aquest curs curs tindrem un auxiliar d&#8217;angl\u00e8s, que estar\u00e0 a 1r d&#8217;ESO per\u00f2 tamb\u00e9 far\u00e0 la preparaci\u00f3 pels ex\u00e0mens oficials de B1 i B2. La intenci\u00f3 \u00e9s fer un grup de B1 i un altre de B2 amb alumnes de 3r, 4t, 1r BAT i&hellip;  <a href=\"https:\/\/agora.xtec.cat\/ies-baix-montseny\/general\/certificats-dangles-nivell-intermedi-b1-i-b2\/\" title=\"Read CERTIFICATS D&#8217;ANGL\u00c8S NIVELL INTERMEDI B1 I B2\">Llegeix m\u00e9s\u00bb<\/a><\/p>\n","protected":false},"author":7,"featured_media":20230,"comment_status":"open","ping_status":"closed","sticky":false,"template":"","format":"standard","meta":{"_bbp_topic_count":0,"_bbp_reply_count":0,"_bbp_total_topic_count":0,"_bbp_total_reply_count":0,"_bbp_voice_count":0,"_bbp_anonymous_reply_count":0,"_bbp_topic_count_hidden":0,"_bbp_reply_count_hidden":0,"_bbp_forum_subforum_count":0,"footnotes":""},"categories":[8,3,1,29],"tags":[],"class_list":["post-20229","post","type-post","status-publish","format-standard","has-post-thumbnail","hentry","category-batxillerat","category-eso","category-general","category-portada"],"post_mailing_queue_ids":[],"_links":{"self":[{"href":"https:\/\/agora.xtec.cat\/ies-baix-montseny\/wp-json\/wp\/v2\/posts\/20229","targetHints":{"allow":["GET"]}}],"collection":[{"href":"https:\/\/agora.xtec.cat\/ies-baix-montseny\/wp-json\/wp\/v2\/posts"}],"about":[{"href":"https:\/\/agora.xtec.cat\/ies-baix-montseny\/wp-json\/wp\/v2\/types\/post"}],"author":[{"embeddable":true,"href":"https:\/\/agora.xtec.cat\/ies-baix-montseny\/wp-json\/wp\/v2\/users\/7"}],"replies":[{"embeddable":true,"href":"https:\/\/agora.xtec.cat\/ies-baix-montseny\/wp-json\/wp\/v2\/comments?post=20229"}],"version-history":[{"count":1,"href":"https:\/\/agora.xtec.cat\/ies-baix-montseny\/wp-json\/wp\/v2\/posts\/20229\/revisions"}],"predecessor-version":[{"id":20231,"href":"https:\/\/agora.xtec.cat\/ies-baix-montseny\/wp-json\/wp\/v2\/posts\/20229\/revisions\/20231"}],"wp:featuredmedia":[{"embeddable":true,"href":"https:\/\/agora.xtec.cat\/ies-baix-montseny\/wp-json\/wp\/v2\/media\/20230"}],"wp:attachment":[{"href":"https:\/\/agora.xtec.cat\/ies-baix-montseny\/wp-json\/wp\/v2\/media?parent=20229"}],"wp:term":[{"taxonomy":"category","embeddable":true,"href":"https:\/\/agora.xtec.cat\/ies-baix-montseny\/wp-json\/wp\/v2\/categories?post=20229"},{"taxonomy":"post_tag","embeddable":true,"href":"https:\/\/agora.xtec.cat\/ies-baix-montseny\/wp-json\/wp\/v2\/tags?post=20229"}],"curies":[{"name":"wp","href":"https:\/\/api.w.org\/{rel}","templated":true}]}}