{"id":20209,"date":"2021-08-31T09:45:05","date_gmt":"2021-08-31T07:45:05","guid":{"rendered":"https:\/\/agora.xtec.cat\/ies-baix-montseny\/?p=20209"},"modified":"2021-08-31T09:45:47","modified_gmt":"2021-08-31T07:45:47","slug":"inici-de-curs-2","status":"publish","type":"post","link":"https:\/\/agora.xtec.cat\/ies-baix-montseny\/general\/inici-de-curs-2\/","title":{"rendered":"INICI DE CURS"},"content":{"rendered":"<p><a href=\"https:\/\/agora.xtec.cat\/ies-baix-montseny\/wp-content\/uploads\/usu1288\/2021\/08\/starting-point.jpg\"><img loading=\"lazy\" decoding=\"async\" class=\"alignnone size-full wp-image-20210\" src=\"https:\/\/agora.xtec.cat\/ies-baix-montseny\/wp-content\/uploads\/usu1288\/2021\/08\/starting-point.jpg\" alt=\"\" width=\"339\" height=\"193\" srcset=\"https:\/\/agora.xtec.cat\/ies-baix-montseny\/wp-content\/uploads\/usu1288\/2021\/08\/starting-point.jpg 339w, https:\/\/agora.xtec.cat\/ies-baix-montseny\/wp-content\/uploads\/usu1288\/2021\/08\/starting-point-300x171.jpg 300w\" sizes=\"auto, (max-width: 339px) 100vw, 339px\" \/><\/a><\/p>\n<p>Benvolguts pares, mares i\/o tutors legals,<\/p>\n<p>Com ja sabeu, el proper <strong>dilluns 13 de setembre<\/strong> (alumnat d\u2019ESO, Batxillerat i Cicles Formatius de Grau Mitj\u00e0) i <strong>\u00a0dilluns 20 de setembre <\/strong>\u00a0(alumnat de Cicles Formatius de Grau Superior) comen\u00e7a el nou curs 2021-2022. El primer dia el dedicarem a fer la presentaci\u00f3 del curs i l\u2019horari ser\u00e0 el seg\u00fcent (el transport escolar ja est\u00e0 avisat):<\/p>\n<table style=\"width: 45.3322%; height: 783px;\">\n<tbody>\n<tr style=\"height: 180px;\">\n<td style=\"height: 579px;\" rowspan=\"3\" width=\"95\"><strong>\u00a0<\/strong><\/p>\n<p><strong>\u00a0<\/strong><\/p>\n<p><strong>Dilluns 13 setembre<\/strong><\/td>\n<td style=\"height: 180px;\" width=\"104\"><strong>\u00a0<\/strong><\/p>\n<p><strong>1r, 2n, 3r i 4t d\u2019ESO<\/strong><\/p>\n<p>&nbsp;<\/td>\n<td style=\"height: 180px;\" width=\"83\">&nbsp;<\/p>\n<p>Horari: de 10 a 12 hores<\/td>\n<td style=\"height: 180px;\" width=\"322\">Rebuda i presentaci\u00f3 dels tutors a les respectives aules<\/p>\n<p>A \u00a01r d\u2019ESO, l\u2019Equip Directiu passar\u00e0 per tots els grups a donar la benvinguda.<\/p>\n<p>&nbsp;<\/td>\n<\/tr>\n<tr style=\"height: 219px;\">\n<td style=\"height: 219px;\" width=\"104\"><strong>1r i 2n BAT<\/strong><\/td>\n<td style=\"height: 219px;\" width=\"83\">&nbsp;<\/p>\n<p>&nbsp;<\/p>\n<p>Horari: d\u201911 a 13 hores<\/p>\n<p><strong>\u00a0<\/strong><\/td>\n<td style=\"height: 219px;\" width=\"322\">&nbsp;<\/p>\n<p>Rebuda i presentaci\u00f3 dels tutors a les respectives aules<\/p>\n<p>A\u00a0 1r de Batxillerat, l\u2019Equip Directiu passar\u00e0 per tots els grups a donar la benvinguda.<\/td>\n<\/tr>\n<tr style=\"height: 180px;\">\n<td style=\"height: 180px;\" width=\"104\"><strong>\u00a0<\/strong><\/p>\n<p><strong>CFGM<\/strong><\/p>\n<p><strong>\u00a0<\/strong><\/td>\n<td style=\"height: 180px;\" width=\"83\">&nbsp;<\/p>\n<p>Horari: d\u201911 a 13 hores<\/p>\n<p><strong>\u00a0<\/strong><\/td>\n<td style=\"height: 180px;\" width=\"322\">&nbsp;<\/p>\n<p>Presentaci\u00f3 dels tutors a les<\/p>\n<p>respectives aules<\/p>\n<p>&nbsp;<\/td>\n<\/tr>\n<tr style=\"height: 10px;\">\n<td style=\"height: 10px;\" width=\"95\"><\/td>\n<td style=\"height: 10px;\" width=\"104\"><\/td>\n<td style=\"height: 10px;\" width=\"83\"><\/td>\n<td style=\"height: 10px;\" width=\"322\"><\/td>\n<\/tr>\n<tr style=\"height: 32px;\">\n<td style=\"height: 32px;\" width=\"95\"><\/td>\n<td style=\"height: 32px;\" width=\"104\"><\/td>\n<td style=\"height: 32px;\" width=\"83\"><\/td>\n<td style=\"height: 32px;\" width=\"322\"><\/td>\n<\/tr>\n<tr style=\"height: 162px;\">\n<td style=\"height: 162px;\" width=\"95\"><strong>\u00a0<\/strong><\/p>\n<p><strong>Dilluns 20 setembre<\/strong><\/td>\n<td style=\"height: 162px;\" width=\"104\"><strong>1r i 2n CFGS<\/strong><\/td>\n<td style=\"height: 162px;\" width=\"83\">&nbsp;<\/p>\n<p>Horari: de 15:15 a 21:15 hores<\/td>\n<td style=\"height: 162px;\" width=\"322\">&nbsp;<\/p>\n<p>Presentaci\u00f3 dels tutors a les respectives aules i inici de les classes<\/td>\n<\/tr>\n<\/tbody>\n<\/table>\n<p><span style=\"font-family: inherit; font-size: 1em;\">Us recordem que com cada curs el\u00a0 dia de la presentaci\u00f3 es repartir\u00e0 una<\/span><strong style=\"font-family: inherit; font-size: 1em;\"> agenda <\/strong><span style=\"font-family: inherit; font-size: 1em;\">a cada alumne i aquest curs com a novetat tamb\u00e9 una <\/span><strong style=\"font-family: inherit; font-size: 1em;\">carpeta d\u2019anelles<\/strong><span style=\"font-family: inherit; font-size: 1em;\">.<\/span><\/p>\n<p>El <strong>dimarts 14 de setembre<\/strong> els alumnes d\u2019ESO, Batxillerat i Cicles Formatius de Grau Mitj\u00e0 iniciaran les classes normals seguint l\u2019horari que es donar\u00e0 a cada alumne el dia de la presentaci\u00f3.<\/p>\n<p>Els alumnes de Cicles Formatius de Grau Superior comen\u00e7aran les classes normals el mateix dia de la presentaci\u00f3.<\/p>\n<p>A continuaci\u00f3 us detallem els horaris de les reunions de pares i mares d\u2019inici de curs en qu\u00e8 us explicarem el curr\u00edculum i el funcionament\u00a0 del nou curs acad\u00e8mic que tot just ara comen\u00e7a. Seguint amb els protocols COVID, les reunions seran telem\u00e0tiques.<\/p>\n<p>Per assistir a les reunions telem\u00e0tiques, rebreu un correu del tutor\/a el mateix dia amb l\u2019enlla\u00e7 de la v\u00eddeo trucada.<\/p>\n<table width=\"620\">\n<tbody>\n<tr>\n<td width=\"115\"><strong>DIA <\/strong><\/td>\n<td width=\"126\"><strong>HORA<\/strong><\/td>\n<td width=\"173\"><strong>CURS<\/strong><\/td>\n<td width=\"206\"><strong>LLOC<\/strong><\/td>\n<\/tr>\n<tr>\n<td rowspan=\"2\" width=\"115\"><strong>Dijous 9 de setembre<\/strong><\/p>\n<p>&nbsp;<\/td>\n<td rowspan=\"2\" width=\"126\">&nbsp;<\/p>\n<p>18h<\/td>\n<td width=\"173\">Reuni\u00f3 de pares i mares de d\u2019ESO<\/td>\n<td rowspan=\"2\" width=\"206\">Videoconfer\u00e8ncia<\/p>\n<p>&nbsp;<\/td>\n<\/tr>\n<tr>\n<td width=\"173\">Reuni\u00f3 de pares i mares de BAT<\/td>\n<\/tr>\n<tr>\n<td width=\"115\"><strong>\u00a0<\/strong><\/p>\n<p><strong>Dijous 16 de setembre<\/strong><\/p>\n<p>&nbsp;<\/td>\n<td width=\"126\">18h<\/td>\n<td width=\"173\">Reuni\u00f3 de pares i mares de CFGM<\/td>\n<td width=\"206\">Videoconfer\u00e8ncia<\/td>\n<\/tr>\n<\/tbody>\n<\/table>\n<p>Us volem recordar que la vostra assist\u00e8ncia \u00e9s molt important per tal que conegueu de primera m\u00e0 tota la informaci\u00f3 que fa refer\u00e8ncia a l\u2019educaci\u00f3 i aprenentatge dels vostres fills\/es, aix\u00ed com per tenir un primer contacte amb el tutor\/a, que d\u2019ara en endavant ser\u00e0 l\u2019enlla\u00e7 entre vosaltres i l\u2019institut.<\/p>\n<p>Els dossiers informatius d\u2019inici de curs els podreu trobar penjats a la web <a href=\"http:\/\/www.insbaixmontseny.cat\/\">http:\/\/www.insbaixmontseny.cat\/<\/a>.<\/p>\n<p>Agra\u00efm per endavant la vostra assist\u00e8ncia.<\/p>\n<p>Atentament,<\/p>\n<p>&nbsp;<\/p>\n","protected":false},"excerpt":{"rendered":"<p><a href=\"https:\/\/agora.xtec.cat\/ies-baix-montseny\/wp-content\/uploads\/usu1288\/2021\/08\/starting-point.jpg\"><\/a><br \/>\nBenvolguts pares, mares i\/o tutors legals,<br \/>\nCom ja sabeu, el proper dilluns 13 de setembre (alumnat d\u2019ESO, Batxillerat i Cicles Formatius de Grau Mitj\u00e0) i \u00a0dilluns 20 de setembre \u00a0(alumnat de Cicles Formatius de Grau Superior) comen\u00e7a el nou curs 2021-2022. El primer dia el&hellip;  <a href=\"https:\/\/agora.xtec.cat\/ies-baix-montseny\/general\/inici-de-curs-2\/\" title=\"Read INICI DE CURS\">Llegeix m\u00e9s\u00bb<\/a><\/p>\n","protected":false},"author":7,"featured_media":20210,"comment_status":"open","ping_status":"closed","sticky":false,"template":"","format":"standard","meta":{"_bbp_topic_count":0,"_bbp_reply_count":0,"_bbp_total_topic_count":0,"_bbp_total_reply_count":0,"_bbp_voice_count":0,"_bbp_anonymous_reply_count":0,"_bbp_topic_count_hidden":0,"_bbp_reply_count_hidden":0,"_bbp_forum_subforum_count":0,"footnotes":""},"categories":[1,29],"tags":[],"class_list":["post-20209","post","type-post","status-publish","format-standard","has-post-thumbnail","hentry","category-general","category-portada"],"post_mailing_queue_ids":[],"_links":{"self":[{"href":"https:\/\/agora.xtec.cat\/ies-baix-montseny\/wp-json\/wp\/v2\/posts\/20209","targetHints":{"allow":["GET"]}}],"collection":[{"href":"https:\/\/agora.xtec.cat\/ies-baix-montseny\/wp-json\/wp\/v2\/posts"}],"about":[{"href":"https:\/\/agora.xtec.cat\/ies-baix-montseny\/wp-json\/wp\/v2\/types\/post"}],"author":[{"embeddable":true,"href":"https:\/\/agora.xtec.cat\/ies-baix-montseny\/wp-json\/wp\/v2\/users\/7"}],"replies":[{"embeddable":true,"href":"https:\/\/agora.xtec.cat\/ies-baix-montseny\/wp-json\/wp\/v2\/comments?post=20209"}],"version-history":[{"count":3,"href":"https:\/\/agora.xtec.cat\/ies-baix-montseny\/wp-json\/wp\/v2\/posts\/20209\/revisions"}],"predecessor-version":[{"id":20213,"href":"https:\/\/agora.xtec.cat\/ies-baix-montseny\/wp-json\/wp\/v2\/posts\/20209\/revisions\/20213"}],"wp:featuredmedia":[{"embeddable":true,"href":"https:\/\/agora.xtec.cat\/ies-baix-montseny\/wp-json\/wp\/v2\/media\/20210"}],"wp:attachment":[{"href":"https:\/\/agora.xtec.cat\/ies-baix-montseny\/wp-json\/wp\/v2\/media?parent=20209"}],"wp:term":[{"taxonomy":"category","embeddable":true,"href":"https:\/\/agora.xtec.cat\/ies-baix-montseny\/wp-json\/wp\/v2\/categories?post=20209"},{"taxonomy":"post_tag","embeddable":true,"href":"https:\/\/agora.xtec.cat\/ies-baix-montseny\/wp-json\/wp\/v2\/tags?post=20209"}],"curies":[{"name":"wp","href":"https:\/\/api.w.org\/{rel}","templated":true}]}}