{"id":20206,"date":"2021-08-31T09:38:33","date_gmt":"2021-08-31T07:38:33","guid":{"rendered":"https:\/\/agora.xtec.cat\/ies-baix-montseny\/?p=20206"},"modified":"2021-08-31T09:38:33","modified_gmt":"2021-08-31T07:38:33","slug":"carta-departament-de-salut-i-educacio","status":"publish","type":"post","link":"https:\/\/agora.xtec.cat\/ies-baix-montseny\/general\/carta-departament-de-salut-i-educacio\/","title":{"rendered":"CARTA DEPARTAMENT DE SALUT I EDUCACI\u00d3"},"content":{"rendered":"<p><span style=\"font-size: 13px; color: #444444; font-family: OpenSans, sans-serif;\">Els\u00a0<\/span><strong style=\"font-size: 13px; color: #444444; font-family: OpenSans, sans-serif;\">consellers d&#8217;Educaci\u00f3<\/strong><span style=\"font-size: 13px; color: #444444; font-family: OpenSans, sans-serif;\">,\u00a0Josep Gonz\u00e0lez-Cambray, i de\u00a0<\/span><strong style=\"font-size: 13px; color: #444444; font-family: OpenSans, sans-serif;\">Salut<\/strong><span style=\"font-size: 13px; color: #444444; font-family: OpenSans, sans-serif;\">, Josep Maria Argimon, han escrit una carta dirigida a les fam\u00edlies en relaci\u00f3 a l\u2019inici de curs i a la import\u00e0ncia de la vacunaci\u00f3 contra la covid. La podreu llegir a continuaci\u00f3: <a href=\"https:\/\/agora.xtec.cat\/ies-baix-montseny\/wp-content\/uploads\/usu1288\/2021\/08\/20210827-carta-families.pdf\">20210827-carta-families<\/a><\/span><\/p>\n","protected":false},"excerpt":{"rendered":"<p>Els\u00a0consellers d&#8217;Educaci\u00f3,\u00a0Josep Gonz\u00e0lez-Cambray, i de\u00a0Salut, Josep Maria Argimon, han escrit una carta dirigida a les fam\u00edlies en relaci\u00f3 a l\u2019inici de curs i a la import\u00e0ncia de la vacunaci\u00f3 contra la covid. La podreu llegir a continuaci\u00f3: <a href=\"https:\/\/agora.xtec.cat\/ies-baix-montseny\/wp-content\/uploads\/usu1288\/2021\/08\/20210827-carta-families.pdf\">20210827-carta-families<\/a><\/p>\n","protected":false},"author":7,"featured_media":0,"comment_status":"open","ping_status":"closed","sticky":false,"template":"","format":"standard","meta":{"_bbp_topic_count":0,"_bbp_reply_count":0,"_bbp_total_topic_count":0,"_bbp_total_reply_count":0,"_bbp_voice_count":0,"_bbp_anonymous_reply_count":0,"_bbp_topic_count_hidden":0,"_bbp_reply_count_hidden":0,"_bbp_forum_subforum_count":0,"footnotes":""},"categories":[1,29],"tags":[],"class_list":["post-20206","post","type-post","status-publish","format-standard","hentry","category-general","category-portada"],"post_mailing_queue_ids":[],"_links":{"self":[{"href":"https:\/\/agora.xtec.cat\/ies-baix-montseny\/wp-json\/wp\/v2\/posts\/20206","targetHints":{"allow":["GET"]}}],"collection":[{"href":"https:\/\/agora.xtec.cat\/ies-baix-montseny\/wp-json\/wp\/v2\/posts"}],"about":[{"href":"https:\/\/agora.xtec.cat\/ies-baix-montseny\/wp-json\/wp\/v2\/types\/post"}],"author":[{"embeddable":true,"href":"https:\/\/agora.xtec.cat\/ies-baix-montseny\/wp-json\/wp\/v2\/users\/7"}],"replies":[{"embeddable":true,"href":"https:\/\/agora.xtec.cat\/ies-baix-montseny\/wp-json\/wp\/v2\/comments?post=20206"}],"version-history":[{"count":1,"href":"https:\/\/agora.xtec.cat\/ies-baix-montseny\/wp-json\/wp\/v2\/posts\/20206\/revisions"}],"predecessor-version":[{"id":20208,"href":"https:\/\/agora.xtec.cat\/ies-baix-montseny\/wp-json\/wp\/v2\/posts\/20206\/revisions\/20208"}],"wp:attachment":[{"href":"https:\/\/agora.xtec.cat\/ies-baix-montseny\/wp-json\/wp\/v2\/media?parent=20206"}],"wp:term":[{"taxonomy":"category","embeddable":true,"href":"https:\/\/agora.xtec.cat\/ies-baix-montseny\/wp-json\/wp\/v2\/categories?post=20206"},{"taxonomy":"post_tag","embeddable":true,"href":"https:\/\/agora.xtec.cat\/ies-baix-montseny\/wp-json\/wp\/v2\/tags?post=20206"}],"curies":[{"name":"wp","href":"https:\/\/api.w.org\/{rel}","templated":true}]}}