{"id":2018,"date":"2019-03-01T12:36:38","date_gmt":"2019-03-01T11:36:38","guid":{"rendered":"http:\/\/agora.xtec.cat\/ies-baix-montseny\/?p=2018"},"modified":"2019-03-01T12:36:38","modified_gmt":"2019-03-01T11:36:38","slug":"cancel-lacio-festa-del-carnestoltes","status":"publish","type":"post","link":"https:\/\/agora.xtec.cat\/ies-baix-montseny\/general\/cancel-lacio-festa-del-carnestoltes\/","title":{"rendered":"CANCEL.LACI\u00d3 FESTA DEL CARNESTOLTES"},"content":{"rendered":"<p>Benvolgudes fam\u00edlies,<\/p>\n<p>Us informem que, en rebre la not\u00edcia de la defunci\u00f3 d\u2019un alumne del centre, s\u2019ha cancel\u00b7lat la celebraci\u00f3 de Carnestoltes. Hem procurat\u00a0facilitar i acompanyar un dol col\u00b7lectiu on tots i totes es trobessin c\u00f2modes i poguessin afrontar la p\u00e8rdua d&#8217;un company, un amic.<\/p>\n<p>Dimarts 5 celebrarem un acte de comiat, tenint en compte que el proper dilluns 4 de mar\u00e7 \u00e9s festiu de lliure disposici\u00f3.<\/p>\n<p>Restem a la vostra disposici\u00f3.<\/p>\n<p>Atentament,<\/p>\n<p>Institut Baix Montseny<\/p>\n","protected":false},"excerpt":{"rendered":"<p>Benvolgudes fam\u00edlies,<br \/>\nUs informem que, en rebre la not\u00edcia de la defunci\u00f3 d\u2019un alumne del centre, s\u2019ha cancel\u00b7lat la celebraci\u00f3 de Carnestoltes. Hem procurat\u00a0facilitar i acompanyar un dol col\u00b7lectiu on tots i totes es trobessin c\u00f2modes i poguessin afrontar la p\u00e8rdua d&#8217;un company, un amic.<br \/>\nDimarts 5&hellip;  <a href=\"https:\/\/agora.xtec.cat\/ies-baix-montseny\/general\/cancel-lacio-festa-del-carnestoltes\/\" title=\"Read CANCEL.LACI\u00d3 FESTA DEL CARNESTOLTES\">Llegeix m\u00e9s\u00bb<\/a><\/p>\n","protected":false},"author":7,"featured_media":0,"comment_status":"open","ping_status":"closed","sticky":false,"template":"","format":"standard","meta":{"_bbp_topic_count":0,"_bbp_reply_count":0,"_bbp_total_topic_count":0,"_bbp_total_reply_count":0,"_bbp_voice_count":0,"_bbp_anonymous_reply_count":0,"_bbp_topic_count_hidden":0,"_bbp_reply_count_hidden":0,"_bbp_forum_subforum_count":0,"footnotes":""},"categories":[64,1,29],"tags":[],"class_list":["post-2018","post","type-post","status-publish","format-standard","hentry","category-activitats","category-general","category-portada"],"post_mailing_queue_ids":[],"_links":{"self":[{"href":"https:\/\/agora.xtec.cat\/ies-baix-montseny\/wp-json\/wp\/v2\/posts\/2018","targetHints":{"allow":["GET"]}}],"collection":[{"href":"https:\/\/agora.xtec.cat\/ies-baix-montseny\/wp-json\/wp\/v2\/posts"}],"about":[{"href":"https:\/\/agora.xtec.cat\/ies-baix-montseny\/wp-json\/wp\/v2\/types\/post"}],"author":[{"embeddable":true,"href":"https:\/\/agora.xtec.cat\/ies-baix-montseny\/wp-json\/wp\/v2\/users\/7"}],"replies":[{"embeddable":true,"href":"https:\/\/agora.xtec.cat\/ies-baix-montseny\/wp-json\/wp\/v2\/comments?post=2018"}],"version-history":[{"count":1,"href":"https:\/\/agora.xtec.cat\/ies-baix-montseny\/wp-json\/wp\/v2\/posts\/2018\/revisions"}],"predecessor-version":[{"id":2019,"href":"https:\/\/agora.xtec.cat\/ies-baix-montseny\/wp-json\/wp\/v2\/posts\/2018\/revisions\/2019"}],"wp:attachment":[{"href":"https:\/\/agora.xtec.cat\/ies-baix-montseny\/wp-json\/wp\/v2\/media?parent=2018"}],"wp:term":[{"taxonomy":"category","embeddable":true,"href":"https:\/\/agora.xtec.cat\/ies-baix-montseny\/wp-json\/wp\/v2\/categories?post=2018"},{"taxonomy":"post_tag","embeddable":true,"href":"https:\/\/agora.xtec.cat\/ies-baix-montseny\/wp-json\/wp\/v2\/tags?post=2018"}],"curies":[{"name":"wp","href":"https:\/\/api.w.org\/{rel}","templated":true}]}}