{"id":20179,"date":"2021-07-26T10:39:27","date_gmt":"2021-07-26T08:39:27","guid":{"rendered":"https:\/\/agora.xtec.cat\/ies-baix-montseny\/?p=20179"},"modified":"2021-09-20T16:19:34","modified_gmt":"2021-09-20T14:19:34","slug":"dossiers-informatius-inici-de-curs-2021-22","status":"publish","type":"post","link":"https:\/\/agora.xtec.cat\/ies-baix-montseny\/general\/dossiers-informatius-inici-de-curs-2021-22\/","title":{"rendered":"DOSSIERS INFORMATIUS INICI DE CURS 2021-22"},"content":{"rendered":"<p><a href=\"https:\/\/agora.xtec.cat\/ies-baix-montseny\/wp-content\/uploads\/usu1288\/2021\/07\/actualizacion-de-los-dosieres-de-registro-una-necesidad-creciente-en-la-industria_1.jpg\"><img loading=\"lazy\" decoding=\"async\" class=\"alignnone size-full wp-image-20180\" src=\"https:\/\/agora.xtec.cat\/ies-baix-montseny\/wp-content\/uploads\/usu1288\/2021\/07\/actualizacion-de-los-dosieres-de-registro-una-necesidad-creciente-en-la-industria_1.jpg\" alt=\"\" width=\"768\" height=\"512\" srcset=\"https:\/\/agora.xtec.cat\/ies-baix-montseny\/wp-content\/uploads\/usu1288\/2021\/07\/actualizacion-de-los-dosieres-de-registro-una-necesidad-creciente-en-la-industria_1.jpg 768w, https:\/\/agora.xtec.cat\/ies-baix-montseny\/wp-content\/uploads\/usu1288\/2021\/07\/actualizacion-de-los-dosieres-de-registro-una-necesidad-creciente-en-la-industria_1-300x200.jpg 300w\" sizes=\"auto, (max-width: 768px) 100vw, 768px\" \/><\/a><\/p>\n<p>A continuaci\u00f3 us podeu descarregar els dossiers informatius per a l&#8217;alumne i la fam\u00edlia pel proper curs 2021-22. Algunes de les informacions poden patir canvis d&#8217;\u00faltima hora que anirem penjant i actualitzant a la web de l&#8217;Institut.<\/p>\n<p>1r d&#8217;ESO<\/p>\n<p><a href=\"https:\/\/agora.xtec.cat\/ies-baix-montseny\/wp-content\/uploads\/usu1288\/2021\/07\/Dossier-1r-ESO-21-22-3.pdf\">Dossier 1r ESO 21-22<\/a><\/p>\n<p>2n d&#8217;ESO<\/p>\n<p><a href=\"https:\/\/agora.xtec.cat\/ies-baix-montseny\/wp-content\/uploads\/usu1288\/2021\/07\/Dossier-2n-ESO-21-22-2.pdf\">Dossier 2n ESO 21-22<\/a><\/p>\n<p>3r d&#8217;ESO<\/p>\n<p><a href=\"https:\/\/agora.xtec.cat\/ies-baix-montseny\/wp-content\/uploads\/usu1288\/2021\/07\/Dossier-3r-ESO-21-22-2.pdf\">Dossier 3r ESO 21-22<\/a><\/p>\n<p>4t d&#8217;ESO<\/p>\n<p><a href=\"https:\/\/agora.xtec.cat\/ies-baix-montseny\/wp-content\/uploads\/usu1288\/2021\/07\/Dossier-4t-ESO-21-22.docx\">Dossier 4t ESO 21-22<\/a><\/p>\n<p>Projectes<\/p>\n<p><a href=\"https:\/\/agora.xtec.cat\/ies-baix-montseny\/wp-content\/uploads\/usu1288\/2021\/07\/Dossier-Projectes-21-22-2.pdf\">Dossier Projectes 21-22<\/a><\/p>\n<p>FUNCIONAMENT BATXILLLERAT<\/p>\n<p><a href=\"https:\/\/agora.xtec.cat\/ies-baix-montseny\/wp-content\/uploads\/usu1288\/2021\/07\/Document-funcionament-batxillerat.pdf\">Document funcionament batxillerat<\/a><\/p>\n<p>Batxillerat Art\u00edstic<\/p>\n<p><a href=\"https:\/\/agora.xtec.cat\/ies-baix-montseny\/wp-content\/uploads\/usu1288\/2021\/07\/Dossier-1r-BAT-ART-curs-2021-22.doc-1.pdf\">Dossier 1r BAT ART curs 2021-22.doc<\/a><\/p>\n<p>1r de Batxillerat<\/p>\n<p><a href=\"https:\/\/agora.xtec.cat\/ies-baix-montseny\/wp-content\/uploads\/usu1288\/2021\/07\/Dossier-1r-BAT-curs-2021-22.doc-1.pdf\">Dossier 1r BAT curs 2021-22.doc<\/a><\/p>\n<p>2n de Batxillerat<\/p>\n<p><a href=\"https:\/\/agora.xtec.cat\/ies-baix-montseny\/wp-content\/uploads\/usu1288\/2021\/07\/Dossier-2n-BAT-curs-2021-22.doc-1.pdf\">Dossier 2n BAT curs 2021-22.doc<\/a><\/p>\n<p>Cicle Formatiu Grau Mig Gesti\u00f3 Administrativa<\/p>\n<p><a href=\"https:\/\/agora.xtec.cat\/ies-baix-montseny\/wp-content\/uploads\/usu1288\/2021\/07\/2122-DOSSIER-1-INICI-CURS-Alumnes.pdf\">Dossier Cicle Formatiu Gesti\u00f3 Administrativa<\/a><\/p>\n<p>Cicle Formatiu Grau Mig Manteniment Electromec\u00e0nic<\/p>\n<p><a href=\"https:\/\/agora.xtec.cat\/ies-baix-montseny\/wp-content\/uploads\/usu1288\/2021\/07\/dossier-alumne-MANT-21-22-corregit.pdf\">Dossier Cicle Formatiu Manteniment Electromec\u00e0nic<\/a><\/p>\n<p>Cicle Formatiu Grau Superior Mecatr\u00f2nica Industrial<\/p>\n<p><a href=\"https:\/\/agora.xtec.cat\/ies-baix-montseny\/wp-content\/uploads\/usu1288\/2021\/07\/dossier-alumne-MECATRO-21-22-corregit-3.pdf\">Dossier Cicle Formatiu Mecatr\u00f2nica Industrial<\/a><\/p>\n<p>Cicle Formatiu Grau Superior Qu\u00edmica Industrial<\/p>\n<p><a href=\"https:\/\/agora.xtec.cat\/ies-baix-montseny\/wp-content\/uploads\/usu1288\/2021\/07\/DOSSIER-ALUMNE-QUIMICA-INDUSTRIAL-2122.pdf\">Dossier Cicle Formatiu Qu\u00edmica Industrial<\/a><\/p>\n","protected":false},"excerpt":{"rendered":"<p><a href=\"https:\/\/agora.xtec.cat\/ies-baix-montseny\/wp-content\/uploads\/usu1288\/2021\/07\/actualizacion-de-los-dosieres-de-registro-una-necesidad-creciente-en-la-industria_1.jpg\"><\/a><br \/>\nA continuaci\u00f3 us podeu descarregar els dossiers informatius per a l&#8217;alumne i la fam\u00edlia pel proper curs 2021-22. Algunes de les informacions poden patir canvis d&#8217;\u00faltima hora que anirem penjant i actualitzant a la web de l&#8217;Institut.<br \/>\n1r d&#8217;ESO<br \/>\n<a href=\"https:\/\/agora.xtec.cat\/ies-baix-montseny\/wp-content\/uploads\/usu1288\/2021\/07\/Dossier-1r-ESO-21-22-3.pdf\">Dossier 1r ESO 21-22<\/a><br \/>\n2n d&#8217;ESO<br \/>\n<a href=\"https:\/\/agora.xtec.cat\/ies-baix-montseny\/wp-content\/uploads\/usu1288\/2021\/07\/Dossier-2n-ESO-21-22-2.pdf\">Dossier&hellip;  <a href=\"https:\/\/agora.xtec.cat\/ies-baix-montseny\/general\/dossiers-informatius-inici-de-curs-2021-22\/\" title=\"Read DOSSIERS INFORMATIUS INICI DE CURS 2021-22\">Llegeix m\u00e9s\u00bb<\/a><\/p>\n","protected":false},"author":7,"featured_media":20180,"comment_status":"open","ping_status":"closed","sticky":false,"template":"","format":"standard","meta":{"_bbp_topic_count":0,"_bbp_reply_count":0,"_bbp_total_topic_count":0,"_bbp_total_reply_count":0,"_bbp_voice_count":0,"_bbp_anonymous_reply_count":0,"_bbp_topic_count_hidden":0,"_bbp_reply_count_hidden":0,"_bbp_forum_subforum_count":0,"footnotes":""},"categories":[111,8,30,3,1,29],"tags":[],"class_list":["post-20179","post","type-post","status-publish","format-standard","has-post-thumbnail","hentry","category-ametista","category-batxillerat","category-cicles-formatius","category-eso","category-general","category-portada"],"post_mailing_queue_ids":[],"_links":{"self":[{"href":"https:\/\/agora.xtec.cat\/ies-baix-montseny\/wp-json\/wp\/v2\/posts\/20179","targetHints":{"allow":["GET"]}}],"collection":[{"href":"https:\/\/agora.xtec.cat\/ies-baix-montseny\/wp-json\/wp\/v2\/posts"}],"about":[{"href":"https:\/\/agora.xtec.cat\/ies-baix-montseny\/wp-json\/wp\/v2\/types\/post"}],"author":[{"embeddable":true,"href":"https:\/\/agora.xtec.cat\/ies-baix-montseny\/wp-json\/wp\/v2\/users\/7"}],"replies":[{"embeddable":true,"href":"https:\/\/agora.xtec.cat\/ies-baix-montseny\/wp-json\/wp\/v2\/comments?post=20179"}],"version-history":[{"count":4,"href":"https:\/\/agora.xtec.cat\/ies-baix-montseny\/wp-json\/wp\/v2\/posts\/20179\/revisions"}],"predecessor-version":[{"id":20252,"href":"https:\/\/agora.xtec.cat\/ies-baix-montseny\/wp-json\/wp\/v2\/posts\/20179\/revisions\/20252"}],"wp:featuredmedia":[{"embeddable":true,"href":"https:\/\/agora.xtec.cat\/ies-baix-montseny\/wp-json\/wp\/v2\/media\/20180"}],"wp:attachment":[{"href":"https:\/\/agora.xtec.cat\/ies-baix-montseny\/wp-json\/wp\/v2\/media?parent=20179"}],"wp:term":[{"taxonomy":"category","embeddable":true,"href":"https:\/\/agora.xtec.cat\/ies-baix-montseny\/wp-json\/wp\/v2\/categories?post=20179"},{"taxonomy":"post_tag","embeddable":true,"href":"https:\/\/agora.xtec.cat\/ies-baix-montseny\/wp-json\/wp\/v2\/tags?post=20179"}],"curies":[{"name":"wp","href":"https:\/\/api.w.org\/{rel}","templated":true}]}}