{"id":20169,"date":"2021-07-15T11:18:08","date_gmt":"2021-07-15T09:18:08","guid":{"rendered":"http:\/\/agora.xtec.cat\/ies-baix-montseny\/?p=20169"},"modified":"2021-07-15T11:19:32","modified_gmt":"2021-07-15T09:19:32","slug":"material-especific-batxillerat-artistic","status":"publish","type":"post","link":"https:\/\/agora.xtec.cat\/ies-baix-montseny\/general\/material-especific-batxillerat-artistic\/","title":{"rendered":"MATERIAL ESPEC\u00cdFIC BATXILLERAT ART\u00cdSTIC"},"content":{"rendered":"<p><a href=\"https:\/\/agora.xtec.cat\/ies-baix-montseny\/wp-content\/uploads\/usu1288\/2021\/07\/bellas-artes.jpg\"><img loading=\"lazy\" decoding=\"async\" class=\"alignnone size-full wp-image-20171\" src=\"https:\/\/agora.xtec.cat\/ies-baix-montseny\/wp-content\/uploads\/usu1288\/2021\/07\/bellas-artes.jpg\" alt=\"\" width=\"800\" height=\"450\" srcset=\"https:\/\/agora.xtec.cat\/ies-baix-montseny\/wp-content\/uploads\/usu1288\/2021\/07\/bellas-artes.jpg 800w, https:\/\/agora.xtec.cat\/ies-baix-montseny\/wp-content\/uploads\/usu1288\/2021\/07\/bellas-artes-300x169.jpg 300w, https:\/\/agora.xtec.cat\/ies-baix-montseny\/wp-content\/uploads\/usu1288\/2021\/07\/bellas-artes-768x432.jpg 768w\" sizes=\"auto, (max-width: 800px) 100vw, 800px\" \/><\/a><\/p>\n<p><u>Material individual 1r de Batxillerat art\u00edstic.<\/u><\/p>\n<p><strong>\u00a0<\/strong>La seg\u00fcent relaci\u00f3 s\u00f3n els materials considerats m\u00ednims, imprescindibles pel desenvolupament de les mat\u00e8ries de modalitat, cosa per la qual es comunica al comen\u00e7ament del curs.<\/p>\n<p>Aquests materials s\u2019hauran de dur sempre a classe, selectivament en funci\u00f3 del treball a realitzar (pr\u00e8viament determinat per les professores). El material es podr\u00e0 quedar a classe dins d\u2019una caixa de sabates amb el nom\u00a0 i cognoms de l\u2019alumne.<\/p>\n<ul>\n<li>Bloc de dibuix format DINA3 de 160 gr\/m2 per t\u00e8cniques seques i de 300gr\/m2 per t\u00e8cniques humides<\/li>\n<li>Caixa d\u2019aquarel\u00b7les<\/li>\n<li>Retoladors<\/li>\n<li>Carbonets i esfumins<\/li>\n<li>Llapis de colors i\/o aquarel.lables<\/li>\n<li>Llapis de diferents dureses (2B, HB i 2H)<\/li>\n<li>Barra de sanguina<\/li>\n<li>Caixa de pastels<\/li>\n<li>Tinta xinesa i plom\u00ed<\/li>\n<li>Tisores<\/li>\n<li>C\u00fater<\/li>\n<li>Goma d\u2019esborrar per grafit i carb\u00f3<\/li>\n<li>Maquineta<\/li>\n<li>Drap<\/li>\n<li>Escaire, cartab\u00f3 i regle (30cm)<\/li>\n<li>Comp\u00e0s<\/li>\n<li>Pinzells fins i grossos de ploma,rodons i plans<\/li>\n<li>Pot de vidre<\/li>\n<li>Paleta per fer barreges<\/li>\n<li>Bata<\/li>\n<\/ul>\n<p>Us deixem un exemple del material amb preus de la botiga Vicens Piera, teniu la possibilitat de fer comanda per internet: <a href=\"https:\/\/agora.xtec.cat\/ies-baix-montseny\/wp-content\/uploads\/usu1288\/2021\/07\/Material-alumnes-preu-aprox.pdf\">Material alumnes preu aprox<\/a><\/p>\n<p><u>Material grupal 1r de Batxillerat.<\/u><\/p>\n<p>A part del material individual de l\u2019alumne\/a, el centre tamb\u00e9 en facilitar\u00e0 al llarg del curs, aquest material ser\u00e0 d\u2019\u00fas per tot l\u2019alumnat.<\/p>\n<ul>\n<li>Pegues<\/li>\n<li>Cola<\/li>\n<li>Cartr\u00f3<\/li>\n<li>Cartr\u00f3 ploma<\/li>\n<li>Pintures acr\u00edliques<\/li>\n<li>Temperes<\/li>\n<li>Paper d\u2019embalar<\/li>\n<li>Cinta de pintor<\/li>\n<li>Impressions<\/li>\n<li>Fang<\/li>\n<li>Fulloles<\/li>\n<li>Pols de grafit<\/li>\n<li>Altres materials que es puguin necessitar al llarg del curs<\/li>\n<\/ul>\n<p>&nbsp;<\/p>\n<ul>\n<li>Recomanem llocs on poder comprar material de Belles Arts:<\/li>\n<\/ul>\n<p>CASA PIERA (Bcn)<\/p>\n<p><a href=\"https:\/\/casapiera.com\/es\/\">https:\/\/casapiera.com\/es\/<\/a><\/p>\n<p>&nbsp;<\/p>\n<p>BELLES ARTS FERRAN (Bcn)<\/p>\n<p><a href=\"https:\/\/bellesartsferran.com\/es\/\">https:\/\/bellesartsferran.com\/es\/<\/a><\/p>\n<p>&nbsp;<\/p>\n<p>BARNA ART (Bcn)<\/p>\n<p><a href=\"https:\/\/www.barna-art.com\/\">https:\/\/www.barna-art.com\/<\/a><\/p>\n","protected":false},"excerpt":{"rendered":"<p><a href=\"https:\/\/agora.xtec.cat\/ies-baix-montseny\/wp-content\/uploads\/usu1288\/2021\/07\/bellas-artes.jpg\"><\/a><br \/>\nMaterial individual 1r de Batxillerat art\u00edstic.<br \/>\n\u00a0La seg\u00fcent relaci\u00f3 s\u00f3n els materials considerats m\u00ednims, imprescindibles pel desenvolupament de les mat\u00e8ries de modalitat, cosa per la qual es comunica al comen\u00e7ament del curs.<br \/>\nAquests materials s\u2019hauran de dur sempre a classe, selectivament en funci\u00f3 del treball a&hellip;  <a href=\"https:\/\/agora.xtec.cat\/ies-baix-montseny\/general\/material-especific-batxillerat-artistic\/\" title=\"Read MATERIAL ESPEC\u00cdFIC BATXILLERAT ART\u00cdSTIC\">Llegeix m\u00e9s\u00bb<\/a><\/p>\n","protected":false},"author":7,"featured_media":20171,"comment_status":"open","ping_status":"closed","sticky":false,"template":"","format":"standard","meta":{"_bbp_topic_count":0,"_bbp_reply_count":0,"_bbp_total_topic_count":0,"_bbp_total_reply_count":0,"_bbp_voice_count":0,"_bbp_anonymous_reply_count":0,"_bbp_topic_count_hidden":0,"_bbp_reply_count_hidden":0,"_bbp_forum_subforum_count":0,"footnotes":""},"categories":[8,1,29],"tags":[],"class_list":["post-20169","post","type-post","status-publish","format-standard","has-post-thumbnail","hentry","category-batxillerat","category-general","category-portada"],"post_mailing_queue_ids":[],"_links":{"self":[{"href":"https:\/\/agora.xtec.cat\/ies-baix-montseny\/wp-json\/wp\/v2\/posts\/20169","targetHints":{"allow":["GET"]}}],"collection":[{"href":"https:\/\/agora.xtec.cat\/ies-baix-montseny\/wp-json\/wp\/v2\/posts"}],"about":[{"href":"https:\/\/agora.xtec.cat\/ies-baix-montseny\/wp-json\/wp\/v2\/types\/post"}],"author":[{"embeddable":true,"href":"https:\/\/agora.xtec.cat\/ies-baix-montseny\/wp-json\/wp\/v2\/users\/7"}],"replies":[{"embeddable":true,"href":"https:\/\/agora.xtec.cat\/ies-baix-montseny\/wp-json\/wp\/v2\/comments?post=20169"}],"version-history":[{"count":2,"href":"https:\/\/agora.xtec.cat\/ies-baix-montseny\/wp-json\/wp\/v2\/posts\/20169\/revisions"}],"predecessor-version":[{"id":20173,"href":"https:\/\/agora.xtec.cat\/ies-baix-montseny\/wp-json\/wp\/v2\/posts\/20169\/revisions\/20173"}],"wp:featuredmedia":[{"embeddable":true,"href":"https:\/\/agora.xtec.cat\/ies-baix-montseny\/wp-json\/wp\/v2\/media\/20171"}],"wp:attachment":[{"href":"https:\/\/agora.xtec.cat\/ies-baix-montseny\/wp-json\/wp\/v2\/media?parent=20169"}],"wp:term":[{"taxonomy":"category","embeddable":true,"href":"https:\/\/agora.xtec.cat\/ies-baix-montseny\/wp-json\/wp\/v2\/categories?post=20169"},{"taxonomy":"post_tag","embeddable":true,"href":"https:\/\/agora.xtec.cat\/ies-baix-montseny\/wp-json\/wp\/v2\/tags?post=20169"}],"curies":[{"name":"wp","href":"https:\/\/api.w.org\/{rel}","templated":true}]}}