{"id":2012,"date":"2019-02-27T11:25:00","date_gmt":"2019-02-27T10:25:00","guid":{"rendered":"http:\/\/agora.xtec.cat\/ies-baix-montseny\/?p=2012"},"modified":"2019-02-27T11:25:00","modified_gmt":"2019-02-27T10:25:00","slug":"presentacio-tots-dansen","status":"publish","type":"post","link":"https:\/\/agora.xtec.cat\/ies-baix-montseny\/general\/presentacio-tots-dansen\/","title":{"rendered":"PRESENTACI\u00d3 TOTS DANSEN"},"content":{"rendered":"<p>Ahir \u00a026 de febrer tots els alumnes de 3r d\u00b4ESO van anar a la presentaci\u00f3 del projecte Tots Dansen al Teatre Auditori de Granollers. El core\u00f2graf d\u00b4aquest curs Joao Lima juntament amb la nostra formadora Agueda Murillo van presentar l\u00b4espectacle d\u00b4aquest curs, anomenat \u201cVibrar el temps\u201d. Tamb\u00e9 eren presents els alumnes de 3r de l\u00b4IES Marta Estrada de Granollers, amb els que compartim la realitzaci\u00f3 d\u00b4aquest espectacle.<\/p>\n<p>El 9 de maig a les 20h al Teatre Auditori de Granollers es far\u00e0 la representaci\u00f3 per a tot el p\u00fablic.<\/p>\n<p><a href=\"https:\/\/agora.xtec.cat\/ies-baix-montseny\/wp-content\/uploads\/usu1288\/2019\/02\/IMG-20190226-WA0013.jpg\"><img loading=\"lazy\" decoding=\"async\" class=\"alignnone size-large wp-image-2013\" src=\"https:\/\/agora.xtec.cat\/ies-baix-montseny\/wp-content\/uploads\/usu1288\/2019\/02\/IMG-20190226-WA0013-1024x768.jpg\" alt=\"\" width=\"1024\" height=\"768\" srcset=\"https:\/\/agora.xtec.cat\/ies-baix-montseny\/wp-content\/uploads\/usu1288\/2019\/02\/IMG-20190226-WA0013-1024x768.jpg 1024w, https:\/\/agora.xtec.cat\/ies-baix-montseny\/wp-content\/uploads\/usu1288\/2019\/02\/IMG-20190226-WA0013-300x225.jpg 300w, https:\/\/agora.xtec.cat\/ies-baix-montseny\/wp-content\/uploads\/usu1288\/2019\/02\/IMG-20190226-WA0013-768x576.jpg 768w, https:\/\/agora.xtec.cat\/ies-baix-montseny\/wp-content\/uploads\/usu1288\/2019\/02\/IMG-20190226-WA0013-200x150.jpg 200w, https:\/\/agora.xtec.cat\/ies-baix-montseny\/wp-content\/uploads\/usu1288\/2019\/02\/IMG-20190226-WA0013.jpg 1600w\" sizes=\"auto, (max-width: 1024px) 100vw, 1024px\" \/><\/a><\/p>\n<p>&nbsp;<\/p>\n","protected":false},"excerpt":{"rendered":"<p>Ahir \u00a026 de febrer tots els alumnes de 3r d\u00b4ESO van anar a la presentaci\u00f3 del projecte Tots Dansen al Teatre Auditori de Granollers. El core\u00f2graf d\u00b4aquest curs Joao Lima juntament amb la nostra formadora Agueda Murillo van presentar l\u00b4espectacle d\u00b4aquest curs, anomenat \u201cVibrar el&hellip;  <a href=\"https:\/\/agora.xtec.cat\/ies-baix-montseny\/general\/presentacio-tots-dansen\/\" title=\"Read PRESENTACI\u00d3 TOTS DANSEN\">Llegeix m\u00e9s\u00bb<\/a><\/p>\n","protected":false},"author":7,"featured_media":2013,"comment_status":"open","ping_status":"closed","sticky":false,"template":"","format":"standard","meta":{"_bbp_topic_count":0,"_bbp_reply_count":0,"_bbp_total_topic_count":0,"_bbp_total_reply_count":0,"_bbp_voice_count":0,"_bbp_anonymous_reply_count":0,"_bbp_topic_count_hidden":0,"_bbp_reply_count_hidden":0,"_bbp_forum_subforum_count":0,"footnotes":""},"categories":[6,64,3,1,29],"tags":[],"class_list":["post-2012","post","type-post","status-publish","format-standard","has-post-thumbnail","hentry","category-eso-3","category-activitats","category-eso","category-general","category-portada"],"post_mailing_queue_ids":[],"_links":{"self":[{"href":"https:\/\/agora.xtec.cat\/ies-baix-montseny\/wp-json\/wp\/v2\/posts\/2012","targetHints":{"allow":["GET"]}}],"collection":[{"href":"https:\/\/agora.xtec.cat\/ies-baix-montseny\/wp-json\/wp\/v2\/posts"}],"about":[{"href":"https:\/\/agora.xtec.cat\/ies-baix-montseny\/wp-json\/wp\/v2\/types\/post"}],"author":[{"embeddable":true,"href":"https:\/\/agora.xtec.cat\/ies-baix-montseny\/wp-json\/wp\/v2\/users\/7"}],"replies":[{"embeddable":true,"href":"https:\/\/agora.xtec.cat\/ies-baix-montseny\/wp-json\/wp\/v2\/comments?post=2012"}],"version-history":[{"count":1,"href":"https:\/\/agora.xtec.cat\/ies-baix-montseny\/wp-json\/wp\/v2\/posts\/2012\/revisions"}],"predecessor-version":[{"id":2014,"href":"https:\/\/agora.xtec.cat\/ies-baix-montseny\/wp-json\/wp\/v2\/posts\/2012\/revisions\/2014"}],"wp:featuredmedia":[{"embeddable":true,"href":"https:\/\/agora.xtec.cat\/ies-baix-montseny\/wp-json\/wp\/v2\/media\/2013"}],"wp:attachment":[{"href":"https:\/\/agora.xtec.cat\/ies-baix-montseny\/wp-json\/wp\/v2\/media?parent=2012"}],"wp:term":[{"taxonomy":"category","embeddable":true,"href":"https:\/\/agora.xtec.cat\/ies-baix-montseny\/wp-json\/wp\/v2\/categories?post=2012"},{"taxonomy":"post_tag","embeddable":true,"href":"https:\/\/agora.xtec.cat\/ies-baix-montseny\/wp-json\/wp\/v2\/tags?post=2012"}],"curies":[{"name":"wp","href":"https:\/\/api.w.org\/{rel}","templated":true}]}}