{"id":20092,"date":"2021-06-14T12:06:49","date_gmt":"2021-06-14T10:06:49","guid":{"rendered":"http:\/\/agora.xtec.cat\/ies-baix-montseny\/?p=20092"},"modified":"2021-06-14T12:06:49","modified_gmt":"2021-06-14T10:06:49","slug":"documental-som-marimachos","status":"publish","type":"post","link":"https:\/\/agora.xtec.cat\/ies-baix-montseny\/general\/documental-som-marimachos\/","title":{"rendered":"DOCUMENTAL &#8220;SOM MARIMACHOS&#8221;"},"content":{"rendered":"<p>Aquest mes de juny els alumnes de 2n i 3r ESO han estat veient el documental &#8221; Som marimachos&#8221; Es tracta d&#8217;un documental participatiu i comunitari que reflexiona i vol visibilitzar la situaci\u00f3 actual de l&#8217;\u00e0mbit esportiu des d&#8217;una perspectiva de g\u00e8nere. Els alumnes han transm\u00e8s les seves reflexions i\u00a0 opinions als mateixos realitzadors mitjan\u00e7ant un formulari que ens han compartit.<\/p>\n<p><a href=\"https:\/\/agora.xtec.cat\/ies-baix-montseny\/wp-content\/uploads\/usu1288\/2021\/06\/Som-marimachos_page-0001.jpg\"><img loading=\"lazy\" decoding=\"async\" class=\"alignnone size-large wp-image-20093\" src=\"https:\/\/agora.xtec.cat\/ies-baix-montseny\/wp-content\/uploads\/usu1288\/2021\/06\/Som-marimachos_page-0001-724x1024.jpg\" alt=\"\" width=\"724\" height=\"1024\" srcset=\"https:\/\/agora.xtec.cat\/ies-baix-montseny\/wp-content\/uploads\/usu1288\/2021\/06\/Som-marimachos_page-0001-724x1024.jpg 724w, https:\/\/agora.xtec.cat\/ies-baix-montseny\/wp-content\/uploads\/usu1288\/2021\/06\/Som-marimachos_page-0001-212x300.jpg 212w, https:\/\/agora.xtec.cat\/ies-baix-montseny\/wp-content\/uploads\/usu1288\/2021\/06\/Som-marimachos_page-0001-768x1087.jpg 768w, https:\/\/agora.xtec.cat\/ies-baix-montseny\/wp-content\/uploads\/usu1288\/2021\/06\/Som-marimachos_page-0001.jpg 1240w\" sizes=\"auto, (max-width: 724px) 100vw, 724px\" \/><\/a> <a href=\"https:\/\/agora.xtec.cat\/ies-baix-montseny\/wp-content\/uploads\/usu1288\/2021\/06\/IMG_5687.jpg\"><img loading=\"lazy\" decoding=\"async\" class=\"alignnone size-large wp-image-20094\" src=\"https:\/\/agora.xtec.cat\/ies-baix-montseny\/wp-content\/uploads\/usu1288\/2021\/06\/IMG_5687.jpg\" alt=\"\" width=\"640\" height=\"480\" srcset=\"https:\/\/agora.xtec.cat\/ies-baix-montseny\/wp-content\/uploads\/usu1288\/2021\/06\/IMG_5687.jpg 640w, https:\/\/agora.xtec.cat\/ies-baix-montseny\/wp-content\/uploads\/usu1288\/2021\/06\/IMG_5687-300x225.jpg 300w, https:\/\/agora.xtec.cat\/ies-baix-montseny\/wp-content\/uploads\/usu1288\/2021\/06\/IMG_5687-200x150.jpg 200w\" sizes=\"auto, (max-width: 640px) 100vw, 640px\" \/><\/a><\/p>\n","protected":false},"excerpt":{"rendered":"<p>Aquest mes de juny els alumnes de 2n i 3r ESO han estat veient el documental &#8221; Som marimachos&#8221; Es tracta d&#8217;un documental participatiu i comunitari que reflexiona i vol visibilitzar la situaci\u00f3 actual de l&#8217;\u00e0mbit esportiu des d&#8217;una perspectiva de g\u00e8nere. Els alumnes han&hellip;  <a href=\"https:\/\/agora.xtec.cat\/ies-baix-montseny\/general\/documental-som-marimachos\/\" title=\"Read DOCUMENTAL &#8220;SOM MARIMACHOS&#8221;\">Llegeix m\u00e9s\u00bb<\/a><\/p>\n","protected":false},"author":7,"featured_media":20093,"comment_status":"open","ping_status":"closed","sticky":false,"template":"","format":"standard","meta":{"_bbp_topic_count":0,"_bbp_reply_count":0,"_bbp_total_topic_count":0,"_bbp_total_reply_count":0,"_bbp_voice_count":0,"_bbp_anonymous_reply_count":0,"_bbp_topic_count_hidden":0,"_bbp_reply_count_hidden":0,"_bbp_forum_subforum_count":0,"footnotes":""},"categories":[64,3,1,29],"tags":[],"class_list":["post-20092","post","type-post","status-publish","format-standard","has-post-thumbnail","hentry","category-activitats","category-eso","category-general","category-portada"],"post_mailing_queue_ids":[],"_links":{"self":[{"href":"https:\/\/agora.xtec.cat\/ies-baix-montseny\/wp-json\/wp\/v2\/posts\/20092","targetHints":{"allow":["GET"]}}],"collection":[{"href":"https:\/\/agora.xtec.cat\/ies-baix-montseny\/wp-json\/wp\/v2\/posts"}],"about":[{"href":"https:\/\/agora.xtec.cat\/ies-baix-montseny\/wp-json\/wp\/v2\/types\/post"}],"author":[{"embeddable":true,"href":"https:\/\/agora.xtec.cat\/ies-baix-montseny\/wp-json\/wp\/v2\/users\/7"}],"replies":[{"embeddable":true,"href":"https:\/\/agora.xtec.cat\/ies-baix-montseny\/wp-json\/wp\/v2\/comments?post=20092"}],"version-history":[{"count":1,"href":"https:\/\/agora.xtec.cat\/ies-baix-montseny\/wp-json\/wp\/v2\/posts\/20092\/revisions"}],"predecessor-version":[{"id":20095,"href":"https:\/\/agora.xtec.cat\/ies-baix-montseny\/wp-json\/wp\/v2\/posts\/20092\/revisions\/20095"}],"wp:featuredmedia":[{"embeddable":true,"href":"https:\/\/agora.xtec.cat\/ies-baix-montseny\/wp-json\/wp\/v2\/media\/20093"}],"wp:attachment":[{"href":"https:\/\/agora.xtec.cat\/ies-baix-montseny\/wp-json\/wp\/v2\/media?parent=20092"}],"wp:term":[{"taxonomy":"category","embeddable":true,"href":"https:\/\/agora.xtec.cat\/ies-baix-montseny\/wp-json\/wp\/v2\/categories?post=20092"},{"taxonomy":"post_tag","embeddable":true,"href":"https:\/\/agora.xtec.cat\/ies-baix-montseny\/wp-json\/wp\/v2\/tags?post=20092"}],"curies":[{"name":"wp","href":"https:\/\/api.w.org\/{rel}","templated":true}]}}