{"id":20037,"date":"2021-05-31T11:55:52","date_gmt":"2021-05-31T09:55:52","guid":{"rendered":"http:\/\/agora.xtec.cat\/ies-baix-montseny\/?p=20037"},"modified":"2021-05-31T14:01:28","modified_gmt":"2021-05-31T12:01:28","slug":"endo-que","status":"publish","type":"post","link":"https:\/\/agora.xtec.cat\/ies-baix-montseny\/general\/endo-que\/","title":{"rendered":"ENDO QU\u00c8?"},"content":{"rendered":"<p><a href=\"https:\/\/agora.xtec.cat\/ies-baix-montseny\/wp-content\/uploads\/usu1288\/2021\/05\/c79996e3-d10e-494d-811a-dfc3b9ca86a8.jpg\"><img loading=\"lazy\" decoding=\"async\" class=\"alignnone size-large wp-image-20044\" src=\"https:\/\/agora.xtec.cat\/ies-baix-montseny\/wp-content\/uploads\/usu1288\/2021\/05\/c79996e3-d10e-494d-811a-dfc3b9ca86a8-1024x768.jpg\" alt=\"\" width=\"1024\" height=\"768\" srcset=\"https:\/\/agora.xtec.cat\/ies-baix-montseny\/wp-content\/uploads\/usu1288\/2021\/05\/c79996e3-d10e-494d-811a-dfc3b9ca86a8-1024x768.jpg 1024w, https:\/\/agora.xtec.cat\/ies-baix-montseny\/wp-content\/uploads\/usu1288\/2021\/05\/c79996e3-d10e-494d-811a-dfc3b9ca86a8-300x225.jpg 300w, https:\/\/agora.xtec.cat\/ies-baix-montseny\/wp-content\/uploads\/usu1288\/2021\/05\/c79996e3-d10e-494d-811a-dfc3b9ca86a8-768x576.jpg 768w, https:\/\/agora.xtec.cat\/ies-baix-montseny\/wp-content\/uploads\/usu1288\/2021\/05\/c79996e3-d10e-494d-811a-dfc3b9ca86a8-200x150.jpg 200w, https:\/\/agora.xtec.cat\/ies-baix-montseny\/wp-content\/uploads\/usu1288\/2021\/05\/c79996e3-d10e-494d-811a-dfc3b9ca86a8.jpg 1600w\" sizes=\"auto, (max-width: 1024px) 100vw, 1024px\" \/><\/a><\/p>\n<p><span style=\"font-weight: 400;\">En motiu del dia internacional de la Salut de la Dona (28 de maig), la psic\u00f2loga N\u00faria Lleonart va fer una xerrada sobre una malaltia que pateix en primera persona a l\u2019alumnat de 1r de Batxillerat. Es tracta de l\u2019endometriosi, oi que no n\u2019hav\u00edeu sentit a parlar mai? Amb aquest desconeixement topen les dones que la pateixen al seu voltant i, fins i tot, en l\u2019\u00e0mbit cientificom\u00e8dic, ja que s\u2019ha investigat molt poc i se\u2019n desconeixen les causes.<\/span><\/p>\n<p><span style=\"font-weight: 400;\">L\u2019endometriosi \u00e9s una malaltia benigna, cr\u00f2nica i sense cura que afecta entre un 10 i 15% de les dones durant la seva vida reproductiva. Esdev\u00e9 quan l\u2019endometri se situa fora de l\u2019\u00fater, \u00e9s a dir, fora del seu lloc original. Aquest teixit \u00e9s capa\u00e7 d\u2019assentar-se en qualsevol altre lloc de l\u2019abdomen i, fins i tot, en llocs m\u00e9s estranys, com ara el melic, els pulmons o altres teixits nerviosos, que es poden fer malb\u00e9 pel contacte amb aquestes c\u00e8l\u00b7lules mortes i coagulades.<\/span><\/p>\n<p><span style=\"font-weight: 400;\">Aquesta malaltia provoca forts dolors menstruals, dolors abdominals fora del per\u00edode menstrual o menstruacions m\u00e9s abundants, que en molts casos es consideren &#8220;propis&#8221; del cicle menstrual. \u00c9s per aix\u00f2 que de mitjana una dona amb endometriosi triga 8 anys a ser diagnosticada. En concret, la N\u00faria va trigar 13 anys fins que en va sentir a parlar, un per\u00edode durant el qual va ingressar m\u00e9s de 25 vegades a l\u2019hospital i va ser tractada com si es tract\u00e9s d\u2019un problema mental. A m\u00e9s d\u2019augmentar el llindar del dolor, aquesta malaltia dificulta extremadament la relacions sexuals, causa absentisme laboral i un 25% de les dones que la pateixen s\u00f3n inf\u00e8rtils. Qu\u00e8 passaria si tot aquesta simptomatologia afect\u00e9s a l\u2019altra meitat de la poblaci\u00f3 mundial, \u00e9s a dir, als homes? Creieu que ja s\u2019hauria investigat i que estar\u00edem en la cerca d\u2019una cura?<\/span><\/p>\n<p><span style=\"font-weight: 400;\">Aquestes reflexions punyents de la N\u00faria ens van fer reflexionar sobre \u201c<\/span><a href=\"https:\/\/www.elcritic.cat\/reportatges\/5-dificultats-que-troben-les-dones-en-una-sanitat-pensada-pels-homes-10590\"><span style=\"font-weight: 400;\">les dificultats que troben les dones en una sanitat pensada per homes<\/span><\/a><span style=\"font-weight: 400;\">\u201d. A tall d\u2019exemple, sab\u00edeu que les dones tenim un 17% m\u00e9s de possibilitats de morir quan condu\u00efm? Aquesta xifra prov\u00e9s del fet que fins al 2015 no es va introduir un model dummie de dona en les proves automobilistes d\u2019accident. Per\u00f2 qu\u00e8 no condu\u00efen les nostres mares, \u00e0vies i germanes abans del 2015? I un altre cas paradigm\u00e0tic de desconeixement: les dones no podem preveure que estem tenint un infart amb el cl\u00e0ssic consell de l\u2019aturada del bra\u00e7 esquerra, aquesta s\u00edmptoma nom\u00e9s \u00e9s v\u00e0lid en homes!<\/span><\/p>\n<p><span style=\"font-weight: 400;\">I per continuar desemmascarant el baix de g\u00e8nere, sab\u00edeu que hist\u00e8ria ve d\u2019<\/span><i><span style=\"font-weight: 400;\">hister<\/span><\/i><span style=\"font-weight: 400;\"> que en grec significa matriu? Aix\u00ed no \u00e9s estrany que l\u2019argument que sona socialment sigui que les dones es queixin m\u00e9s en relaci\u00f3 a la seva salut. Per sort, cada cop m\u00e9s dones amb ress\u00f2 m\u00e8dic com l\u2019Emma Roberts parlen sobre la endometriosi sense pors per ajudar a conscienciar la poblaci\u00f3. Marilyn Monroe va viure aquesta malaltia en silencia en defensa d\u2019un rol de g\u00e8nere i, a difer\u00e8ncia del que sempre s\u2019explica, va morir en equivocar-se amb la dosi de calmants que s\u2019havia de punxar per aguantar els forts dolors que l\u2019endometriosi li causava.<\/span><\/p>\n<p><span style=\"font-weight: 400;\">Gr\u00e0cies N\u00faria per obrir-nos els ulls i des de l\u2019Institut Baix Montseny ens sumem a la campanya #VolemMarat\u00f3TV3Endometriosi per reclamar m\u00e9s investigaci\u00f3 en una malaltia que malgrat que a Catalunya afecta una de cada deu dones continua essent \u00e0mpliament ignorada.<\/span><\/p>\n","protected":false},"excerpt":{"rendered":"<p><a href=\"https:\/\/agora.xtec.cat\/ies-baix-montseny\/wp-content\/uploads\/usu1288\/2021\/05\/c79996e3-d10e-494d-811a-dfc3b9ca86a8.jpg\"><\/a><br \/>\nEn motiu del dia internacional de la Salut de la Dona (28 de maig), la psic\u00f2loga N\u00faria Lleonart va fer una xerrada sobre una malaltia que pateix en primera persona a l\u2019alumnat de 1r de Batxillerat. Es tracta de l\u2019endometriosi, oi que no n\u2019hav\u00edeu&hellip;  <a href=\"https:\/\/agora.xtec.cat\/ies-baix-montseny\/general\/endo-que\/\" title=\"Read ENDO QU\u00c8?\">Llegeix m\u00e9s\u00bb<\/a><\/p>\n","protected":false},"author":7,"featured_media":20044,"comment_status":"open","ping_status":"closed","sticky":false,"template":"","format":"standard","meta":{"_bbp_topic_count":0,"_bbp_reply_count":0,"_bbp_total_topic_count":0,"_bbp_total_reply_count":0,"_bbp_voice_count":0,"_bbp_anonymous_reply_count":0,"_bbp_topic_count_hidden":0,"_bbp_reply_count_hidden":0,"_bbp_forum_subforum_count":0,"footnotes":""},"categories":[64,1,29,99,98],"tags":[],"class_list":["post-20037","post","type-post","status-publish","format-standard","has-post-thumbnail","hentry","category-activitats","category-general","category-portada","category-tallers","category-xerrades"],"post_mailing_queue_ids":[],"_links":{"self":[{"href":"https:\/\/agora.xtec.cat\/ies-baix-montseny\/wp-json\/wp\/v2\/posts\/20037","targetHints":{"allow":["GET"]}}],"collection":[{"href":"https:\/\/agora.xtec.cat\/ies-baix-montseny\/wp-json\/wp\/v2\/posts"}],"about":[{"href":"https:\/\/agora.xtec.cat\/ies-baix-montseny\/wp-json\/wp\/v2\/types\/post"}],"author":[{"embeddable":true,"href":"https:\/\/agora.xtec.cat\/ies-baix-montseny\/wp-json\/wp\/v2\/users\/7"}],"replies":[{"embeddable":true,"href":"https:\/\/agora.xtec.cat\/ies-baix-montseny\/wp-json\/wp\/v2\/comments?post=20037"}],"version-history":[{"count":2,"href":"https:\/\/agora.xtec.cat\/ies-baix-montseny\/wp-json\/wp\/v2\/posts\/20037\/revisions"}],"predecessor-version":[{"id":20045,"href":"https:\/\/agora.xtec.cat\/ies-baix-montseny\/wp-json\/wp\/v2\/posts\/20037\/revisions\/20045"}],"wp:featuredmedia":[{"embeddable":true,"href":"https:\/\/agora.xtec.cat\/ies-baix-montseny\/wp-json\/wp\/v2\/media\/20044"}],"wp:attachment":[{"href":"https:\/\/agora.xtec.cat\/ies-baix-montseny\/wp-json\/wp\/v2\/media?parent=20037"}],"wp:term":[{"taxonomy":"category","embeddable":true,"href":"https:\/\/agora.xtec.cat\/ies-baix-montseny\/wp-json\/wp\/v2\/categories?post=20037"},{"taxonomy":"post_tag","embeddable":true,"href":"https:\/\/agora.xtec.cat\/ies-baix-montseny\/wp-json\/wp\/v2\/tags?post=20037"}],"curies":[{"name":"wp","href":"https:\/\/api.w.org\/{rel}","templated":true}]}}