{"id":20022,"date":"2021-05-21T09:41:56","date_gmt":"2021-05-21T07:41:56","guid":{"rendered":"http:\/\/agora.xtec.cat\/ies-baix-montseny\/?p=20022"},"modified":"2021-05-21T09:41:56","modified_gmt":"2021-05-21T07:41:56","slug":"voluntariat-a-nepal","status":"publish","type":"post","link":"https:\/\/agora.xtec.cat\/ies-baix-montseny\/general\/voluntariat-a-nepal\/","title":{"rendered":"VOLUNTARIAT A NEPAL"},"content":{"rendered":"<p dir=\"ltr\">El passat dimecres 19 de maig els alumnes de 3 de l&#8217;ESO vam assistir a una xerrada sobre el voluntariat a Nepal, en la qual l&#8217;estudiant i volunt\u00e0ria Joana Jan\u00e9 ens va explicar el seu testimoni. El seu voluntariat tractava d&#8217;ajudar a nens amb discapacitat. En va explicar i ens va sorprendre molt que al Nepal la gent que pateixen alguna discapacitat se&#8217;ls veu o se\u2019ls tracta com si a una altra vida haguessin fet alguna cosa dolenta i \u00e9s per aix\u00f2 que sovint no se\u2019ls accepta a nivell social. La Joana Jan\u00e9 tamb\u00e9 ens va compartir les emocions que va sentir durant el mes que va durar el seu voluntariat a trav\u00e9s de textos personals que va escriure durant la seves viv\u00e8ncies. El recull d\u2019imatges que ens va portar ens van ajudar a tots i totes a comprendre m\u00e9s d\u2019aprop tot el que ens va explicar.<\/p>\n<p dir=\"ltr\">Gr\u00e0cies Joana!<\/p>\n<p><span id=\"m_525132000376747347gmail-docs-internal-guid-a7f92938-7fff-e2ca-614d-99f3cfa9646d\"><\/span>P.R, 3C<\/p>\n<p><a href=\"https:\/\/agora.xtec.cat\/ies-baix-montseny\/wp-content\/uploads\/usu1288\/2021\/05\/137133F7-8161-43D0-9DF1-BC7CC2284323.jpeg\"><img loading=\"lazy\" decoding=\"async\" class=\"alignnone size-large wp-image-20023\" src=\"https:\/\/agora.xtec.cat\/ies-baix-montseny\/wp-content\/uploads\/usu1288\/2021\/05\/137133F7-8161-43D0-9DF1-BC7CC2284323-1024x1024.jpeg\" alt=\"\" width=\"1024\" height=\"1024\" srcset=\"https:\/\/agora.xtec.cat\/ies-baix-montseny\/wp-content\/uploads\/usu1288\/2021\/05\/137133F7-8161-43D0-9DF1-BC7CC2284323-1024x1024.jpeg 1024w, https:\/\/agora.xtec.cat\/ies-baix-montseny\/wp-content\/uploads\/usu1288\/2021\/05\/137133F7-8161-43D0-9DF1-BC7CC2284323-150x150.jpeg 150w, https:\/\/agora.xtec.cat\/ies-baix-montseny\/wp-content\/uploads\/usu1288\/2021\/05\/137133F7-8161-43D0-9DF1-BC7CC2284323-300x300.jpeg 300w, https:\/\/agora.xtec.cat\/ies-baix-montseny\/wp-content\/uploads\/usu1288\/2021\/05\/137133F7-8161-43D0-9DF1-BC7CC2284323-768x768.jpeg 768w, https:\/\/agora.xtec.cat\/ies-baix-montseny\/wp-content\/uploads\/usu1288\/2021\/05\/137133F7-8161-43D0-9DF1-BC7CC2284323.jpeg 2048w\" sizes=\"auto, (max-width: 1024px) 100vw, 1024px\" \/><\/a><\/p>\n","protected":false},"excerpt":{"rendered":"<p>El passat dimecres 19 de maig els alumnes de 3 de l&#8217;ESO vam assistir a una xerrada sobre el voluntariat a Nepal, en la qual l&#8217;estudiant i volunt\u00e0ria Joana Jan\u00e9 ens va explicar el seu testimoni. El seu voluntariat tractava d&#8217;ajudar a nens amb discapacitat.&hellip;  <a href=\"https:\/\/agora.xtec.cat\/ies-baix-montseny\/general\/voluntariat-a-nepal\/\" title=\"Read VOLUNTARIAT A NEPAL\">Llegeix m\u00e9s\u00bb<\/a><\/p>\n","protected":false},"author":7,"featured_media":20023,"comment_status":"open","ping_status":"closed","sticky":false,"template":"","format":"standard","meta":{"_bbp_topic_count":0,"_bbp_reply_count":0,"_bbp_total_topic_count":0,"_bbp_total_reply_count":0,"_bbp_voice_count":0,"_bbp_anonymous_reply_count":0,"_bbp_topic_count_hidden":0,"_bbp_reply_count_hidden":0,"_bbp_forum_subforum_count":0,"footnotes":""},"categories":[6,64,1,29,99,98],"tags":[],"class_list":["post-20022","post","type-post","status-publish","format-standard","has-post-thumbnail","hentry","category-eso-3","category-activitats","category-general","category-portada","category-tallers","category-xerrades"],"post_mailing_queue_ids":[],"_links":{"self":[{"href":"https:\/\/agora.xtec.cat\/ies-baix-montseny\/wp-json\/wp\/v2\/posts\/20022","targetHints":{"allow":["GET"]}}],"collection":[{"href":"https:\/\/agora.xtec.cat\/ies-baix-montseny\/wp-json\/wp\/v2\/posts"}],"about":[{"href":"https:\/\/agora.xtec.cat\/ies-baix-montseny\/wp-json\/wp\/v2\/types\/post"}],"author":[{"embeddable":true,"href":"https:\/\/agora.xtec.cat\/ies-baix-montseny\/wp-json\/wp\/v2\/users\/7"}],"replies":[{"embeddable":true,"href":"https:\/\/agora.xtec.cat\/ies-baix-montseny\/wp-json\/wp\/v2\/comments?post=20022"}],"version-history":[{"count":1,"href":"https:\/\/agora.xtec.cat\/ies-baix-montseny\/wp-json\/wp\/v2\/posts\/20022\/revisions"}],"predecessor-version":[{"id":20024,"href":"https:\/\/agora.xtec.cat\/ies-baix-montseny\/wp-json\/wp\/v2\/posts\/20022\/revisions\/20024"}],"wp:featuredmedia":[{"embeddable":true,"href":"https:\/\/agora.xtec.cat\/ies-baix-montseny\/wp-json\/wp\/v2\/media\/20023"}],"wp:attachment":[{"href":"https:\/\/agora.xtec.cat\/ies-baix-montseny\/wp-json\/wp\/v2\/media?parent=20022"}],"wp:term":[{"taxonomy":"category","embeddable":true,"href":"https:\/\/agora.xtec.cat\/ies-baix-montseny\/wp-json\/wp\/v2\/categories?post=20022"},{"taxonomy":"post_tag","embeddable":true,"href":"https:\/\/agora.xtec.cat\/ies-baix-montseny\/wp-json\/wp\/v2\/tags?post=20022"}],"curies":[{"name":"wp","href":"https:\/\/api.w.org\/{rel}","templated":true}]}}