{"id":20013,"date":"2021-05-20T14:20:07","date_gmt":"2021-05-20T12:20:07","guid":{"rendered":"http:\/\/agora.xtec.cat\/ies-baix-montseny\/?p=20013"},"modified":"2021-05-21T09:42:40","modified_gmt":"2021-05-21T07:42:40","slug":"exposicio-conflictes","status":"publish","type":"post","link":"https:\/\/agora.xtec.cat\/ies-baix-montseny\/general\/exposicio-conflictes\/","title":{"rendered":"EXPOSICI\u00d3 CONFLICTES"},"content":{"rendered":"<p><a href=\"https:\/\/agora.xtec.cat\/ies-baix-montseny\/wp-content\/uploads\/usu1288\/2021\/05\/IMG-3151.jpg\"><img loading=\"lazy\" decoding=\"async\" class=\"alignnone size-full wp-image-20016\" src=\"https:\/\/agora.xtec.cat\/ies-baix-montseny\/wp-content\/uploads\/usu1288\/2021\/05\/IMG-3151.jpg\" alt=\"\" width=\"640\" height=\"480\" srcset=\"https:\/\/agora.xtec.cat\/ies-baix-montseny\/wp-content\/uploads\/usu1288\/2021\/05\/IMG-3151.jpg 640w, https:\/\/agora.xtec.cat\/ies-baix-montseny\/wp-content\/uploads\/usu1288\/2021\/05\/IMG-3151-300x225.jpg 300w, https:\/\/agora.xtec.cat\/ies-baix-montseny\/wp-content\/uploads\/usu1288\/2021\/05\/IMG-3151-200x150.jpg 200w\" sizes=\"auto, (max-width: 640px) 100vw, 640px\" \/><\/a><\/p>\n<p>Dimarts passat els alumnes de 3r d&#8217;ESO van venir a fer-nos una exposici\u00f3 sobre els conflictes armats. Van anar a cada classe de segon d&#8217;ESO a l\u2019hora de TP. Ens van fer diverses activitats entretingudes.<\/p>\n<p>Primer de tot, ens van explicar amb quina mat\u00e8ria est\u00e0 relacionat aquest projecte, que \u00e9s la mat\u00e8ria de MICROPROJECTES. Aquesta mat\u00e8ria est\u00e0 relacionada amb l\u2019Agenda 2030. Els ODS (Objectius de Desenvolupament Sostenible) s\u00f3n diferents propostes de millora pel futur. Ens van posar un v\u00eddeo que ho explicava per poder entendre-ho millor.<\/p>\n<p>Tamb\u00e9, van explicar-nos les difer\u00e8ncies que hi ha entre els immigrants, els refugiats i els exiliats. Els immigrants s\u00f3n aquelles persones que fugen de la viol\u00e8ncia a causa d\u2019una guerra. Els refugiats, en canvi, fugen del seu pa\u00eds per q\u00fcestions clim\u00e0tiques, econ\u00f2miques\u2026 Finalment, el que ens van explicar dels exiliats \u00e9s que s\u00f3n persones que abandonen el seu pa\u00eds, de forma volunt\u00e0ria o b\u00e9, for\u00e7ament per causes pol\u00edtiques. Per acabar d\u2019entendre-ho millor, van posar-nos un v\u00eddeo que explicava les diferents situacions.<\/p>\n<p>Tot seguit, mentre anaven explicant ens van passar unes fotografies les quals pod\u00edem observar les condicions que viuen la gent en perill d\u2019atac armat. Hi havia fotos que tenien t\u00edtol, i d\u2019altres que hav\u00edem de posar un t\u00edtol a la foto. Ens van posar diversos exemples de guerres actuals com les de:<\/p>\n<ul>\n<li>Conflicte \u00c0rab-Israel\u00ed (1948-Actualment)<\/li>\n<li>Guerra de S\u00edria (2010-Actualment)<\/li>\n<li>Guerra de Yemen (2015-Actualment)<\/li>\n<li>Guerra d\u2019Irak (2003-2011)<\/li>\n<li>Guerra d\u2019Afganistan (2001-2014)<\/li>\n<li>Entre moltes d\u2019altres\u2026<\/li>\n<\/ul>\n<p>Les guerres que estan actualment actives s\u00f3n majorit\u00e0riament per la religi\u00f3 i els pensaments que tenen les persones que hi viuen all\u00e0. Llavors, els caps d\u2019estat volen introduir noves ideologies i nous pensaments cap als habitants. Ells pensen que s\u00f3n el millor per la societat. Per\u00f2 tamb\u00e9 n\u2019hi ha d\u2019altres que volen exterminar la religi\u00f3.<\/p>\n<p>Finalment, ens van posar un poema de Joana Raspall de les difer\u00e8ncies d\u2019haver nascut en un lloc diferent, sigui en temps de pau, o de guerra. Volien que tingu\u00e9ssim empatia per aquesta gent que viu aquestes situacions. Cadasc\u00fa va haver de dibuixar algun dibuix que represent\u00e9s aquestes difer\u00e8ncies o situacions.<\/p>\n<p>Personalment, creiem que aquesta exposici\u00f3 ens va aclarir la situaci\u00f3 que viu aquesta gent, ja que hem d\u2019entendre les seves necessitats al viure en temps dif\u00edcils.<\/p>\n<p><a href=\"https:\/\/agora.xtec.cat\/ies-baix-montseny\/wp-content\/uploads\/usu1288\/2021\/05\/IMG_3854.jpg\"><img loading=\"lazy\" decoding=\"async\" class=\"alignnone size-full wp-image-20018\" src=\"https:\/\/agora.xtec.cat\/ies-baix-montseny\/wp-content\/uploads\/usu1288\/2021\/05\/IMG_3854.jpg\" alt=\"\" width=\"640\" height=\"471\" srcset=\"https:\/\/agora.xtec.cat\/ies-baix-montseny\/wp-content\/uploads\/usu1288\/2021\/05\/IMG_3854.jpg 640w, https:\/\/agora.xtec.cat\/ies-baix-montseny\/wp-content\/uploads\/usu1288\/2021\/05\/IMG_3854-300x221.jpg 300w\" sizes=\"auto, (max-width: 640px) 100vw, 640px\" \/><\/a><\/p>\n<p><a href=\"https:\/\/agora.xtec.cat\/ies-baix-montseny\/wp-content\/uploads\/usu1288\/2021\/05\/image_167838977.jpg\"><img loading=\"lazy\" decoding=\"async\" class=\"alignnone size-large wp-image-20020\" src=\"https:\/\/agora.xtec.cat\/ies-baix-montseny\/wp-content\/uploads\/usu1288\/2021\/05\/image_167838977.jpg\" alt=\"\" width=\"640\" height=\"369\" srcset=\"https:\/\/agora.xtec.cat\/ies-baix-montseny\/wp-content\/uploads\/usu1288\/2021\/05\/image_167838977.jpg 640w, https:\/\/agora.xtec.cat\/ies-baix-montseny\/wp-content\/uploads\/usu1288\/2021\/05\/image_167838977-300x173.jpg 300w\" sizes=\"auto, (max-width: 640px) 100vw, 640px\" \/><\/a><\/p>\n<p><a href=\"https:\/\/agora.xtec.cat\/ies-baix-montseny\/wp-content\/uploads\/usu1288\/2021\/05\/IMG_3859.jpg\"><img loading=\"lazy\" decoding=\"async\" class=\"alignnone size-large wp-image-20019\" src=\"https:\/\/agora.xtec.cat\/ies-baix-montseny\/wp-content\/uploads\/usu1288\/2021\/05\/IMG_3859.jpg\" alt=\"\" width=\"640\" height=\"480\" srcset=\"https:\/\/agora.xtec.cat\/ies-baix-montseny\/wp-content\/uploads\/usu1288\/2021\/05\/IMG_3859.jpg 640w, https:\/\/agora.xtec.cat\/ies-baix-montseny\/wp-content\/uploads\/usu1288\/2021\/05\/IMG_3859-300x225.jpg 300w, https:\/\/agora.xtec.cat\/ies-baix-montseny\/wp-content\/uploads\/usu1288\/2021\/05\/IMG_3859-200x150.jpg 200w\" sizes=\"auto, (max-width: 640px) 100vw, 640px\" \/><\/a><\/p>\n<p>&nbsp;<\/p>\n<p>&nbsp;<\/p>\n","protected":false},"excerpt":{"rendered":"<p><a href=\"https:\/\/agora.xtec.cat\/ies-baix-montseny\/wp-content\/uploads\/usu1288\/2021\/05\/IMG-3151.jpg\"><\/a><br \/>\nDimarts passat els alumnes de 3r d&#8217;ESO van venir a fer-nos una exposici\u00f3 sobre els conflictes armats. Van anar a cada classe de segon d&#8217;ESO a l\u2019hora de TP. Ens van fer diverses activitats entretingudes.<br \/>\nPrimer de tot, ens van explicar amb quina mat\u00e8ria est\u00e0&hellip;  <a href=\"https:\/\/agora.xtec.cat\/ies-baix-montseny\/general\/exposicio-conflictes\/\" title=\"Read EXPOSICI\u00d3 CONFLICTES\">Llegeix m\u00e9s\u00bb<\/a><\/p>\n","protected":false},"author":7,"featured_media":20018,"comment_status":"open","ping_status":"closed","sticky":false,"template":"","format":"standard","meta":{"_bbp_topic_count":0,"_bbp_reply_count":0,"_bbp_total_topic_count":0,"_bbp_total_reply_count":0,"_bbp_voice_count":0,"_bbp_anonymous_reply_count":0,"_bbp_topic_count_hidden":0,"_bbp_reply_count_hidden":0,"_bbp_forum_subforum_count":0,"footnotes":""},"categories":[3,1,29],"tags":[],"class_list":["post-20013","post","type-post","status-publish","format-standard","has-post-thumbnail","hentry","category-eso","category-general","category-portada"],"post_mailing_queue_ids":[],"_links":{"self":[{"href":"https:\/\/agora.xtec.cat\/ies-baix-montseny\/wp-json\/wp\/v2\/posts\/20013","targetHints":{"allow":["GET"]}}],"collection":[{"href":"https:\/\/agora.xtec.cat\/ies-baix-montseny\/wp-json\/wp\/v2\/posts"}],"about":[{"href":"https:\/\/agora.xtec.cat\/ies-baix-montseny\/wp-json\/wp\/v2\/types\/post"}],"author":[{"embeddable":true,"href":"https:\/\/agora.xtec.cat\/ies-baix-montseny\/wp-json\/wp\/v2\/users\/7"}],"replies":[{"embeddable":true,"href":"https:\/\/agora.xtec.cat\/ies-baix-montseny\/wp-json\/wp\/v2\/comments?post=20013"}],"version-history":[{"count":2,"href":"https:\/\/agora.xtec.cat\/ies-baix-montseny\/wp-json\/wp\/v2\/posts\/20013\/revisions"}],"predecessor-version":[{"id":20021,"href":"https:\/\/agora.xtec.cat\/ies-baix-montseny\/wp-json\/wp\/v2\/posts\/20013\/revisions\/20021"}],"wp:featuredmedia":[{"embeddable":true,"href":"https:\/\/agora.xtec.cat\/ies-baix-montseny\/wp-json\/wp\/v2\/media\/20018"}],"wp:attachment":[{"href":"https:\/\/agora.xtec.cat\/ies-baix-montseny\/wp-json\/wp\/v2\/media?parent=20013"}],"wp:term":[{"taxonomy":"category","embeddable":true,"href":"https:\/\/agora.xtec.cat\/ies-baix-montseny\/wp-json\/wp\/v2\/categories?post=20013"},{"taxonomy":"post_tag","embeddable":true,"href":"https:\/\/agora.xtec.cat\/ies-baix-montseny\/wp-json\/wp\/v2\/tags?post=20013"}],"curies":[{"name":"wp","href":"https:\/\/api.w.org\/{rel}","templated":true}]}}