{"id":20009,"date":"2021-05-19T11:04:24","date_gmt":"2021-05-19T09:04:24","guid":{"rendered":"http:\/\/agora.xtec.cat\/ies-baix-montseny\/?p=20009"},"modified":"2021-05-19T11:04:45","modified_gmt":"2021-05-19T09:04:45","slug":"des-del-camp-de-refugiats-de-quios","status":"publish","type":"post","link":"https:\/\/agora.xtec.cat\/ies-baix-montseny\/general\/des-del-camp-de-refugiats-de-quios\/","title":{"rendered":"DES DEL CAMP DE REFUGIATS DE QUIOS"},"content":{"rendered":"<p><a href=\"https:\/\/agora.xtec.cat\/ies-baix-montseny\/wp-content\/uploads\/usu1288\/2021\/05\/749543c8-f16a-461b-a7a8-9e23aac01bc9.jpg\"><img loading=\"lazy\" decoding=\"async\" class=\"alignnone size-large wp-image-20010\" src=\"https:\/\/agora.xtec.cat\/ies-baix-montseny\/wp-content\/uploads\/usu1288\/2021\/05\/749543c8-f16a-461b-a7a8-9e23aac01bc9-1024x768.jpg\" alt=\"\" width=\"1024\" height=\"768\" srcset=\"https:\/\/agora.xtec.cat\/ies-baix-montseny\/wp-content\/uploads\/usu1288\/2021\/05\/749543c8-f16a-461b-a7a8-9e23aac01bc9-1024x768.jpg 1024w, https:\/\/agora.xtec.cat\/ies-baix-montseny\/wp-content\/uploads\/usu1288\/2021\/05\/749543c8-f16a-461b-a7a8-9e23aac01bc9-300x225.jpg 300w, https:\/\/agora.xtec.cat\/ies-baix-montseny\/wp-content\/uploads\/usu1288\/2021\/05\/749543c8-f16a-461b-a7a8-9e23aac01bc9-768x576.jpg 768w, https:\/\/agora.xtec.cat\/ies-baix-montseny\/wp-content\/uploads\/usu1288\/2021\/05\/749543c8-f16a-461b-a7a8-9e23aac01bc9-200x150.jpg 200w, https:\/\/agora.xtec.cat\/ies-baix-montseny\/wp-content\/uploads\/usu1288\/2021\/05\/749543c8-f16a-461b-a7a8-9e23aac01bc9.jpg 2048w\" sizes=\"auto, (max-width: 1024px) 100vw, 1024px\" \/><\/a><\/p>\n<p><span style=\"font-weight: 400;\">El passat dimecres 28 d\u2019abril, els alumnes de l\u2019ODS de Conflictes Armats Just\u00edcia i Pau vam acudir a una xerrada sobre els refugiats, en la qual el metge Manel Anoro ens va explicar la seva experi\u00e8ncia a l\u2019illa de Quios, una illa de Gr\u00e8cia que durant els \u00faltims anys ha rebut l\u2019arribada de desenes de milers de refugiats, provinents de diferents parts d\u2019\u00c0frica i tamb\u00e9 d\u2019\u00c0sia. Segons la informaci\u00f3 aportada per en Manel al llarg de la xerrada els refugiats que arriben a Quios travessen el mar a bord de vaixells de pl\u00e0stic on hi pugen desenes i desenes de persones, i \u00e9s interessant destacar que aquestes embarcacions s\u00f3n finan\u00e7ades per m\u00e0fies que trafiquen amb molts d\u2019aquests refugiats.\u00a0<\/span><\/p>\n<p><span style=\"font-weight: 400;\">La situaci\u00f3 envers aquest tema \u00e9s preocupant i \u00e9s un tema del qual cap persona pot decantar-ne la mirada. \u00c9s per aix\u00f2 que la setmana que ve iniciarem a l\u2019institut la setmana tem\u00e0tica dels Conflictes i la Pau. <\/span><\/p>\n","protected":false},"excerpt":{"rendered":"<p><a href=\"https:\/\/agora.xtec.cat\/ies-baix-montseny\/wp-content\/uploads\/usu1288\/2021\/05\/749543c8-f16a-461b-a7a8-9e23aac01bc9.jpg\"><\/a><br \/>\nEl passat dimecres 28 d\u2019abril, els alumnes de l\u2019ODS de Conflictes Armats Just\u00edcia i Pau vam acudir a una xerrada sobre els refugiats, en la qual el metge Manel Anoro ens va explicar la seva experi\u00e8ncia a l\u2019illa de Quios, una illa de Gr\u00e8cia&hellip;  <a href=\"https:\/\/agora.xtec.cat\/ies-baix-montseny\/general\/des-del-camp-de-refugiats-de-quios\/\" title=\"Read DES DEL CAMP DE REFUGIATS DE QUIOS\">Llegeix m\u00e9s\u00bb<\/a><\/p>\n","protected":false},"author":7,"featured_media":20010,"comment_status":"open","ping_status":"closed","sticky":false,"template":"","format":"standard","meta":{"_bbp_topic_count":0,"_bbp_reply_count":0,"_bbp_total_topic_count":0,"_bbp_total_reply_count":0,"_bbp_voice_count":0,"_bbp_anonymous_reply_count":0,"_bbp_topic_count_hidden":0,"_bbp_reply_count_hidden":0,"_bbp_forum_subforum_count":0,"footnotes":""},"categories":[6,3,1,29],"tags":[],"class_list":["post-20009","post","type-post","status-publish","format-standard","has-post-thumbnail","hentry","category-eso-3","category-eso","category-general","category-portada"],"post_mailing_queue_ids":[],"_links":{"self":[{"href":"https:\/\/agora.xtec.cat\/ies-baix-montseny\/wp-json\/wp\/v2\/posts\/20009","targetHints":{"allow":["GET"]}}],"collection":[{"href":"https:\/\/agora.xtec.cat\/ies-baix-montseny\/wp-json\/wp\/v2\/posts"}],"about":[{"href":"https:\/\/agora.xtec.cat\/ies-baix-montseny\/wp-json\/wp\/v2\/types\/post"}],"author":[{"embeddable":true,"href":"https:\/\/agora.xtec.cat\/ies-baix-montseny\/wp-json\/wp\/v2\/users\/7"}],"replies":[{"embeddable":true,"href":"https:\/\/agora.xtec.cat\/ies-baix-montseny\/wp-json\/wp\/v2\/comments?post=20009"}],"version-history":[{"count":2,"href":"https:\/\/agora.xtec.cat\/ies-baix-montseny\/wp-json\/wp\/v2\/posts\/20009\/revisions"}],"predecessor-version":[{"id":20012,"href":"https:\/\/agora.xtec.cat\/ies-baix-montseny\/wp-json\/wp\/v2\/posts\/20009\/revisions\/20012"}],"wp:featuredmedia":[{"embeddable":true,"href":"https:\/\/agora.xtec.cat\/ies-baix-montseny\/wp-json\/wp\/v2\/media\/20010"}],"wp:attachment":[{"href":"https:\/\/agora.xtec.cat\/ies-baix-montseny\/wp-json\/wp\/v2\/media?parent=20009"}],"wp:term":[{"taxonomy":"category","embeddable":true,"href":"https:\/\/agora.xtec.cat\/ies-baix-montseny\/wp-json\/wp\/v2\/categories?post=20009"},{"taxonomy":"post_tag","embeddable":true,"href":"https:\/\/agora.xtec.cat\/ies-baix-montseny\/wp-json\/wp\/v2\/tags?post=20009"}],"curies":[{"name":"wp","href":"https:\/\/api.w.org\/{rel}","templated":true}]}}