{"id":20006,"date":"2021-05-13T14:45:52","date_gmt":"2021-05-13T12:45:52","guid":{"rendered":"http:\/\/agora.xtec.cat\/ies-baix-montseny\/?p=20006"},"modified":"2021-05-13T14:45:52","modified_gmt":"2021-05-13T12:45:52","slug":"gracies-per-la-vostra-col-laboracio","status":"publish","type":"post","link":"https:\/\/agora.xtec.cat\/ies-baix-montseny\/general\/gracies-per-la-vostra-col-laboracio\/","title":{"rendered":"GR\u00c0CIES PER LA VOSTRA COL.LABORACI\u00d3!"},"content":{"rendered":"<p><a href=\"https:\/\/agora.xtec.cat\/ies-baix-montseny\/wp-content\/uploads\/usu1288\/2021\/05\/Gr\u00e0cies-recollida-daliments-1.jpg\"><img loading=\"lazy\" decoding=\"async\" class=\"alignnone size-large wp-image-20007\" src=\"https:\/\/agora.xtec.cat\/ies-baix-montseny\/wp-content\/uploads\/usu1288\/2021\/05\/Gr\u00e0cies-recollida-daliments-1-724x1024.jpg\" alt=\"\" width=\"724\" height=\"1024\" srcset=\"https:\/\/agora.xtec.cat\/ies-baix-montseny\/wp-content\/uploads\/usu1288\/2021\/05\/Gr\u00e0cies-recollida-daliments-1-724x1024.jpg 724w, https:\/\/agora.xtec.cat\/ies-baix-montseny\/wp-content\/uploads\/usu1288\/2021\/05\/Gr\u00e0cies-recollida-daliments-1-212x300.jpg 212w, https:\/\/agora.xtec.cat\/ies-baix-montseny\/wp-content\/uploads\/usu1288\/2021\/05\/Gr\u00e0cies-recollida-daliments-1-768x1086.jpg 768w, https:\/\/agora.xtec.cat\/ies-baix-montseny\/wp-content\/uploads\/usu1288\/2021\/05\/Gr\u00e0cies-recollida-daliments-1.jpg 1587w\" sizes=\"auto, (max-width: 724px) 100vw, 724px\" \/><\/a>Gr\u00e0cies per col\u00b7laborar en la recollida!<\/p>\n<div>\n<div>Hem aconseguit m\u00e9s de 150 aliments i de 250 peces de roba i sabates. Totes aquestes aportacions s&#8217;han donat a C\u00e0ritas Sant Celoni per contribuir a l&#8217;ODS 2 Fi a la fam. Aquesta acci\u00f3 l&#8217;hem organitzat alguns alumnes de 3r i us volem agrair la implicaci\u00f3 i empatia!<\/div>\n<div><\/div>\n<div>Alumnat 3r d&#8217;ESO #Fi a la fam<\/div>\n<\/div>\n<div><\/div>\n<div><\/div>\n","protected":false},"excerpt":{"rendered":"<p><a href=\"https:\/\/agora.xtec.cat\/ies-baix-montseny\/wp-content\/uploads\/usu1288\/2021\/05\/Gr\u00e0cies-recollida-daliments-1.jpg\"><\/a>Gr\u00e0cies per col\u00b7laborar en la recollida!<\/p>\n<p>Hem aconseguit m\u00e9s de 150 aliments i de 250 peces de roba i sabates. Totes aquestes aportacions s&#8217;han donat a C\u00e0ritas Sant Celoni per contribuir a l&#8217;ODS 2 Fi a la fam. Aquesta acci\u00f3 l&#8217;hem organitzat alguns alumnes de&hellip;  <a href=\"https:\/\/agora.xtec.cat\/ies-baix-montseny\/general\/gracies-per-la-vostra-col-laboracio\/\" title=\"Read GR\u00c0CIES PER LA VOSTRA COL.LABORACI\u00d3!\">Llegeix m\u00e9s\u00bb<\/a><\/p>\n","protected":false},"author":7,"featured_media":20007,"comment_status":"open","ping_status":"closed","sticky":false,"template":"","format":"standard","meta":{"_bbp_topic_count":0,"_bbp_reply_count":0,"_bbp_total_topic_count":0,"_bbp_total_reply_count":0,"_bbp_voice_count":0,"_bbp_anonymous_reply_count":0,"_bbp_topic_count_hidden":0,"_bbp_reply_count_hidden":0,"_bbp_forum_subforum_count":0,"footnotes":""},"categories":[6,64,1,29],"tags":[],"class_list":["post-20006","post","type-post","status-publish","format-standard","has-post-thumbnail","hentry","category-eso-3","category-activitats","category-general","category-portada"],"post_mailing_queue_ids":[],"_links":{"self":[{"href":"https:\/\/agora.xtec.cat\/ies-baix-montseny\/wp-json\/wp\/v2\/posts\/20006","targetHints":{"allow":["GET"]}}],"collection":[{"href":"https:\/\/agora.xtec.cat\/ies-baix-montseny\/wp-json\/wp\/v2\/posts"}],"about":[{"href":"https:\/\/agora.xtec.cat\/ies-baix-montseny\/wp-json\/wp\/v2\/types\/post"}],"author":[{"embeddable":true,"href":"https:\/\/agora.xtec.cat\/ies-baix-montseny\/wp-json\/wp\/v2\/users\/7"}],"replies":[{"embeddable":true,"href":"https:\/\/agora.xtec.cat\/ies-baix-montseny\/wp-json\/wp\/v2\/comments?post=20006"}],"version-history":[{"count":1,"href":"https:\/\/agora.xtec.cat\/ies-baix-montseny\/wp-json\/wp\/v2\/posts\/20006\/revisions"}],"predecessor-version":[{"id":20008,"href":"https:\/\/agora.xtec.cat\/ies-baix-montseny\/wp-json\/wp\/v2\/posts\/20006\/revisions\/20008"}],"wp:featuredmedia":[{"embeddable":true,"href":"https:\/\/agora.xtec.cat\/ies-baix-montseny\/wp-json\/wp\/v2\/media\/20007"}],"wp:attachment":[{"href":"https:\/\/agora.xtec.cat\/ies-baix-montseny\/wp-json\/wp\/v2\/media?parent=20006"}],"wp:term":[{"taxonomy":"category","embeddable":true,"href":"https:\/\/agora.xtec.cat\/ies-baix-montseny\/wp-json\/wp\/v2\/categories?post=20006"},{"taxonomy":"post_tag","embeddable":true,"href":"https:\/\/agora.xtec.cat\/ies-baix-montseny\/wp-json\/wp\/v2\/tags?post=20006"}],"curies":[{"name":"wp","href":"https:\/\/api.w.org\/{rel}","templated":true}]}}