{"id":19988,"date":"2021-05-03T11:31:50","date_gmt":"2021-05-03T09:31:50","guid":{"rendered":"http:\/\/agora.xtec.cat\/ies-baix-montseny\/?p=19988"},"modified":"2021-05-03T11:32:59","modified_gmt":"2021-05-03T09:32:59","slug":"concurs-fotografia-matematica","status":"publish","type":"post","link":"https:\/\/agora.xtec.cat\/ies-baix-montseny\/general\/concurs-fotografia-matematica\/","title":{"rendered":"CONCURS FOTOGRAFIA MATEM\u00c0TICA"},"content":{"rendered":"<div><a href=\"https:\/\/agora.xtec.cat\/ies-baix-montseny\/wp-content\/uploads\/usu1288\/2021\/05\/20210503_112546-1.jpg\"><img loading=\"lazy\" decoding=\"async\" class=\"alignnone size-full wp-image-19991\" src=\"https:\/\/agora.xtec.cat\/ies-baix-montseny\/wp-content\/uploads\/usu1288\/2021\/05\/20210503_112546-1.jpg\" alt=\"\" width=\"640\" height=\"343\" srcset=\"https:\/\/agora.xtec.cat\/ies-baix-montseny\/wp-content\/uploads\/usu1288\/2021\/05\/20210503_112546-1.jpg 640w, https:\/\/agora.xtec.cat\/ies-baix-montseny\/wp-content\/uploads\/usu1288\/2021\/05\/20210503_112546-1-300x161.jpg 300w\" sizes=\"auto, (max-width: 640px) 100vw, 640px\" \/><\/a><img loading=\"lazy\" decoding=\"async\" class=\"alignnone size-full wp-image-19990\" src=\"https:\/\/agora.xtec.cat\/ies-baix-montseny\/wp-content\/uploads\/usu1288\/2021\/05\/20210503_112554.jpg\" alt=\"\" width=\"640\" height=\"335\" srcset=\"https:\/\/agora.xtec.cat\/ies-baix-montseny\/wp-content\/uploads\/usu1288\/2021\/05\/20210503_112554.jpg 640w, https:\/\/agora.xtec.cat\/ies-baix-montseny\/wp-content\/uploads\/usu1288\/2021\/05\/20210503_112554-300x157.jpg 300w\" sizes=\"auto, (max-width: 640px) 100vw, 640px\" \/><\/div>\n<div><\/div>\n<div><i><span style=\"color: #0000ff;\">Despr\u00e9s de la participaci\u00f3 de m\u00e9s de cent alumnes, la selecci\u00f3 de les millors fotos per part d&#8217;un comit\u00e8 matem\u00e0tic i les votacions de m\u00e9s de dos-centes persones de tota la comunitat educativa, ja tenim el veredicte final. Passeu per l&#8217;entrada i veureu les fotos guanyadores!<\/span><\/i><\/div>\n<div><span style=\"color: #0000ff;\">\u00a0<\/span><\/div>\n<div><i><span style=\"color: #0000ff;\">Enhorabona per la feina feta!<\/span><\/i><\/div>\n<div><i><span style=\"color: #0000ff;\">\u00a0<\/span><\/i><\/div>\n<div><i><span style=\"color: #0000ff;\">Les persones premiades s\u00f3n:<\/span><\/i><\/div>\n<div>\n<ul>\n<li><i><span style=\"color: #0000ff;\">Categoria ESO12<\/span><\/i>\n<ul>\n<li><i><span style=\"color: #0000ff;\">Primer premi: La natura tamb\u00e9 \u00e9s geom\u00e8trica, de la M G (2n ESO D)<\/span><\/i><\/li>\n<li><i><span style=\"color: #0000ff;\">Segon premi: Nombres triangulars, de l&#8217;E G (1r ESO C)<\/span><\/i><\/li>\n<li><i><span style=\"color: #0000ff;\">Tercer premi: L\u00ednia de punts salats, de M R (1r ESO B)<\/span><\/i><\/li>\n<li><i><span style=\"color: #0000ff;\">Premi comit\u00e8 matem\u00e0tic: Quin \u00e9s el seient amb probabilitat zero?, de la N S (2n ESO C)<\/span><\/i><\/li>\n<\/ul>\n<\/li>\n<li><i><span style=\"color: #0000ff;\">Categoria ESO34:<\/span><\/i>\n<ul>\n<li><i><span style=\"color: #0000ff;\">Primer premi: El nombre d&#8217;or en la natura, de la M A (3r ESO E)<\/span><\/i><\/li>\n<li><i><span style=\"color: #0000ff;\">Segon premi (empat): Domini i recorregut de la llum, de l&#8217;A G (3r ESO B) &amp; De mesures triangulars a mesures circulars, de la N F (3r ESO E)<\/span><\/i><\/li>\n<li><i><span style=\"color: #0000ff;\">Tercer premi: Quadrat triangular met\u00e0l\u00b7lic, de l&#8217;O V (3r ESO A)<\/span><\/i><\/li>\n<li><i><span style=\"color: #0000ff;\">Premi comit\u00e8 matem\u00e0tic: Domini i recorregut de la llum, de l&#8217;A G (3r ESO B)<\/span><\/i><\/li>\n<\/ul>\n<\/li>\n<\/ul>\n<\/div>\n","protected":false},"excerpt":{"rendered":"<p><a href=\"https:\/\/agora.xtec.cat\/ies-baix-montseny\/wp-content\/uploads\/usu1288\/2021\/05\/20210503_112546-1.jpg\"><\/a><\/p>\n<p>Despr\u00e9s de la participaci\u00f3 de m\u00e9s de cent alumnes, la selecci\u00f3 de les millors fotos per part d&#8217;un comit\u00e8 matem\u00e0tic i les votacions de m\u00e9s de dos-centes persones de tota la comunitat educativa, ja tenim el veredicte final. Passeu per l&#8217;entrada i veureu les&hellip;  <a href=\"https:\/\/agora.xtec.cat\/ies-baix-montseny\/general\/concurs-fotografia-matematica\/\" title=\"Read CONCURS FOTOGRAFIA MATEM\u00c0TICA\">Llegeix m\u00e9s\u00bb<\/a><\/p>\n","protected":false},"author":7,"featured_media":19991,"comment_status":"open","ping_status":"closed","sticky":false,"template":"","format":"standard","meta":{"_bbp_topic_count":0,"_bbp_reply_count":0,"_bbp_total_topic_count":0,"_bbp_total_reply_count":0,"_bbp_voice_count":0,"_bbp_anonymous_reply_count":0,"_bbp_topic_count_hidden":0,"_bbp_reply_count_hidden":0,"_bbp_forum_subforum_count":0,"footnotes":""},"categories":[96,3,1,29],"tags":[],"class_list":["post-19988","post","type-post","status-publish","format-standard","has-post-thumbnail","hentry","category-concursos","category-eso","category-general","category-portada"],"post_mailing_queue_ids":[],"_links":{"self":[{"href":"https:\/\/agora.xtec.cat\/ies-baix-montseny\/wp-json\/wp\/v2\/posts\/19988","targetHints":{"allow":["GET"]}}],"collection":[{"href":"https:\/\/agora.xtec.cat\/ies-baix-montseny\/wp-json\/wp\/v2\/posts"}],"about":[{"href":"https:\/\/agora.xtec.cat\/ies-baix-montseny\/wp-json\/wp\/v2\/types\/post"}],"author":[{"embeddable":true,"href":"https:\/\/agora.xtec.cat\/ies-baix-montseny\/wp-json\/wp\/v2\/users\/7"}],"replies":[{"embeddable":true,"href":"https:\/\/agora.xtec.cat\/ies-baix-montseny\/wp-json\/wp\/v2\/comments?post=19988"}],"version-history":[{"count":1,"href":"https:\/\/agora.xtec.cat\/ies-baix-montseny\/wp-json\/wp\/v2\/posts\/19988\/revisions"}],"predecessor-version":[{"id":19992,"href":"https:\/\/agora.xtec.cat\/ies-baix-montseny\/wp-json\/wp\/v2\/posts\/19988\/revisions\/19992"}],"wp:featuredmedia":[{"embeddable":true,"href":"https:\/\/agora.xtec.cat\/ies-baix-montseny\/wp-json\/wp\/v2\/media\/19991"}],"wp:attachment":[{"href":"https:\/\/agora.xtec.cat\/ies-baix-montseny\/wp-json\/wp\/v2\/media?parent=19988"}],"wp:term":[{"taxonomy":"category","embeddable":true,"href":"https:\/\/agora.xtec.cat\/ies-baix-montseny\/wp-json\/wp\/v2\/categories?post=19988"},{"taxonomy":"post_tag","embeddable":true,"href":"https:\/\/agora.xtec.cat\/ies-baix-montseny\/wp-json\/wp\/v2\/tags?post=19988"}],"curies":[{"name":"wp","href":"https:\/\/api.w.org\/{rel}","templated":true}]}}