{"id":19916,"date":"2021-04-15T14:23:04","date_gmt":"2021-04-15T12:23:04","guid":{"rendered":"http:\/\/agora.xtec.cat\/ies-baix-montseny\/?p=19916"},"modified":"2021-04-16T11:46:53","modified_gmt":"2021-04-16T09:46:53","slug":"portes-obertes-batxillerat","status":"publish","type":"post","link":"https:\/\/agora.xtec.cat\/ies-baix-montseny\/general\/portes-obertes-batxillerat\/","title":{"rendered":"PORTES OBERTES BATXILLERAT"},"content":{"rendered":"<p>A les Portes Obertes de\u00a0 Batxillerat, encara hi ha places disponibles de forma presencial. Els que estigueu interessats truqueu a l\u2019Institut en horari de dilluns a divendres de 10 a 13.<\/p>\n<p>El mateix dia 24 d&#8217;abril, aquells que vulgueu ser-hi per\u00f2 no podeu venir presencialment, podreu seguir-les en l\u00ednia. Tamb\u00e9 es podran fer consultes a traves del xat de l\u2019aplicaci\u00f3. L\u2019enlla\u00e7 d\u2019aquesta v\u00eddeo trucada es penjar\u00e0 el mateix dia a la nostra web.<\/p>\n<p>Hi haur\u00e0 2 xerrades telem\u00e0tiques, una gen\u00e8rica d\u201911 a 12h i una espec\u00edfica per a l\u2019art\u00edstic de 13 a 14h.<\/p>\n","protected":false},"excerpt":{"rendered":"<p>A les Portes Obertes de\u00a0 Batxillerat, encara hi ha places disponibles de forma presencial. Els que estigueu interessats truqueu a l\u2019Institut en horari de dilluns a divendres de 10 a 13.<br \/>\nEl mateix dia 24 d&#8217;abril, aquells que vulgueu ser-hi per\u00f2 no podeu venir presencialment, podreu&hellip;  <a href=\"https:\/\/agora.xtec.cat\/ies-baix-montseny\/general\/portes-obertes-batxillerat\/\" title=\"Read PORTES OBERTES BATXILLERAT\">Llegeix m\u00e9s\u00bb<\/a><\/p>\n","protected":false},"author":7,"featured_media":0,"comment_status":"open","ping_status":"closed","sticky":false,"template":"","format":"standard","meta":{"_bbp_topic_count":0,"_bbp_reply_count":0,"_bbp_total_topic_count":0,"_bbp_total_reply_count":0,"_bbp_voice_count":0,"_bbp_anonymous_reply_count":0,"_bbp_topic_count_hidden":0,"_bbp_reply_count_hidden":0,"_bbp_forum_subforum_count":0,"footnotes":""},"categories":[64,1,29],"tags":[],"class_list":["post-19916","post","type-post","status-publish","format-standard","hentry","category-activitats","category-general","category-portada"],"post_mailing_queue_ids":[],"_links":{"self":[{"href":"https:\/\/agora.xtec.cat\/ies-baix-montseny\/wp-json\/wp\/v2\/posts\/19916","targetHints":{"allow":["GET"]}}],"collection":[{"href":"https:\/\/agora.xtec.cat\/ies-baix-montseny\/wp-json\/wp\/v2\/posts"}],"about":[{"href":"https:\/\/agora.xtec.cat\/ies-baix-montseny\/wp-json\/wp\/v2\/types\/post"}],"author":[{"embeddable":true,"href":"https:\/\/agora.xtec.cat\/ies-baix-montseny\/wp-json\/wp\/v2\/users\/7"}],"replies":[{"embeddable":true,"href":"https:\/\/agora.xtec.cat\/ies-baix-montseny\/wp-json\/wp\/v2\/comments?post=19916"}],"version-history":[{"count":2,"href":"https:\/\/agora.xtec.cat\/ies-baix-montseny\/wp-json\/wp\/v2\/posts\/19916\/revisions"}],"predecessor-version":[{"id":19918,"href":"https:\/\/agora.xtec.cat\/ies-baix-montseny\/wp-json\/wp\/v2\/posts\/19916\/revisions\/19918"}],"wp:attachment":[{"href":"https:\/\/agora.xtec.cat\/ies-baix-montseny\/wp-json\/wp\/v2\/media?parent=19916"}],"wp:term":[{"taxonomy":"category","embeddable":true,"href":"https:\/\/agora.xtec.cat\/ies-baix-montseny\/wp-json\/wp\/v2\/categories?post=19916"},{"taxonomy":"post_tag","embeddable":true,"href":"https:\/\/agora.xtec.cat\/ies-baix-montseny\/wp-json\/wp\/v2\/tags?post=19916"}],"curies":[{"name":"wp","href":"https:\/\/api.w.org\/{rel}","templated":true}]}}