{"id":19883,"date":"2021-04-09T13:58:48","date_gmt":"2021-04-09T11:58:48","guid":{"rendered":"http:\/\/agora.xtec.cat\/ies-baix-montseny\/?p=19883"},"modified":"2021-04-09T13:58:48","modified_gmt":"2021-04-09T11:58:48","slug":"itineraris-de-batxillerat","status":"publish","type":"post","link":"https:\/\/agora.xtec.cat\/ies-baix-montseny\/general\/itineraris-de-batxillerat\/","title":{"rendered":"ITINERARIS DE BATXILLERAT"},"content":{"rendered":"<p><a href=\"https:\/\/agora.xtec.cat\/ies-baix-montseny\/wp-content\/uploads\/usu1288\/2021\/04\/9bda685dd081f57e4c8b6be1add41e2e.jpg\"><img loading=\"lazy\" decoding=\"async\" class=\"alignnone size-full wp-image-19889\" src=\"https:\/\/agora.xtec.cat\/ies-baix-montseny\/wp-content\/uploads\/usu1288\/2021\/04\/9bda685dd081f57e4c8b6be1add41e2e.jpg\" alt=\"\" width=\"291\" height=\"173\" \/><\/a><\/p>\n<p>L&#8217;etapa de Batxillerat es configura en\u00a0<strong>dos cursos acad\u00e8mics<\/strong> durant els quals has de cursar una s\u00e8rie d&#8217;assignatures estructurades de la seg\u00fcent manera:<\/p>\n<ul>\n<li><strong>Mat\u00e8ries comunes<\/strong>: aquestes assignatures proporcionen una formaci\u00f3 general a l&#8217;alumnat. Algunes s\u00f3n obligat\u00f2ries (mat\u00e8ries comunes generals) i altres varien en funci\u00f3 de la modalitat de Batxillerat triada (mat\u00e8ries comunes d&#8217;opci\u00f3).<\/li>\n<li><strong>Mat\u00e8ries de modalitat<\/strong>: s\u00f3n assignatures per poder profunditzar en la modalitat de Batxillerat triada. Els centres i les administracions educatives en fixen la seva oferta.<\/li>\n<li><strong>Mat\u00e8ries espec\u00edfiques<\/strong>: en aquest tipus d&#8217;assignatures s&#8217;hi inclouen assignatures espec\u00edfiques, assignatures d&#8217;ampliaci\u00f3 de continguts o altres assignatures a determinar per les administracions educatives.<\/li>\n<\/ul>\n<p>Hi ha\u00a0<strong>tres modalitats de Batxillerat<\/strong> entre les que podr\u00e0s triar en funci\u00f3 de les teves necessitats i interessos, a continuaci\u00f3 podreu trobar els diferents itineraris que oferim dins de cada modalitat:<\/p>\n<ul>\n<li><strong>Ci\u00e8ncies i tecnologia<\/strong><\/li>\n<li><a href=\"https:\/\/agora.xtec.cat\/ies-baix-montseny\/wp-content\/uploads\/usu1288\/2021\/04\/Tria-itineraris-de-1r-Batxillerat-ci\u00e8ncies-i-tecnologia.pdf\">Tria itineraris de 1r Batxillerat ci\u00e8ncies i tecnologia<\/a><\/li>\n<li><strong>Humanitats i ci\u00e8ncies socials<\/strong><\/li>\n<li>\u00a0<a style=\"color: #2795b6;\" href=\"https:\/\/agora.xtec.cat\/ies-baix-montseny\/wp-content\/uploads\/usu1288\/2021\/04\/Tria-itineraris-de-1r-Batxillerat-human\u00edstic.pdf\">Tria itineraris de 1r Batxillerat human\u00edstic<\/a><\/li>\n<li>\u00a0<a style=\"color: #2795b6;\" href=\"https:\/\/agora.xtec.cat\/ies-baix-montseny\/wp-content\/uploads\/usu1288\/2021\/04\/Tria-itineraris-de-1r-Batxillerat-social.pdf\">Tria itineraris de 1r Batxillerat social<\/a><\/li>\n<li><strong>Arts<\/strong><\/li>\n<li><a style=\"color: #2795b6;\" href=\"https:\/\/agora.xtec.cat\/ies-baix-montseny\/wp-content\/uploads\/usu1288\/2021\/04\/Tria-itineraris-de-1r-Batxillerat-art\u00edstic.pdf\">Tria itineraris de 1r Batxillerat art\u00edstic<\/a><\/li>\n<\/ul>\n","protected":false},"excerpt":{"rendered":"<p><a href=\"https:\/\/agora.xtec.cat\/ies-baix-montseny\/wp-content\/uploads\/usu1288\/2021\/04\/9bda685dd081f57e4c8b6be1add41e2e.jpg\"><\/a><br \/>\nL&#8217;etapa de Batxillerat es configura en\u00a0dos cursos acad\u00e8mics durant els quals has de cursar una s\u00e8rie d&#8217;assignatures estructurades de la seg\u00fcent manera:<\/p>\n<ul>\n<li>Mat\u00e8ries comunes: aquestes assignatures proporcionen una formaci\u00f3 general a l&#8217;alumnat. Algunes s\u00f3n obligat\u00f2ries (mat\u00e8ries comunes generals) i altres varien en funci\u00f3 de la&hellip;  <a href=\"https:\/\/agora.xtec.cat\/ies-baix-montseny\/general\/itineraris-de-batxillerat\/\" title=\"Read ITINERARIS DE BATXILLERAT\">Llegeix m\u00e9s\u00bb<\/a><br \/>\n","protected":false},"author":7,"featured_media":19889,"comment_status":"open","ping_status":"closed","sticky":false,"template":"","format":"standard","meta":{"_bbp_topic_count":0,"_bbp_reply_count":0,"_bbp_total_topic_count":0,"_bbp_total_reply_count":0,"_bbp_voice_count":0,"_bbp_anonymous_reply_count":0,"_bbp_topic_count_hidden":0,"_bbp_reply_count_hidden":0,"_bbp_forum_subforum_count":0,"footnotes":""},"categories":[8,1,29],"tags":[],"class_list":["post-19883","post","type-post","status-publish","format-standard","has-post-thumbnail","hentry","category-batxillerat","category-general","category-portada"],"post_mailing_queue_ids":[],"_links":{"self":[{"href":"https:\/\/agora.xtec.cat\/ies-baix-montseny\/wp-json\/wp\/v2\/posts\/19883","targetHints":{"allow":["GET"]}}],"collection":[{"href":"https:\/\/agora.xtec.cat\/ies-baix-montseny\/wp-json\/wp\/v2\/posts"}],"about":[{"href":"https:\/\/agora.xtec.cat\/ies-baix-montseny\/wp-json\/wp\/v2\/types\/post"}],"author":[{"embeddable":true,"href":"https:\/\/agora.xtec.cat\/ies-baix-montseny\/wp-json\/wp\/v2\/users\/7"}],"replies":[{"embeddable":true,"href":"https:\/\/agora.xtec.cat\/ies-baix-montseny\/wp-json\/wp\/v2\/comments?post=19883"}],"version-history":[{"count":2,"href":"https:\/\/agora.xtec.cat\/ies-baix-montseny\/wp-json\/wp\/v2\/posts\/19883\/revisions"}],"predecessor-version":[{"id":19890,"href":"https:\/\/agora.xtec.cat\/ies-baix-montseny\/wp-json\/wp\/v2\/posts\/19883\/revisions\/19890"}],"wp:featuredmedia":[{"embeddable":true,"href":"https:\/\/agora.xtec.cat\/ies-baix-montseny\/wp-json\/wp\/v2\/media\/19889"}],"wp:attachment":[{"href":"https:\/\/agora.xtec.cat\/ies-baix-montseny\/wp-json\/wp\/v2\/media?parent=19883"}],"wp:term":[{"taxonomy":"category","embeddable":true,"href":"https:\/\/agora.xtec.cat\/ies-baix-montseny\/wp-json\/wp\/v2\/categories?post=19883"},{"taxonomy":"post_tag","embeddable":true,"href":"https:\/\/agora.xtec.cat\/ies-baix-montseny\/wp-json\/wp\/v2\/tags?post=19883"}],"curies":[{"name":"wp","href":"https:\/\/api.w.org\/{rel}","templated":true}]}}