{"id":19874,"date":"2021-04-08T21:16:37","date_gmt":"2021-04-08T19:16:37","guid":{"rendered":"http:\/\/agora.xtec.cat\/ies-baix-montseny\/?p=19874"},"modified":"2021-04-10T12:12:22","modified_gmt":"2021-04-10T10:12:22","slug":"competicio-catskills-2021","status":"publish","type":"post","link":"https:\/\/agora.xtec.cat\/ies-baix-montseny\/general\/competicio-catskills-2021\/","title":{"rendered":"Competici\u00f3 Catskills 2021"},"content":{"rendered":"<p style=\"text-align: justify;\">En <span style=\"color: #0000ff;\"><strong>Pol Martorell<\/strong><\/span> i en <span style=\"color: #0000ff;\"><strong>Gerard Pasqual<\/strong><\/span>, alumnes de primer del CFGS de <span style=\"text-decoration: underline;\"><strong>Qu\u00edmica Industrial<\/strong><\/span>, participen <strong>dem\u00e0 9\/4<\/strong> a la Competici\u00f3 <strong>Catskills 2021 <\/strong>que organitza la Direcci\u00f3 General de Formaci\u00f3 Professional Inicial i Ensenyaments de R\u00e8gim Especial del Departament d\u2019Educaci\u00f3 de la Generalitat de Catalunya.<\/p>\n<p style=\"text-align: justify;\">A l&#8217;Institut Baix Montseny ja ho tenim tot preparat i <span style=\"text-decoration: underline;\">volem fer arribar el nostre suport i \u00e0nims a tot l&#8217;alumnat que hi participa.<\/span><\/p>\n<p style=\"text-align: justify;\"><strong>Catskills 2021<\/strong>\u00a0t\u00e9 com a objectiu principal la promoci\u00f3 de la Formaci\u00f3 Professional a trav\u00e9s de la participaci\u00f3 de l\u2019alumnat en una competici\u00f3 que\u00a0 afegeix una motivaci\u00f3 extra en el seu itinerari professional, i tamb\u00e9 una experi\u00e8ncia personal enriquidora. Al mateix temps, el centre educatiu i el professorat que participa en la preparaci\u00f3 de l\u2019alumnat pot intercanviar experi\u00e8ncies i establir xarxes de col\u00b7laboraci\u00f3 entre els centres i les empreses que hi participen.<\/p>\n<p style=\"text-align: justify;\">Les proves estan inspirades en les descripcions t\u00e8cniques que regeixen la competici\u00f3 internacional WorldSkills Competition.<\/p>\n<h5 style=\"text-align: justify;\">L&#8217;emissi\u00f3 comen\u00e7ar\u00e0 a les 10 del mat\u00ed i la podreu veure en streaming!<\/h5>\n<p class=\"gmail_default\" style=\"text-align: justify;\">Per visualitzar els streamings de <span style=\"text-decoration: underline;\"><strong><span style=\"color: #008000; text-decoration: underline;\">totes les fam\u00edlies professionals<\/span><\/strong><\/span> que hi participen cliqueu <span style=\"color: #3366ff;\"><strong><a style=\"color: #3366ff;\" href=\"https:\/\/sites.google.com\/view\/catskills\/p%C3%A0gina-dinici?authuser=0\" target=\"_blank\" rel=\"noopener noreferrer\">Aqu\u00ed<\/a><\/strong><\/span><\/p>\n<p class=\"gmail_default\" style=\"text-align: justify;\">Per visualitzar el streaming de <strong><span style=\"text-decoration: underline;\"><span style=\"color: #993366; text-decoration: underline;\">Qu\u00edmica<\/span><\/span><\/strong>\u00a0cliqueu <span style=\"color: #3366ff;\"><strong><a style=\"color: #3366ff;\" href=\"https:\/\/youtu.be\/Vx-8hBv8VOI\" target=\"_blank\" rel=\"noopener noreferrer\">Aqu\u00ed<\/a><\/strong><\/span><\/p>\n<div><\/div>\n<div class=\"gmail_default\" style=\"text-align: justify;\"><a href=\"https:\/\/agora.xtec.cat\/ies-baix-montseny\/wp-content\/uploads\/usu1288\/2021\/04\/IMG-20210408-WA0031.jpg\"><img loading=\"lazy\" decoding=\"async\" class=\"wp-image-19877 aligncenter\" src=\"https:\/\/agora.xtec.cat\/ies-baix-montseny\/wp-content\/uploads\/usu1288\/2021\/04\/IMG-20210408-WA0031-1024x715.jpg\" alt=\"\" width=\"692\" height=\"483\" srcset=\"https:\/\/agora.xtec.cat\/ies-baix-montseny\/wp-content\/uploads\/usu1288\/2021\/04\/IMG-20210408-WA0031-1024x715.jpg 1024w, https:\/\/agora.xtec.cat\/ies-baix-montseny\/wp-content\/uploads\/usu1288\/2021\/04\/IMG-20210408-WA0031-300x209.jpg 300w, https:\/\/agora.xtec.cat\/ies-baix-montseny\/wp-content\/uploads\/usu1288\/2021\/04\/IMG-20210408-WA0031-768x536.jpg 768w, https:\/\/agora.xtec.cat\/ies-baix-montseny\/wp-content\/uploads\/usu1288\/2021\/04\/IMG-20210408-WA0031.jpg 1600w\" sizes=\"auto, (max-width: 692px) 100vw, 692px\" \/><\/a><\/div>\n<div><\/div>\n<div><a href=\"https:\/\/agora.xtec.cat\/ies-baix-montseny\/wp-content\/uploads\/usu1288\/2021\/04\/catskills.png\"><img loading=\"lazy\" decoding=\"async\" class=\" wp-image-19875 alignright\" src=\"https:\/\/agora.xtec.cat\/ies-baix-montseny\/wp-content\/uploads\/usu1288\/2021\/04\/catskills.png\" alt=\"\" width=\"198\" height=\"152\" \/><\/a><\/div>\n","protected":false},"excerpt":{"rendered":"<p>En Pol Martorell i en Gerard Pasqual, alumnes de primer del CFGS de Qu\u00edmica Industrial, participen dem\u00e0 9\/4 a la Competici\u00f3 Catskills 2021 que organitza la Direcci\u00f3 General de Formaci\u00f3 Professional Inicial i Ensenyaments de R\u00e8gim Especial del Departament d\u2019Educaci\u00f3 de la Generalitat de Catalunya.<br \/>\nA&hellip;  <a href=\"https:\/\/agora.xtec.cat\/ies-baix-montseny\/general\/competicio-catskills-2021\/\" title=\"Read Competici\u00f3 Catskills 2021\">Llegeix m\u00e9s\u00bb<\/a><\/p>\n","protected":false},"author":10,"featured_media":19875,"comment_status":"open","ping_status":"closed","sticky":false,"template":"","format":"standard","meta":{"_bbp_topic_count":0,"_bbp_reply_count":0,"_bbp_total_topic_count":0,"_bbp_total_reply_count":0,"_bbp_voice_count":0,"_bbp_anonymous_reply_count":0,"_bbp_topic_count_hidden":0,"_bbp_reply_count_hidden":0,"_bbp_forum_subforum_count":0,"footnotes":""},"categories":[64,30,96,1,29],"tags":[],"class_list":["post-19874","post","type-post","status-publish","format-standard","has-post-thumbnail","hentry","category-activitats","category-cicles-formatius","category-concursos","category-general","category-portada"],"post_mailing_queue_ids":[],"_links":{"self":[{"href":"https:\/\/agora.xtec.cat\/ies-baix-montseny\/wp-json\/wp\/v2\/posts\/19874","targetHints":{"allow":["GET"]}}],"collection":[{"href":"https:\/\/agora.xtec.cat\/ies-baix-montseny\/wp-json\/wp\/v2\/posts"}],"about":[{"href":"https:\/\/agora.xtec.cat\/ies-baix-montseny\/wp-json\/wp\/v2\/types\/post"}],"author":[{"embeddable":true,"href":"https:\/\/agora.xtec.cat\/ies-baix-montseny\/wp-json\/wp\/v2\/users\/10"}],"replies":[{"embeddable":true,"href":"https:\/\/agora.xtec.cat\/ies-baix-montseny\/wp-json\/wp\/v2\/comments?post=19874"}],"version-history":[{"count":4,"href":"https:\/\/agora.xtec.cat\/ies-baix-montseny\/wp-json\/wp\/v2\/posts\/19874\/revisions"}],"predecessor-version":[{"id":19880,"href":"https:\/\/agora.xtec.cat\/ies-baix-montseny\/wp-json\/wp\/v2\/posts\/19874\/revisions\/19880"}],"wp:featuredmedia":[{"embeddable":true,"href":"https:\/\/agora.xtec.cat\/ies-baix-montseny\/wp-json\/wp\/v2\/media\/19875"}],"wp:attachment":[{"href":"https:\/\/agora.xtec.cat\/ies-baix-montseny\/wp-json\/wp\/v2\/media?parent=19874"}],"wp:term":[{"taxonomy":"category","embeddable":true,"href":"https:\/\/agora.xtec.cat\/ies-baix-montseny\/wp-json\/wp\/v2\/categories?post=19874"},{"taxonomy":"post_tag","embeddable":true,"href":"https:\/\/agora.xtec.cat\/ies-baix-montseny\/wp-json\/wp\/v2\/tags?post=19874"}],"curies":[{"name":"wp","href":"https:\/\/api.w.org\/{rel}","templated":true}]}}