{"id":19846,"date":"2021-03-19T08:41:54","date_gmt":"2021-03-19T07:41:54","guid":{"rendered":"http:\/\/agora.xtec.cat\/ies-baix-montseny\/?p=19846"},"modified":"2021-03-19T08:41:54","modified_gmt":"2021-03-19T07:41:54","slug":"proves-cangur-2021","status":"publish","type":"post","link":"https:\/\/agora.xtec.cat\/ies-baix-montseny\/general\/proves-cangur-2021\/","title":{"rendered":"PROVES CANGUR 2021"},"content":{"rendered":"<p><em><strong>El passat dijous dia 18 de mar\u00e7 el nostre institut va participar a les Proves Cangur 2021, un concurs de talent matem\u00e0tic on es plantegen 30 preguntes que cal resoldre en un m\u00e0xim de 75 minuts i que va dirigida a tots els instituts de Catalunya, Pa\u00eds Valenci\u00e0 i Balears.<br \/>\n<\/strong><\/em><\/p>\n<p><em><strong>L\u2019objectiu\u00a0de les proves \u00e9s que els alumnes participin i dediquin una estona especial a\u00a0divertir-se tot resolent els reptes plantejats. Els problemes es basen m\u00e9s en el raonament i l\u2019enginy que en coneixements matem\u00e0tics espec\u00edfics.<\/strong><\/em><\/p>\n<p style=\"font-weight: 400;\"><em><strong>Pensem que la participaci\u00f3 en aquesta prova \u00e9s una bona oportunitat per introduir a l\u2019aula unes matem\u00e0tiques diferents a les habituals i treballar, de forma l\u00fadica i innovadora, aspectes referents a les compet\u00e8ncies associades a la resoluci\u00f3 de problemes. \u00c9s per aix\u00f2 que a l&#8217;Institut Baix Montseny des de fa anys promovem la participaci\u00f3 a aquest concurs.<\/strong><\/em><\/p>\n<p style=\"font-weight: 400;\"><strong><em>La participaci\u00f3 al concurs \u00e9s volunt\u00e0ria i \u00e9s l&#8217;alumne qui decideix lliurement si vol participar o no.\u00a0 \u00a0<\/em><\/strong><\/p>\n<p style=\"font-weight: 400;\"><em><b style=\"font-weight: 400;\">Degut a les circumst\u00e0ncies provocades per la Covid aquest concurs va quedar susp\u00e8s l&#8217;any 2020 i aquest any no hem pogut realitzar les proves al gimn\u00e0s de l&#8217;escola del Soler de Vilardell tal com vam fer fa 2 cursos, quan vam mobilitzar al voltant de 190 alumnes. Aquesta vegada ho hem fet en grups m\u00e9s redu\u00efts i respectant els grups bombolla a 1r i 2n d&#8217;ESO. A 3r i 4t d&#8217;ESO i a Batxillerat, com que els alumnes es <\/b><b>barregen<\/b><b style=\"font-weight: 400;\">\u00a0a les assignatures optatives, hem buscat espais grans per poder fer la prova <\/b><b>ajuntant<\/b><b style=\"font-weight: 400;\"> els alumnes d&#8217;un mateix curs escolar. Aix\u00f2 s\u00ed, en espai gran i ventilat, amb el l\u00edquid hidroalcoh\u00f2lic a prop, respectant la dist\u00e0ncia i sempre amb la mascareta!!!!<\/b><\/em><\/p>\n<p style=\"font-weight: 400;\"><em><strong>Gr\u00e0cies a tots, la jornada va ser un \u00e8xit d&#8217;organitzaci\u00f3 i de participaci\u00f3 i ha fet que, tot i les circumst\u00e0ncies, un total de\u00a0142\u00a0alumnes del nostre centre, des de 1r d&#8217;ESO fins a 1r de Batxillerat, dediquessin una bona estona a gaudir resolent els problemes plantejats.<\/strong><\/em><\/p>\n<p style=\"font-weight: 400;\"><em><strong>Esperem repetir el curs vinent\u00a0\u00a0&#8230;. i esperem que sigui sense mascareta!!!!!!!<\/strong><\/em><\/p>\n<p style=\"font-weight: 400;\"><em><strong>Rebeu una salutaci\u00f3 cordial des de l&#8217;Institut Baix Montseny !!!<\/strong><\/em><\/p>\n<p>&nbsp;<\/p>\n<p><em><strong><a href=\"https:\/\/agora.xtec.cat\/ies-baix-montseny\/wp-content\/uploads\/usu1288\/2021\/03\/CANGUR_1_21.jpg\"><img loading=\"lazy\" decoding=\"async\" class=\"alignnone size-large wp-image-19848\" src=\"https:\/\/agora.xtec.cat\/ies-baix-montseny\/wp-content\/uploads\/usu1288\/2021\/03\/CANGUR_1_21.jpg\" alt=\"\" width=\"1000\" height=\"750\" srcset=\"https:\/\/agora.xtec.cat\/ies-baix-montseny\/wp-content\/uploads\/usu1288\/2021\/03\/CANGUR_1_21.jpg 1000w, https:\/\/agora.xtec.cat\/ies-baix-montseny\/wp-content\/uploads\/usu1288\/2021\/03\/CANGUR_1_21-300x225.jpg 300w, https:\/\/agora.xtec.cat\/ies-baix-montseny\/wp-content\/uploads\/usu1288\/2021\/03\/CANGUR_1_21-768x576.jpg 768w, https:\/\/agora.xtec.cat\/ies-baix-montseny\/wp-content\/uploads\/usu1288\/2021\/03\/CANGUR_1_21-200x150.jpg 200w\" sizes=\"auto, (max-width: 1000px) 100vw, 1000px\" \/><\/a><\/strong><\/em><\/p>\n<p><em><strong><a href=\"https:\/\/agora.xtec.cat\/ies-baix-montseny\/wp-content\/uploads\/usu1288\/2021\/03\/CANGUR_2_21.jpg\"><img loading=\"lazy\" decoding=\"async\" class=\"alignnone size-full wp-image-19847\" src=\"https:\/\/agora.xtec.cat\/ies-baix-montseny\/wp-content\/uploads\/usu1288\/2021\/03\/CANGUR_2_21.jpg\" alt=\"\" width=\"1000\" height=\"750\" srcset=\"https:\/\/agora.xtec.cat\/ies-baix-montseny\/wp-content\/uploads\/usu1288\/2021\/03\/CANGUR_2_21.jpg 1000w, https:\/\/agora.xtec.cat\/ies-baix-montseny\/wp-content\/uploads\/usu1288\/2021\/03\/CANGUR_2_21-300x225.jpg 300w, https:\/\/agora.xtec.cat\/ies-baix-montseny\/wp-content\/uploads\/usu1288\/2021\/03\/CANGUR_2_21-768x576.jpg 768w, https:\/\/agora.xtec.cat\/ies-baix-montseny\/wp-content\/uploads\/usu1288\/2021\/03\/CANGUR_2_21-200x150.jpg 200w\" sizes=\"auto, (max-width: 1000px) 100vw, 1000px\" \/><\/a><\/strong><\/em><\/p>\n","protected":false},"excerpt":{"rendered":"<p>El passat dijous dia 18 de mar\u00e7 el nostre institut va participar a les Proves Cangur 2021, un concurs de talent matem\u00e0tic on es plantegen 30 preguntes que cal resoldre en un m\u00e0xim de 75 minuts i que va dirigida a tots els instituts de&hellip;  <a href=\"https:\/\/agora.xtec.cat\/ies-baix-montseny\/general\/proves-cangur-2021\/\" title=\"Read PROVES CANGUR 2021\">Llegeix m\u00e9s\u00bb<\/a><\/p>\n","protected":false},"author":1,"featured_media":19848,"comment_status":"open","ping_status":"closed","sticky":false,"template":"","format":"standard","meta":{"_bbp_topic_count":0,"_bbp_reply_count":0,"_bbp_total_topic_count":0,"_bbp_total_reply_count":0,"_bbp_voice_count":0,"_bbp_anonymous_reply_count":0,"_bbp_topic_count_hidden":0,"_bbp_reply_count_hidden":0,"_bbp_forum_subforum_count":0,"footnotes":""},"categories":[64,8,3,1,29],"tags":[],"class_list":["post-19846","post","type-post","status-publish","format-standard","has-post-thumbnail","hentry","category-activitats","category-batxillerat","category-eso","category-general","category-portada"],"post_mailing_queue_ids":[],"_links":{"self":[{"href":"https:\/\/agora.xtec.cat\/ies-baix-montseny\/wp-json\/wp\/v2\/posts\/19846","targetHints":{"allow":["GET"]}}],"collection":[{"href":"https:\/\/agora.xtec.cat\/ies-baix-montseny\/wp-json\/wp\/v2\/posts"}],"about":[{"href":"https:\/\/agora.xtec.cat\/ies-baix-montseny\/wp-json\/wp\/v2\/types\/post"}],"author":[{"embeddable":true,"href":"https:\/\/agora.xtec.cat\/ies-baix-montseny\/wp-json\/wp\/v2\/users\/1"}],"replies":[{"embeddable":true,"href":"https:\/\/agora.xtec.cat\/ies-baix-montseny\/wp-json\/wp\/v2\/comments?post=19846"}],"version-history":[{"count":1,"href":"https:\/\/agora.xtec.cat\/ies-baix-montseny\/wp-json\/wp\/v2\/posts\/19846\/revisions"}],"predecessor-version":[{"id":19849,"href":"https:\/\/agora.xtec.cat\/ies-baix-montseny\/wp-json\/wp\/v2\/posts\/19846\/revisions\/19849"}],"wp:featuredmedia":[{"embeddable":true,"href":"https:\/\/agora.xtec.cat\/ies-baix-montseny\/wp-json\/wp\/v2\/media\/19848"}],"wp:attachment":[{"href":"https:\/\/agora.xtec.cat\/ies-baix-montseny\/wp-json\/wp\/v2\/media?parent=19846"}],"wp:term":[{"taxonomy":"category","embeddable":true,"href":"https:\/\/agora.xtec.cat\/ies-baix-montseny\/wp-json\/wp\/v2\/categories?post=19846"},{"taxonomy":"post_tag","embeddable":true,"href":"https:\/\/agora.xtec.cat\/ies-baix-montseny\/wp-json\/wp\/v2\/tags?post=19846"}],"curies":[{"name":"wp","href":"https:\/\/api.w.org\/{rel}","templated":true}]}}