{"id":1983,"date":"2019-01-31T11:37:50","date_gmt":"2019-01-31T10:37:50","guid":{"rendered":"http:\/\/agora.xtec.cat\/ies-baix-montseny\/?p=1983"},"modified":"2019-02-01T11:03:26","modified_gmt":"2019-02-01T10:03:26","slug":"celebrem-el-dia-de-la-pau","status":"publish","type":"post","link":"https:\/\/agora.xtec.cat\/ies-baix-montseny\/eso\/celebrem-el-dia-de-la-pau\/","title":{"rendered":"CELEBREM EL DIA DE LA PAU"},"content":{"rendered":"<p style=\"font-weight: 400;\">Aquest dimecres 30 de gener era el dia de\u00a0<u>la Pau i la No Viol\u00e8ncia<\/u>. Des de la mat\u00e8ria de Cultura i Valors hem treballat durant v\u00e0ries sessions amb tots i totes els\/les alumnes de l&#8217;ESO la presa de consci\u00e8ncia del significat d&#8217;aquest dia.\u00a0Com a resultat d&#8217;aquesta feina s&#8217;ha renovat l&#8217;arbre de l&#8217;entrada del centre amb totes les mans plenes de nous desitjos del nostre alumnat.<\/p>\n<p style=\"font-weight: 400;\">Per acabar de commemorar aquest dia hem fet una &#8220;Performance a les 12h15\u00a0al pati gran, on els\/les alumnes s&#8217;han col\u00b7locat per dibuixar el s\u00edmbol de la Pau .<\/p>\n<div style=\"width: 320px;\" class=\"wp-video\"><!--[if lt IE 9]><script>document.createElement('video');<\/script><![endif]-->\n<video class=\"wp-video-shortcode\" id=\"video-1983-1\" width=\"320\" height=\"240\" preload=\"metadata\" controls=\"controls\"><source type=\"video\/mp4\" src=\"https:\/\/agora.xtec.cat\/ies-baix-montseny\/wp-content\/uploads\/usu1288\/2019\/01\/Dia-de-la-Pau.mp4?_=1\" \/><a href=\"https:\/\/agora.xtec.cat\/ies-baix-montseny\/wp-content\/uploads\/usu1288\/2019\/01\/Dia-de-la-Pau.mp4\">https:\/\/agora.xtec.cat\/ies-baix-montseny\/wp-content\/uploads\/usu1288\/2019\/01\/Dia-de-la-Pau.mp4<\/a><\/video><\/div>\n","protected":false},"excerpt":{"rendered":"<p>Aquest dimecres 30 de gener era el dia de\u00a0la Pau i la No Viol\u00e8ncia. Des de la mat\u00e8ria de Cultura i Valors hem treballat durant v\u00e0ries sessions amb tots i totes els\/les alumnes de l&#8217;ESO la presa de consci\u00e8ncia del significat d&#8217;aquest dia.\u00a0Com a resultat&hellip;  <a href=\"https:\/\/agora.xtec.cat\/ies-baix-montseny\/eso\/celebrem-el-dia-de-la-pau\/\" title=\"Read CELEBREM EL DIA DE LA PAU\">Llegeix m\u00e9s\u00bb<\/a><\/p>\n","protected":false},"author":9,"featured_media":1986,"comment_status":"open","ping_status":"closed","sticky":false,"template":"","format":"standard","meta":{"_bbp_topic_count":0,"_bbp_reply_count":0,"_bbp_total_topic_count":0,"_bbp_total_reply_count":0,"_bbp_voice_count":0,"_bbp_anonymous_reply_count":0,"_bbp_topic_count_hidden":0,"_bbp_reply_count_hidden":0,"_bbp_forum_subforum_count":0,"footnotes":""},"categories":[64,3,29,110],"tags":[],"class_list":["post-1983","post","type-post","status-publish","format-standard","has-post-thumbnail","hentry","category-activitats","category-eso","category-portada","category-tutoria"],"post_mailing_queue_ids":[],"_links":{"self":[{"href":"https:\/\/agora.xtec.cat\/ies-baix-montseny\/wp-json\/wp\/v2\/posts\/1983","targetHints":{"allow":["GET"]}}],"collection":[{"href":"https:\/\/agora.xtec.cat\/ies-baix-montseny\/wp-json\/wp\/v2\/posts"}],"about":[{"href":"https:\/\/agora.xtec.cat\/ies-baix-montseny\/wp-json\/wp\/v2\/types\/post"}],"author":[{"embeddable":true,"href":"https:\/\/agora.xtec.cat\/ies-baix-montseny\/wp-json\/wp\/v2\/users\/9"}],"replies":[{"embeddable":true,"href":"https:\/\/agora.xtec.cat\/ies-baix-montseny\/wp-json\/wp\/v2\/comments?post=1983"}],"version-history":[{"count":1,"href":"https:\/\/agora.xtec.cat\/ies-baix-montseny\/wp-json\/wp\/v2\/posts\/1983\/revisions"}],"predecessor-version":[{"id":1985,"href":"https:\/\/agora.xtec.cat\/ies-baix-montseny\/wp-json\/wp\/v2\/posts\/1983\/revisions\/1985"}],"wp:featuredmedia":[{"embeddable":true,"href":"https:\/\/agora.xtec.cat\/ies-baix-montseny\/wp-json\/wp\/v2\/media\/1986"}],"wp:attachment":[{"href":"https:\/\/agora.xtec.cat\/ies-baix-montseny\/wp-json\/wp\/v2\/media?parent=1983"}],"wp:term":[{"taxonomy":"category","embeddable":true,"href":"https:\/\/agora.xtec.cat\/ies-baix-montseny\/wp-json\/wp\/v2\/categories?post=1983"},{"taxonomy":"post_tag","embeddable":true,"href":"https:\/\/agora.xtec.cat\/ies-baix-montseny\/wp-json\/wp\/v2\/tags?post=1983"}],"curies":[{"name":"wp","href":"https:\/\/api.w.org\/{rel}","templated":true}]}}