{"id":19823,"date":"2021-03-10T11:49:18","date_gmt":"2021-03-10T10:49:18","guid":{"rendered":"http:\/\/agora.xtec.cat\/ies-baix-montseny\/?p=19823"},"modified":"2021-04-07T16:56:53","modified_gmt":"2021-04-07T14:56:53","slug":"portes-obertes-batxillerat-i-cicles-formatius","status":"publish","type":"post","link":"https:\/\/agora.xtec.cat\/ies-baix-montseny\/general\/portes-obertes-batxillerat-i-cicles-formatius\/","title":{"rendered":"PORTES OBERTES BATXILLERAT I CICLES FORMATIUS"},"content":{"rendered":"<p><a href=\"https:\/\/agora.xtec.cat\/ies-baix-montseny\/wp-content\/uploads\/usu1288\/2021\/03\/Galaxia-Cielo-Foto-Simple-Conferencia-Cient\u00edfico-P\u00f3ster_page-0001.jpg\"><img loading=\"lazy\" decoding=\"async\" class=\"alignnone size-full wp-image-19824\" src=\"https:\/\/agora.xtec.cat\/ies-baix-montseny\/wp-content\/uploads\/usu1288\/2021\/03\/Galaxia-Cielo-Foto-Simple-Conferencia-Cient\u00edfico-P\u00f3ster_page-0001.jpg\" alt=\"\" width=\"452\" height=\"640\" srcset=\"https:\/\/agora.xtec.cat\/ies-baix-montseny\/wp-content\/uploads\/usu1288\/2021\/03\/Galaxia-Cielo-Foto-Simple-Conferencia-Cient\u00edfico-P\u00f3ster_page-0001.jpg 452w, https:\/\/agora.xtec.cat\/ies-baix-montseny\/wp-content\/uploads\/usu1288\/2021\/03\/Galaxia-Cielo-Foto-Simple-Conferencia-Cient\u00edfico-P\u00f3ster_page-0001-212x300.jpg 212w\" sizes=\"auto, (max-width: 452px) 100vw, 452px\" \/><\/a> \u00a0 \u00a0 <a href=\"https:\/\/agora.xtec.cat\/ies-baix-montseny\/wp-content\/uploads\/usu1288\/2021\/03\/Black-and-White-Art-Bold-Artist-Professional-T-Shirt.jpg\"><img loading=\"lazy\" decoding=\"async\" class=\"alignnone wp-image-19825\" src=\"https:\/\/agora.xtec.cat\/ies-baix-montseny\/wp-content\/uploads\/usu1288\/2021\/03\/Black-and-White-Art-Bold-Artist-Professional-T-Shirt-796x1024.jpg\" alt=\"\" width=\"495\" height=\"637\" srcset=\"https:\/\/agora.xtec.cat\/ies-baix-montseny\/wp-content\/uploads\/usu1288\/2021\/03\/Black-and-White-Art-Bold-Artist-Professional-T-Shirt-796x1024.jpg 796w, https:\/\/agora.xtec.cat\/ies-baix-montseny\/wp-content\/uploads\/usu1288\/2021\/03\/Black-and-White-Art-Bold-Artist-Professional-T-Shirt-233x300.jpg 233w, https:\/\/agora.xtec.cat\/ies-baix-montseny\/wp-content\/uploads\/usu1288\/2021\/03\/Black-and-White-Art-Bold-Artist-Professional-T-Shirt-768x988.jpg 768w, https:\/\/agora.xtec.cat\/ies-baix-montseny\/wp-content\/uploads\/usu1288\/2021\/03\/Black-and-White-Art-Bold-Artist-Professional-T-Shirt.jpg 1555w\" sizes=\"auto, (max-width: 495px) 100vw, 495px\" \/><\/a><\/p>\n<p>Benvolguts pares, mares i tutors legals,<\/p>\n<p>Us comuniquem les dates i l\u2019organitzaci\u00f3 de les jornades de portes obertes de l\u2019INS Baix Montseny, en la qual us explicarem el projecte educatiu de l\u2019institut, veureu activitats que realitzem al centre i us aclarirem els dubtes que pugueu tenir.<\/p>\n<p>Volem recordar que la vostra assist\u00e8ncia \u00e9s molt important per tal que conegueu de primera m\u00e0 tota la informaci\u00f3 que fa refer\u00e8ncia a l\u2019educaci\u00f3 i l\u2019aprenentatge dels vostres fills\/es.<\/p>\n<p>Aquest curs farem grups de 10 assistents, per aix\u00f2 recomanem que vingui una persona per fam\u00edlia.<\/p>\n<p>Per apuntar-vos a un dels torns, haureu d\u2019omplir el formulari que hi ha a continuaci\u00f3, indicant el nom i cognoms, correu electr\u00f2nic i tel\u00e8fon de contacte. Degut a la limitaci\u00f3 dels torns pot ser que trobeu que el torn que voleu ja est\u00e0 ple. L&#8217;inscripci\u00f3 \u00e9s per persona.<\/p>\n<p>A continuaci\u00f3 us informem de les mesures de seguretat per al dia de la visita:<\/p>\n<ul>\n<li>Grups de 10 persones acompanyades per un m\u00e0xim de tres persones del centre.<\/li>\n<li>\u00das de la mascareta obligatori en tot moment.<\/li>\n<li>Presa de temperatura a l\u2019entrada i rentat de mans amb gel hidroalcoh\u00f2lic<\/li>\n<li>Es recomana no fer \u00fas dels lavabos si no \u00e9s imprescindible<\/li>\n<li>Cal mantenir en tot moment una dist\u00e0ncia m\u00ednima d\u20191,5 metres entre les persones participants<\/li>\n<li>Desinfecci\u00f3 de l\u2019espai utilitzat entre els torns<\/li>\n<\/ul>\n<p>&nbsp;<\/p>\n<table style=\"height: 273px; width: 731px;\" width=\"795\">\n<tbody>\n<tr style=\"height: 149px;\">\n<td style=\"height: 149px; width: 725px;\" colspan=\"3\"><strong>BATXILLERAT<\/strong>Dissabte 24 d\u2019abril de 10 a 14h<\/p>\n<p>2 Grups a cada torn (Grup 1: Sala d\u2019Actes\/ Grup 2: Gimn\u00e0s)<\/p>\n<p><strong><u>19 D\u2019ABRIL DATA L\u00cdMIT PER APUNTAR-SE<\/u><\/strong><\/td>\n<\/tr>\n<tr style=\"height: 31px;\">\n<td style=\"height: 31px; width: 325px;\">1r TORN<\/td>\n<td style=\"width: 303px; height: 31px;\"><a href=\"https:\/\/forms.gle\/QMsJEr4ApdKCJszu7\">https:\/\/forms.gle\/QMsJEr4ApdKCJszu7<\/a><\/td>\n<td style=\"height: 31px; width: 93px;\">10- 10.45<\/td>\n<\/tr>\n<tr style=\"height: 31px;\">\n<td style=\"height: 31px; width: 325px;\">2n TORN<\/td>\n<td style=\"width: 303px; height: 31px;\"><a href=\"https:\/\/forms.gle\/ZCiSx9kR7vmQcvh86\">https:\/\/forms.gle\/ZCiSx9kR7vmQcvh86<\/a><\/td>\n<td style=\"height: 31px; width: 93px;\">11- 11.45<\/td>\n<\/tr>\n<tr style=\"height: 31px;\">\n<td style=\"height: 31px; width: 325px;\">3r TORN<\/td>\n<td style=\"width: 303px; height: 31px;\"><a href=\"https:\/\/forms.gle\/J6YFp3nhSXPE6zaH6\">https:\/\/forms.gle\/J6YFp3nhSXPE6zaH6<\/a><\/td>\n<td style=\"height: 31px; width: 93px;\">12- 12.45<\/td>\n<\/tr>\n<tr style=\"height: 31px;\">\n<td style=\"height: 31px; width: 325px;\"><strong>4t TORN- NOM\u00c9S PER MODALITAT ART\u00cdSTICA<\/strong><\/td>\n<td style=\"width: 303px; height: 31px;\"><a href=\"https:\/\/forms.gle\/SX9QepmeeRVJu3WE9\">https:\/\/forms.gle\/SX9QepmeeRVJu3WE9<\/a><\/td>\n<td style=\"height: 31px; width: 93px;\">13- 13.45<\/td>\n<\/tr>\n<\/tbody>\n<\/table>\n<p>&nbsp;<\/p>\n<table style=\"height: 356px; width: 727px;\">\n<tbody>\n<tr style=\"height: 149px;\">\n<td style=\"height: 149px; width: 721px;\" colspan=\"3\"><strong>CICLES FORMATIUS GRAU MITJ\u00c0 <\/strong>Dissabte 24 d\u2019abril de 10 a 14h<\/p>\n<p>Edifici de Cicles Formatius<\/p>\n<p><strong><u>19 D\u2019ABRIL DATA L\u00cdMIT PER APUNTAR-SE<\/u><\/strong><\/td>\n<\/tr>\n<tr style=\"height: 31px;\">\n<td style=\"height: 31px; width: 721px;\" colspan=\"3\">GESTI\u00d3 ADMINISTRATIVA<\/td>\n<\/tr>\n<tr style=\"height: 31px;\">\n<td style=\"height: 31px; width: 308px;\">1r TORN<\/td>\n<td style=\"width: 313px;\"><a href=\"https:\/\/forms.gle\/szdx76JwZKiGjCtw5\">https:\/\/forms.gle\/szdx76JwZKiGjCtw5<\/a><\/td>\n<td style=\"height: 31px; width: 96px;\">10- 10.45<\/td>\n<\/tr>\n<tr style=\"height: 31px;\">\n<td style=\"height: 31px; width: 308px;\">2n TORN<\/td>\n<td style=\"width: 313px;\"><a href=\"https:\/\/forms.gle\/7yCgH5VRLH2cPyK26\">https:\/\/forms.gle\/7yCgH5VRLH2cPyK26<\/a><\/td>\n<td style=\"height: 31px; width: 96px;\">11- 11.45<\/td>\n<\/tr>\n<tr style=\"height: 31px;\">\n<td style=\"height: 31px; width: 721px;\" colspan=\"3\">MANTENIMENT ELECTROMEC\u00c0NIC<\/td>\n<\/tr>\n<tr style=\"height: 31px;\">\n<td style=\"height: 31px; width: 308px;\">1r TORN<\/td>\n<td style=\"width: 313px;\"><a href=\"https:\/\/forms.gle\/86TKUPZQuV7WgEDw9\">https:\/\/forms.gle\/86TKUPZQuV7WgEDw9<\/a><\/td>\n<td style=\"height: 31px; width: 96px;\">12- 12.45<\/td>\n<\/tr>\n<tr style=\"height: 31px;\">\n<td style=\"height: 31px; width: 308px;\">2n TORN<\/td>\n<td style=\"width: 313px;\"><a href=\"https:\/\/forms.gle\/vGX4JzEtTuNiBwCy9\">https:\/\/forms.gle\/vGX4JzEtTuNiBwCy9<\/a><\/td>\n<td style=\"height: 31px; width: 96px;\">13- 13.45<\/td>\n<\/tr>\n<\/tbody>\n<\/table>\n<p>&nbsp;<\/p>\n<table style=\"width: 718px;\">\n<tbody>\n<tr style=\"height: 149px;\">\n<td style=\"height: 149px; width: 712px;\" colspan=\"3\"><strong>\u00a0<\/strong><strong>CICLES FORMATIUS GRAU SUPERIOR<\/strong><\/p>\n<p>Divendres 7 de maig de 19:30 a 20:30h<\/p>\n<p><strong><u>3 DE MAIG DATA L\u00cdMIT PER APUNTAR-SE<\/u><\/strong><\/td>\n<\/tr>\n<tr style=\"height: 31px;\">\n<td style=\"height: 31px; width: 712px;\" colspan=\"3\">MECATR\u00d2NICA INDUSTRIAL- Edifici de Cicles Formatius<\/td>\n<\/tr>\n<tr style=\"height: 31px;\">\n<td style=\"height: 31px; width: 292px;\">1r TORN<\/td>\n<td style=\"width: 311px;\"><a href=\"https:\/\/forms.gle\/Z3MPzgEneDTe1pzA6\">https:\/\/forms.gle\/Z3MPzgEneDTe1pzA6<\/a><\/td>\n<td style=\"height: 31px; width: 105px;\">19:30 &#8211; 20:30<\/td>\n<\/tr>\n<tr style=\"height: 31px;\">\n<td style=\"height: 31px; width: 712px;\" colspan=\"3\">QU\u00cdMICA INDUSTRIAL- Edifici Principal<\/td>\n<\/tr>\n<tr style=\"height: 31px;\">\n<td style=\"height: 31px; width: 292px;\">1r TORN<\/td>\n<td style=\"width: 311px;\"><a href=\"https:\/\/forms.gle\/zXvPMNnCCHd37puM8\">https:\/\/forms.gle\/zXvPMNnCCHd37puM8<\/a><\/td>\n<td style=\"height: 31px; width: 105px;\">19:30- 20:30<\/td>\n<\/tr>\n<\/tbody>\n<\/table>\n<p>&nbsp;<\/p>\n","protected":false},"excerpt":{"rendered":"<p><a href=\"https:\/\/agora.xtec.cat\/ies-baix-montseny\/wp-content\/uploads\/usu1288\/2021\/03\/Galaxia-Cielo-Foto-Simple-Conferencia-Cient\u00edfico-P\u00f3ster_page-0001.jpg\"><\/a> \u00a0 \u00a0 <a href=\"https:\/\/agora.xtec.cat\/ies-baix-montseny\/wp-content\/uploads\/usu1288\/2021\/03\/Black-and-White-Art-Bold-Artist-Professional-T-Shirt.jpg\"><\/a><br \/>\nBenvolguts pares, mares i tutors legals,<br \/>\nUs comuniquem les dates i l\u2019organitzaci\u00f3 de les jornades de portes obertes de l\u2019INS Baix Montseny, en la qual us explicarem el projecte educatiu de l\u2019institut, veureu activitats que realitzem al centre i us aclarirem&hellip;  <a href=\"https:\/\/agora.xtec.cat\/ies-baix-montseny\/general\/portes-obertes-batxillerat-i-cicles-formatius\/\" title=\"Read PORTES OBERTES BATXILLERAT I CICLES FORMATIUS\">Llegeix m\u00e9s\u00bb<\/a><\/p>\n","protected":false},"author":7,"featured_media":19824,"comment_status":"open","ping_status":"closed","sticky":false,"template":"","format":"standard","meta":{"_bbp_topic_count":0,"_bbp_reply_count":0,"_bbp_total_topic_count":0,"_bbp_total_reply_count":0,"_bbp_voice_count":0,"_bbp_anonymous_reply_count":0,"_bbp_topic_count_hidden":0,"_bbp_reply_count_hidden":0,"_bbp_forum_subforum_count":0,"footnotes":""},"categories":[1,29],"tags":[],"class_list":["post-19823","post","type-post","status-publish","format-standard","has-post-thumbnail","hentry","category-general","category-portada"],"post_mailing_queue_ids":[],"_links":{"self":[{"href":"https:\/\/agora.xtec.cat\/ies-baix-montseny\/wp-json\/wp\/v2\/posts\/19823","targetHints":{"allow":["GET"]}}],"collection":[{"href":"https:\/\/agora.xtec.cat\/ies-baix-montseny\/wp-json\/wp\/v2\/posts"}],"about":[{"href":"https:\/\/agora.xtec.cat\/ies-baix-montseny\/wp-json\/wp\/v2\/types\/post"}],"author":[{"embeddable":true,"href":"https:\/\/agora.xtec.cat\/ies-baix-montseny\/wp-json\/wp\/v2\/users\/7"}],"replies":[{"embeddable":true,"href":"https:\/\/agora.xtec.cat\/ies-baix-montseny\/wp-json\/wp\/v2\/comments?post=19823"}],"version-history":[{"count":4,"href":"https:\/\/agora.xtec.cat\/ies-baix-montseny\/wp-json\/wp\/v2\/posts\/19823\/revisions"}],"predecessor-version":[{"id":19868,"href":"https:\/\/agora.xtec.cat\/ies-baix-montseny\/wp-json\/wp\/v2\/posts\/19823\/revisions\/19868"}],"wp:featuredmedia":[{"embeddable":true,"href":"https:\/\/agora.xtec.cat\/ies-baix-montseny\/wp-json\/wp\/v2\/media\/19824"}],"wp:attachment":[{"href":"https:\/\/agora.xtec.cat\/ies-baix-montseny\/wp-json\/wp\/v2\/media?parent=19823"}],"wp:term":[{"taxonomy":"category","embeddable":true,"href":"https:\/\/agora.xtec.cat\/ies-baix-montseny\/wp-json\/wp\/v2\/categories?post=19823"},{"taxonomy":"post_tag","embeddable":true,"href":"https:\/\/agora.xtec.cat\/ies-baix-montseny\/wp-json\/wp\/v2\/tags?post=19823"}],"curies":[{"name":"wp","href":"https:\/\/api.w.org\/{rel}","templated":true}]}}