{"id":19820,"date":"2021-03-10T08:33:01","date_gmt":"2021-03-10T07:33:01","guid":{"rendered":"http:\/\/agora.xtec.cat\/ies-baix-montseny\/?p=19820"},"modified":"2021-03-10T08:33:01","modified_gmt":"2021-03-10T07:33:01","slug":"jornada-8m","status":"publish","type":"post","link":"https:\/\/agora.xtec.cat\/ies-baix-montseny\/general\/jornada-8m\/","title":{"rendered":"JORNADA 8M"},"content":{"rendered":"<div><span style=\"color: #000000;\">Ahir des de l&#8217;institut Baix Montseny hem commemorat el <\/span><b><span style=\"color: #674ea7;\">8M<\/span><\/b><span style=\"color: #000000;\"> amb la lectura d&#8217;un manifest elaborat per alumnes del nostre centre amb l&#8217;objectiu de fer present la lluita feminista, les demandes de canvi que exigim a la societat en termes d&#8217;igualtat de g\u00e8nere i la reivindicaci\u00f3 del treball de cures i de la feina dom\u00e8stica que avui encara recau majorit\u00e0riament a les dones. <\/span>L&#8217;acte ha estat acompanyat per una bona part de l&#8217;alumnat i estem molt contentes de compartir amb vosaltres algunes de les fotografies de la jornada! Agra\u00efm tamb\u00e9 la col\u00b7laboraci\u00f3 de diferents grups de la ESO que han elaborat cartells i pancartes per fer de la setmana una setmana m\u00e9s reivindicativa, justa i igualit\u00e0ria!<\/div>\n<div>Moltes gr\u00e0cies i <b>feli\u00e7 dia de la dona<\/b>!<img decoding=\"async\" class=\"CToWUd\" src=\"https:\/\/mail.google.com\/mail\/e\/1f49c\" alt=\"\ud83d\udc9c\" data-goomoji=\"1f49c\" data-image-whitelisted=\"\" \/><\/div>\n<div><\/div>\n<div><a href=\"https:\/\/agora.xtec.cat\/ies-baix-montseny\/wp-content\/uploads\/usu1288\/2021\/03\/8-M_page-0001.jpg\"><img loading=\"lazy\" decoding=\"async\" class=\"alignnone size-large wp-image-19821\" src=\"https:\/\/agora.xtec.cat\/ies-baix-montseny\/wp-content\/uploads\/usu1288\/2021\/03\/8-M_page-0001-1024x819.jpg\" alt=\"\" width=\"1024\" height=\"819\" srcset=\"https:\/\/agora.xtec.cat\/ies-baix-montseny\/wp-content\/uploads\/usu1288\/2021\/03\/8-M_page-0001-1024x819.jpg 1024w, https:\/\/agora.xtec.cat\/ies-baix-montseny\/wp-content\/uploads\/usu1288\/2021\/03\/8-M_page-0001-300x240.jpg 300w, https:\/\/agora.xtec.cat\/ies-baix-montseny\/wp-content\/uploads\/usu1288\/2021\/03\/8-M_page-0001-768x615.jpg 768w, https:\/\/agora.xtec.cat\/ies-baix-montseny\/wp-content\/uploads\/usu1288\/2021\/03\/8-M_page-0001.jpg 1477w\" sizes=\"auto, (max-width: 1024px) 100vw, 1024px\" \/><\/a><\/div>\n","protected":false},"excerpt":{"rendered":"<p>Ahir des de l&#8217;institut Baix Montseny hem commemorat el 8M amb la lectura d&#8217;un manifest elaborat per alumnes del nostre centre amb l&#8217;objectiu de fer present la lluita feminista, les demandes de canvi que exigim a la societat en termes d&#8217;igualtat de g\u00e8nere i la&hellip;  <a href=\"https:\/\/agora.xtec.cat\/ies-baix-montseny\/general\/jornada-8m\/\" title=\"Read JORNADA 8M\">Llegeix m\u00e9s\u00bb<\/a><\/p>\n","protected":false},"author":7,"featured_media":19821,"comment_status":"open","ping_status":"closed","sticky":false,"template":"","format":"standard","meta":{"_bbp_topic_count":0,"_bbp_reply_count":0,"_bbp_total_topic_count":0,"_bbp_total_reply_count":0,"_bbp_voice_count":0,"_bbp_anonymous_reply_count":0,"_bbp_topic_count_hidden":0,"_bbp_reply_count_hidden":0,"_bbp_forum_subforum_count":0,"footnotes":""},"categories":[1,29],"tags":[],"class_list":["post-19820","post","type-post","status-publish","format-standard","has-post-thumbnail","hentry","category-general","category-portada"],"post_mailing_queue_ids":[],"_links":{"self":[{"href":"https:\/\/agora.xtec.cat\/ies-baix-montseny\/wp-json\/wp\/v2\/posts\/19820","targetHints":{"allow":["GET"]}}],"collection":[{"href":"https:\/\/agora.xtec.cat\/ies-baix-montseny\/wp-json\/wp\/v2\/posts"}],"about":[{"href":"https:\/\/agora.xtec.cat\/ies-baix-montseny\/wp-json\/wp\/v2\/types\/post"}],"author":[{"embeddable":true,"href":"https:\/\/agora.xtec.cat\/ies-baix-montseny\/wp-json\/wp\/v2\/users\/7"}],"replies":[{"embeddable":true,"href":"https:\/\/agora.xtec.cat\/ies-baix-montseny\/wp-json\/wp\/v2\/comments?post=19820"}],"version-history":[{"count":1,"href":"https:\/\/agora.xtec.cat\/ies-baix-montseny\/wp-json\/wp\/v2\/posts\/19820\/revisions"}],"predecessor-version":[{"id":19822,"href":"https:\/\/agora.xtec.cat\/ies-baix-montseny\/wp-json\/wp\/v2\/posts\/19820\/revisions\/19822"}],"wp:featuredmedia":[{"embeddable":true,"href":"https:\/\/agora.xtec.cat\/ies-baix-montseny\/wp-json\/wp\/v2\/media\/19821"}],"wp:attachment":[{"href":"https:\/\/agora.xtec.cat\/ies-baix-montseny\/wp-json\/wp\/v2\/media?parent=19820"}],"wp:term":[{"taxonomy":"category","embeddable":true,"href":"https:\/\/agora.xtec.cat\/ies-baix-montseny\/wp-json\/wp\/v2\/categories?post=19820"},{"taxonomy":"post_tag","embeddable":true,"href":"https:\/\/agora.xtec.cat\/ies-baix-montseny\/wp-json\/wp\/v2\/tags?post=19820"}],"curies":[{"name":"wp","href":"https:\/\/api.w.org\/{rel}","templated":true}]}}