{"id":19809,"date":"2021-03-08T09:46:57","date_gmt":"2021-03-08T08:46:57","guid":{"rendered":"http:\/\/agora.xtec.cat\/ies-baix-montseny\/?p=19809"},"modified":"2021-03-23T09:33:14","modified_gmt":"2021-03-23T08:33:14","slug":"batxillerat-artistic-el-proper-curs-a-linstitut","status":"publish","type":"post","link":"https:\/\/agora.xtec.cat\/ies-baix-montseny\/general\/batxillerat-artistic-el-proper-curs-a-linstitut\/","title":{"rendered":"BATXILLERAT ART\u00cdSTIC EL PROPER CURS A L&#8217;INSTITUT"},"content":{"rendered":"<p>L&#8217;Institut Baix Montseny iniciar\u00e0 el Batxillerat Art\u00edstic el proper curs 2021 \u2013 2022. Aquesta nova oferta formativa dona resposta a una demanda hist\u00f2rica a la comarca natural del Baix Montseny.<\/p>\n<p>La modalitat d&#8217;arts s&#8217;adre\u00e7a a persones interessades en els fen\u00f2mens art\u00edstics, caracteritzats per la sensibilitat, l\u2019expressi\u00f3 i la creativitat, un alumne amb inquietuds a l&#8217;entorn del m\u00f3n audiovisual, les arts gr\u00e0fiques, el disseny, el patronatge, els mitjans de comunicaci\u00f3, la publicitat, la producci\u00f3 i gesti\u00f3 d&#8217;empreses del sector cultural o l&#8217;animaci\u00f3 cultural i social.<\/p>\n<p>L&#8217;Institut Baix Montseny en parlar\u00e0 juntament amb la resta de modalitats a la <strong>jornada de portes obertes el dissabte 24 d&#8217;abril<\/strong> a les 10 del mat\u00ed. Per assistir s&#8217;haur\u00e0 de demanar cita pr\u00e8via a trav\u00e9s dels formularis de la p\u00e0gina web.<\/p>\n<p>A continuaci\u00f3 us deixem una not\u00edcia del 9Nou.<\/p>\n<p><a href=\"https:\/\/agora.xtec.cat\/ies-baix-montseny\/wp-content\/uploads\/usu1288\/2021\/03\/not\u00edcia-art\u00edstic-9nou.jpg\"><img loading=\"lazy\" decoding=\"async\" class=\"alignnone size-large wp-image-19810\" src=\"https:\/\/agora.xtec.cat\/ies-baix-montseny\/wp-content\/uploads\/usu1288\/2021\/03\/not\u00edcia-art\u00edstic-9nou-609x1024.jpg\" alt=\"\" width=\"609\" height=\"1024\" srcset=\"https:\/\/agora.xtec.cat\/ies-baix-montseny\/wp-content\/uploads\/usu1288\/2021\/03\/not\u00edcia-art\u00edstic-9nou-609x1024.jpg 609w, https:\/\/agora.xtec.cat\/ies-baix-montseny\/wp-content\/uploads\/usu1288\/2021\/03\/not\u00edcia-art\u00edstic-9nou-178x300.jpg 178w, https:\/\/agora.xtec.cat\/ies-baix-montseny\/wp-content\/uploads\/usu1288\/2021\/03\/not\u00edcia-art\u00edstic-9nou-768x1291.jpg 768w, https:\/\/agora.xtec.cat\/ies-baix-montseny\/wp-content\/uploads\/usu1288\/2021\/03\/not\u00edcia-art\u00edstic-9nou.jpg 1058w\" sizes=\"auto, (max-width: 609px) 100vw, 609px\" \/><\/a><\/p>\n","protected":false},"excerpt":{"rendered":"<p>L&#8217;Institut Baix Montseny iniciar\u00e0 el Batxillerat Art\u00edstic el proper curs 2021 \u2013 2022. Aquesta nova oferta formativa dona resposta a una demanda hist\u00f2rica a la comarca natural del Baix Montseny.<br \/>\nLa modalitat d&#8217;arts s&#8217;adre\u00e7a a persones interessades en els fen\u00f2mens art\u00edstics, caracteritzats per la sensibilitat, l\u2019expressi\u00f3&hellip;  <a href=\"https:\/\/agora.xtec.cat\/ies-baix-montseny\/general\/batxillerat-artistic-el-proper-curs-a-linstitut\/\" title=\"Read BATXILLERAT ART\u00cdSTIC EL PROPER CURS A L&#8217;INSTITUT\">Llegeix m\u00e9s\u00bb<\/a><\/p>\n","protected":false},"author":7,"featured_media":19693,"comment_status":"open","ping_status":"closed","sticky":false,"template":"","format":"standard","meta":{"_bbp_topic_count":0,"_bbp_reply_count":0,"_bbp_total_topic_count":0,"_bbp_total_reply_count":0,"_bbp_voice_count":0,"_bbp_anonymous_reply_count":0,"_bbp_topic_count_hidden":0,"_bbp_reply_count_hidden":0,"_bbp_forum_subforum_count":0,"footnotes":""},"categories":[8,1,29],"tags":[],"class_list":["post-19809","post","type-post","status-publish","format-standard","has-post-thumbnail","hentry","category-batxillerat","category-general","category-portada"],"post_mailing_queue_ids":[],"_links":{"self":[{"href":"https:\/\/agora.xtec.cat\/ies-baix-montseny\/wp-json\/wp\/v2\/posts\/19809","targetHints":{"allow":["GET"]}}],"collection":[{"href":"https:\/\/agora.xtec.cat\/ies-baix-montseny\/wp-json\/wp\/v2\/posts"}],"about":[{"href":"https:\/\/agora.xtec.cat\/ies-baix-montseny\/wp-json\/wp\/v2\/types\/post"}],"author":[{"embeddable":true,"href":"https:\/\/agora.xtec.cat\/ies-baix-montseny\/wp-json\/wp\/v2\/users\/7"}],"replies":[{"embeddable":true,"href":"https:\/\/agora.xtec.cat\/ies-baix-montseny\/wp-json\/wp\/v2\/comments?post=19809"}],"version-history":[{"count":2,"href":"https:\/\/agora.xtec.cat\/ies-baix-montseny\/wp-json\/wp\/v2\/posts\/19809\/revisions"}],"predecessor-version":[{"id":19855,"href":"https:\/\/agora.xtec.cat\/ies-baix-montseny\/wp-json\/wp\/v2\/posts\/19809\/revisions\/19855"}],"wp:featuredmedia":[{"embeddable":true,"href":"https:\/\/agora.xtec.cat\/ies-baix-montseny\/wp-json\/wp\/v2\/media\/19693"}],"wp:attachment":[{"href":"https:\/\/agora.xtec.cat\/ies-baix-montseny\/wp-json\/wp\/v2\/media?parent=19809"}],"wp:term":[{"taxonomy":"category","embeddable":true,"href":"https:\/\/agora.xtec.cat\/ies-baix-montseny\/wp-json\/wp\/v2\/categories?post=19809"},{"taxonomy":"post_tag","embeddable":true,"href":"https:\/\/agora.xtec.cat\/ies-baix-montseny\/wp-json\/wp\/v2\/tags?post=19809"}],"curies":[{"name":"wp","href":"https:\/\/api.w.org\/{rel}","templated":true}]}}