{"id":19777,"date":"2021-02-23T11:05:13","date_gmt":"2021-02-23T10:05:13","guid":{"rendered":"http:\/\/agora.xtec.cat\/ies-baix-montseny\/?p=19777"},"modified":"2021-02-23T11:05:13","modified_gmt":"2021-02-23T10:05:13","slug":"prova-daptitud-personal-pap","status":"publish","type":"post","link":"https:\/\/agora.xtec.cat\/ies-baix-montseny\/general\/prova-daptitud-personal-pap\/","title":{"rendered":"PROVA D&#8217;APTITUD PERSONAL (PAP)"},"content":{"rendered":"<p>A continuaci\u00f3 us deixem l&#8217;informaci\u00f3 sobre la prova de l&#8217;aptitud personal per aquells alumnes de 2n de Batxillerat que vulgueu estudiar Educaci\u00f3 Infantil o Prim\u00e0ria.<\/p>\n<p><a href=\"https:\/\/agora.xtec.cat\/ies-baix-montseny\/wp-content\/uploads\/usu1288\/2021\/02\/Cartell-informatiu-PAP-Educaci\u00f3-2021_page-0001.jpg\"><img loading=\"lazy\" decoding=\"async\" class=\"alignnone size-large wp-image-19778\" src=\"https:\/\/agora.xtec.cat\/ies-baix-montseny\/wp-content\/uploads\/usu1288\/2021\/02\/Cartell-informatiu-PAP-Educaci\u00f3-2021_page-0001-724x1024.jpg\" alt=\"\" width=\"724\" height=\"1024\" srcset=\"https:\/\/agora.xtec.cat\/ies-baix-montseny\/wp-content\/uploads\/usu1288\/2021\/02\/Cartell-informatiu-PAP-Educaci\u00f3-2021_page-0001-724x1024.jpg 724w, https:\/\/agora.xtec.cat\/ies-baix-montseny\/wp-content\/uploads\/usu1288\/2021\/02\/Cartell-informatiu-PAP-Educaci\u00f3-2021_page-0001-212x300.jpg 212w, https:\/\/agora.xtec.cat\/ies-baix-montseny\/wp-content\/uploads\/usu1288\/2021\/02\/Cartell-informatiu-PAP-Educaci\u00f3-2021_page-0001-768x1086.jpg 768w, https:\/\/agora.xtec.cat\/ies-baix-montseny\/wp-content\/uploads\/usu1288\/2021\/02\/Cartell-informatiu-PAP-Educaci\u00f3-2021_page-0001.jpg 1240w\" sizes=\"auto, (max-width: 724px) 100vw, 724px\" \/><\/a><\/p>\n","protected":false},"excerpt":{"rendered":"<p>A continuaci\u00f3 us deixem l&#8217;informaci\u00f3 sobre la prova de l&#8217;aptitud personal per aquells alumnes de 2n de Batxillerat que vulgueu estudiar Educaci\u00f3 Infantil o Prim\u00e0ria.<br \/>\n<a href=\"https:\/\/agora.xtec.cat\/ies-baix-montseny\/wp-content\/uploads\/usu1288\/2021\/02\/Cartell-informatiu-PAP-Educaci\u00f3-2021_page-0001.jpg\"><\/a><\/p>\n","protected":false},"author":7,"featured_media":19778,"comment_status":"open","ping_status":"closed","sticky":false,"template":"","format":"standard","meta":{"_bbp_topic_count":0,"_bbp_reply_count":0,"_bbp_total_topic_count":0,"_bbp_total_reply_count":0,"_bbp_voice_count":0,"_bbp_anonymous_reply_count":0,"_bbp_topic_count_hidden":0,"_bbp_reply_count_hidden":0,"_bbp_forum_subforum_count":0,"footnotes":""},"categories":[8,1,29],"tags":[],"class_list":["post-19777","post","type-post","status-publish","format-standard","has-post-thumbnail","hentry","category-batxillerat","category-general","category-portada"],"post_mailing_queue_ids":[],"_links":{"self":[{"href":"https:\/\/agora.xtec.cat\/ies-baix-montseny\/wp-json\/wp\/v2\/posts\/19777","targetHints":{"allow":["GET"]}}],"collection":[{"href":"https:\/\/agora.xtec.cat\/ies-baix-montseny\/wp-json\/wp\/v2\/posts"}],"about":[{"href":"https:\/\/agora.xtec.cat\/ies-baix-montseny\/wp-json\/wp\/v2\/types\/post"}],"author":[{"embeddable":true,"href":"https:\/\/agora.xtec.cat\/ies-baix-montseny\/wp-json\/wp\/v2\/users\/7"}],"replies":[{"embeddable":true,"href":"https:\/\/agora.xtec.cat\/ies-baix-montseny\/wp-json\/wp\/v2\/comments?post=19777"}],"version-history":[{"count":1,"href":"https:\/\/agora.xtec.cat\/ies-baix-montseny\/wp-json\/wp\/v2\/posts\/19777\/revisions"}],"predecessor-version":[{"id":19779,"href":"https:\/\/agora.xtec.cat\/ies-baix-montseny\/wp-json\/wp\/v2\/posts\/19777\/revisions\/19779"}],"wp:featuredmedia":[{"embeddable":true,"href":"https:\/\/agora.xtec.cat\/ies-baix-montseny\/wp-json\/wp\/v2\/media\/19778"}],"wp:attachment":[{"href":"https:\/\/agora.xtec.cat\/ies-baix-montseny\/wp-json\/wp\/v2\/media?parent=19777"}],"wp:term":[{"taxonomy":"category","embeddable":true,"href":"https:\/\/agora.xtec.cat\/ies-baix-montseny\/wp-json\/wp\/v2\/categories?post=19777"},{"taxonomy":"post_tag","embeddable":true,"href":"https:\/\/agora.xtec.cat\/ies-baix-montseny\/wp-json\/wp\/v2\/tags?post=19777"}],"curies":[{"name":"wp","href":"https:\/\/api.w.org\/{rel}","templated":true}]}}