{"id":1976,"date":"2019-01-24T14:47:28","date_gmt":"2019-01-24T13:47:28","guid":{"rendered":"http:\/\/agora.xtec.cat\/ies-baix-montseny\/?p=1976"},"modified":"2019-02-01T11:16:33","modified_gmt":"2019-02-01T10:16:33","slug":"sortida-historia-de-lart-2n-de-bat","status":"publish","type":"post","link":"https:\/\/agora.xtec.cat\/ies-baix-montseny\/general\/sortida-historia-de-lart-2n-de-bat\/","title":{"rendered":"Sortida hist\u00f2ria de l&#8217;art 2n de bat"},"content":{"rendered":"<p>El passat dimarts 15 de gener els alumnes de 2n de Batxillerat que fem Hist\u00f2ria de l\u2019Art vam anar d\u2019excursi\u00f3 al Museu Nacional d\u2019Art de Catalunya, on ens van fer una visita guiada per l\u2019art rom\u00e0nic i g\u00f2tic i al Caixa F\u00f2rum on vam poder veure l\u2019exposici\u00f3 Toulouse Lautrec i l\u2019esperit de Montmartre.<\/p>\n<p>Aqu\u00ed teniu dos articles sobre la sortida escrit per 2 alumnes:<\/p>\n<p>&nbsp;<\/p>\n<p><a href=\"https:\/\/drive.google.com\/open?id=0B62fGiN0u_DnTE1HOTJNTWZzMXB0UzgwaktPZS1WY0JiSnBV\">https:\/\/drive.google.com\/open?id=0B62fGiN0u_DnTE1HOTJNTWZzMXB0UzgwaktPZS1WY0JiSnBV<\/a><\/p>\n<p><a href=\"https:\/\/drive.google.com\/open?id=0B62fGiN0u_DnLUstdFNVTnVaUTJJX1FBM2NGbXJfTWVURHdZ\">https:\/\/drive.google.com\/open?id=0B62fGiN0u_DnLUstdFNVTnVaUTJJX1FBM2NGbXJfTWVURHdZ<\/a><\/p>\n","protected":false},"excerpt":{"rendered":"<p>El passat dimarts 15 de gener els alumnes de 2n de Batxillerat que fem Hist\u00f2ria de l\u2019Art vam anar d\u2019excursi\u00f3 al Museu Nacional d\u2019Art de Catalunya, on ens van fer una visita guiada per l\u2019art rom\u00e0nic i g\u00f2tic i al Caixa F\u00f2rum on vam poder&hellip;  <a href=\"https:\/\/agora.xtec.cat\/ies-baix-montseny\/general\/sortida-historia-de-lart-2n-de-bat\/\" title=\"Read Sortida hist\u00f2ria de l&#8217;art 2n de bat\">Llegeix m\u00e9s\u00bb<\/a><\/p>\n","protected":false},"author":9,"featured_media":0,"comment_status":"open","ping_status":"closed","sticky":false,"template":"","format":"standard","meta":{"_bbp_topic_count":0,"_bbp_reply_count":0,"_bbp_total_topic_count":0,"_bbp_total_reply_count":0,"_bbp_voice_count":0,"_bbp_anonymous_reply_count":0,"_bbp_topic_count_hidden":0,"_bbp_reply_count_hidden":0,"_bbp_forum_subforum_count":0,"footnotes":""},"categories":[8,1,29],"tags":[],"class_list":["post-1976","post","type-post","status-publish","format-standard","hentry","category-batxillerat","category-general","category-portada"],"post_mailing_queue_ids":[],"_links":{"self":[{"href":"https:\/\/agora.xtec.cat\/ies-baix-montseny\/wp-json\/wp\/v2\/posts\/1976","targetHints":{"allow":["GET"]}}],"collection":[{"href":"https:\/\/agora.xtec.cat\/ies-baix-montseny\/wp-json\/wp\/v2\/posts"}],"about":[{"href":"https:\/\/agora.xtec.cat\/ies-baix-montseny\/wp-json\/wp\/v2\/types\/post"}],"author":[{"embeddable":true,"href":"https:\/\/agora.xtec.cat\/ies-baix-montseny\/wp-json\/wp\/v2\/users\/9"}],"replies":[{"embeddable":true,"href":"https:\/\/agora.xtec.cat\/ies-baix-montseny\/wp-json\/wp\/v2\/comments?post=1976"}],"version-history":[{"count":2,"href":"https:\/\/agora.xtec.cat\/ies-baix-montseny\/wp-json\/wp\/v2\/posts\/1976\/revisions"}],"predecessor-version":[{"id":1990,"href":"https:\/\/agora.xtec.cat\/ies-baix-montseny\/wp-json\/wp\/v2\/posts\/1976\/revisions\/1990"}],"wp:attachment":[{"href":"https:\/\/agora.xtec.cat\/ies-baix-montseny\/wp-json\/wp\/v2\/media?parent=1976"}],"wp:term":[{"taxonomy":"category","embeddable":true,"href":"https:\/\/agora.xtec.cat\/ies-baix-montseny\/wp-json\/wp\/v2\/categories?post=1976"},{"taxonomy":"post_tag","embeddable":true,"href":"https:\/\/agora.xtec.cat\/ies-baix-montseny\/wp-json\/wp\/v2\/tags?post=1976"}],"curies":[{"name":"wp","href":"https:\/\/api.w.org\/{rel}","templated":true}]}}