{"id":19725,"date":"2021-01-24T16:02:59","date_gmt":"2021-01-24T15:02:59","guid":{"rendered":"http:\/\/agora.xtec.cat\/ies-baix-montseny\/?p=19725"},"modified":"2021-01-24T16:24:00","modified_gmt":"2021-01-24T15:24:00","slug":"jornades-de-portes-obertes-acces-formularis-per-les-visites","status":"publish","type":"post","link":"https:\/\/agora.xtec.cat\/ies-baix-montseny\/general\/jornades-de-portes-obertes-acces-formularis-per-les-visites\/","title":{"rendered":"JORNADA DE PORTES OBERTES- FORMULARI PER A LES VISITES"},"content":{"rendered":"<p><a href=\"https:\/\/agora.xtec.cat\/ies-baix-montseny\/wp-content\/uploads\/usu1288\/2021\/01\/Galaxia-Cielo-Foto-Simple-Conferencia-Cient\u00edfico-P\u00f3ster_page-0001.jpg\"><img loading=\"lazy\" decoding=\"async\" class=\"alignnone size-large wp-image-19727\" src=\"https:\/\/agora.xtec.cat\/ies-baix-montseny\/wp-content\/uploads\/usu1288\/2021\/01\/Galaxia-Cielo-Foto-Simple-Conferencia-Cient\u00edfico-P\u00f3ster_page-0001.jpg\" alt=\"\" width=\"452\" height=\"640\" srcset=\"https:\/\/agora.xtec.cat\/ies-baix-montseny\/wp-content\/uploads\/usu1288\/2021\/01\/Galaxia-Cielo-Foto-Simple-Conferencia-Cient\u00edfico-P\u00f3ster_page-0001.jpg 452w, https:\/\/agora.xtec.cat\/ies-baix-montseny\/wp-content\/uploads\/usu1288\/2021\/01\/Galaxia-Cielo-Foto-Simple-Conferencia-Cient\u00edfico-P\u00f3ster_page-0001-212x300.jpg 212w\" sizes=\"auto, (max-width: 452px) 100vw, 452px\" \/><\/a><\/p>\n<p>Benvolguts pares, mares i tutors legals,<\/p>\n<p>Us comuniquem les dates i l\u2019organitzaci\u00f3 de les jornades de portes obertes de l\u2019INS Baix Montseny, en la qual us explicarem el projecte educatiu de l\u2019institut, veureu activitats que realitzem al centre i us aclarirem els dubtes que pugueu tenir.<\/p>\n<p>Volem recordar que la vostra assist\u00e8ncia \u00e9s molt important per tal que conegueu de primera m\u00e0 tota la informaci\u00f3 que fa refer\u00e8ncia a l\u2019educaci\u00f3 i l\u2019aprenentatge dels vostres fills\/es.<\/p>\n<p>Aquest curs farem grups de 10 assistents, per aix\u00f2 recomanem que vingui una persona per fam\u00edlia.<\/p>\n<p>Per apuntar-vos a un dels torns, haureu d\u2019omplir el formulari que hi ha a continuaci\u00f3, indicant el nom i cognoms, correu electr\u00f2nic i tel\u00e8fon de contacte. Degut a la limitaci\u00f3 dels torns pot ser que trobeu que el torn que voleu ja est\u00e0 ple.<\/p>\n<p>A continuaci\u00f3 us informem de les mesures de seguretat per al dia de la visita:<\/p>\n<ul>\n<li>Grups de 10 persones acompanyades per un m\u00e0xim de tres persones del centre.<\/li>\n<li>\u00das de la mascareta obligatori en tot moment.<\/li>\n<li>Presa de temperatura a l\u2019entrada i rentat de mans amb gel hidroalcoh\u00f2lic<\/li>\n<li>Es recomana no fer \u00fas dels lavabos si no \u00e9s imprescindible<\/li>\n<li>Cal mantenir en tot moment una dist\u00e0ncia m\u00ednima d\u20191,5 metres entre les persones participants<\/li>\n<li>Desinfecci\u00f3 de l\u2019espai utilitzat entre els torns<\/li>\n<\/ul>\n<table>\n<tbody>\n<tr>\n<td colspan=\"3\" width=\"650\"><strong>\u00a0<\/strong><strong>ESO<\/strong><\/p>\n<p>Dimarts 2 de mar\u00e7 de 16 a 20h<\/p>\n<p>2 Grups a cada torn (Grup 1: Sala d\u2019Actes\/ Grup 2: Gimn\u00e0s)<\/p>\n<p><strong><u>26 FEBRER DATA L\u00cdMIT PER APUNTAR-SE<\/u><\/strong><\/td>\n<\/tr>\n<tr>\n<td width=\"87\">1r TORN<\/td>\n<td width=\"350\"><a href=\"https:\/\/docs.google.com\/forms\/d\/e\/1FAIpQLSc_R1ONgNeATXO0Ph1kIdhgj8GnkRLLfvqnYcZvB0m12LXarQ\/viewform?usp=sf_link\">https:\/\/docs.google.com\/forms\/d\/e\/1FAIpQLSc_R1ONgNeATXO0Ph1kIdhgj8GnkRLLfvqnYcZvB0m12LXarQ\/viewform?usp=sf_link<\/a><\/td>\n<td width=\"214\">16- 16.45<\/td>\n<\/tr>\n<tr>\n<td width=\"87\">2n TORN<\/td>\n<td width=\"350\"><a href=\"https:\/\/docs.google.com\/forms\/d\/e\/1FAIpQLSfAHyhm1Jkj6MZTkIi8xPcyMIb__RokhYNOy4BK4YeOywRiqQ\/viewform?usp=sf_link\">https:\/\/docs.google.com\/forms\/d\/e\/1FAIpQLSfAHyhm1Jkj6MZTkIi8xPcyMIb__RokhYNOy4BK4YeOywRiqQ\/viewform?usp=sf_link<\/a><\/td>\n<td width=\"214\">17- 17.45<\/td>\n<\/tr>\n<tr>\n<td width=\"87\">3r TORN<\/td>\n<td width=\"350\"><a href=\"https:\/\/docs.google.com\/forms\/d\/e\/1FAIpQLScphpWhkP8rzQgs8FYLPoQin53Tct7b4WHkN7TWApnMzSA8uA\/viewform?usp=sf_link\">https:\/\/docs.google.com\/forms\/d\/e\/1FAIpQLScphpWhkP8rzQgs8FYLPoQin53Tct7b4WHkN7TWApnMzSA8uA\/viewform?usp=sf_link<\/a><\/td>\n<td width=\"214\">18- 18.45<\/td>\n<\/tr>\n<tr>\n<td width=\"87\">4t TORN<\/td>\n<td width=\"350\"><a href=\"https:\/\/docs.google.com\/forms\/d\/e\/1FAIpQLSeRsIQrmqSEiXCclP_kxmDVYJRWsSMeh-bHwvzzGFyPP-TSMQ\/viewform?usp=sf_link\">https:\/\/docs.google.com\/forms\/d\/e\/1FAIpQLSeRsIQrmqSEiXCclP_kxmDVYJRWsSMeh-bHwvzzGFyPP-TSMQ\/viewform?usp=sf_link<\/a><\/td>\n<td width=\"214\">19- 19.45<\/td>\n<\/tr>\n<\/tbody>\n<\/table>\n<p>&nbsp;<\/p>\n<table>\n<tbody>\n<tr>\n<td colspan=\"2\" width=\"576\"><strong>BATXILLERAT<\/strong><\/p>\n<p>Dissabte 24 d\u2019abril de 10 a 14h<\/p>\n<p>2 Grups a cada torn (Grup 1: Sala d\u2019Actes\/ Grup 2: Gimn\u00e0s)<\/p>\n<p><strong><u>19 D\u2019ABRIL DATA L\u00cdMIT PER APUNTAR-SE<\/u><\/strong><\/td>\n<\/tr>\n<tr>\n<td width=\"288\">1r TORN<\/td>\n<td width=\"288\">10- 10.45<\/td>\n<\/tr>\n<tr>\n<td width=\"288\">2n TORN<\/td>\n<td width=\"288\">11- 11.45<\/td>\n<\/tr>\n<tr>\n<td width=\"288\">3r TORN<\/td>\n<td width=\"288\">12- 12.45<\/td>\n<\/tr>\n<tr>\n<td width=\"288\">4t TORN<\/td>\n<td width=\"288\">13- 13.45<\/td>\n<\/tr>\n<\/tbody>\n<\/table>\n<p>&nbsp;<\/p>\n<table>\n<tbody>\n<tr>\n<td colspan=\"2\" width=\"576\"><strong>CICLES FORMATIUS GRAU MITJ\u00c0<\/strong><\/p>\n<p>Dissabte 24 d\u2019abril de 10 a 14h<\/p>\n<p>Edifici de Cicles Formatius<\/p>\n<p><strong><u>19 D\u2019ABRIL DATA L\u00cdMIT PER APUNTAR-SE<\/u><\/strong><\/td>\n<\/tr>\n<tr>\n<td colspan=\"2\" width=\"576\">GESTI\u00d3 ADMINISTRATIVA<\/td>\n<\/tr>\n<tr>\n<td width=\"288\">1r TORN<\/td>\n<td width=\"288\">10- 10.45<\/td>\n<\/tr>\n<tr>\n<td width=\"288\">2n TORN<\/td>\n<td width=\"288\">11- 11.45<\/td>\n<\/tr>\n<tr>\n<td colspan=\"2\" width=\"576\">MANTENIMENT ELECTROMEC\u00c0NIC<\/td>\n<\/tr>\n<tr>\n<td width=\"288\">1r TORN<\/td>\n<td width=\"288\">12- 12.45<\/td>\n<\/tr>\n<tr>\n<td width=\"288\">2n TORN<\/td>\n<td width=\"288\">13- 13.45<\/td>\n<\/tr>\n<\/tbody>\n<\/table>\n<p>&nbsp;<\/p>\n<table>\n<tbody>\n<tr>\n<td colspan=\"2\" width=\"576\"><strong>\u00a0<\/strong><\/p>\n<p><strong>CICLES FORMATIUS GRAU SUPERIOR<\/strong><\/p>\n<p>Divendres 7 de maig de 19:30 a 20:30h<\/p>\n<p><strong><u>3 DE MAIG DATA L\u00cdMIT PER APUNTAR-SE<\/u><\/strong><\/td>\n<\/tr>\n<tr>\n<td colspan=\"2\" width=\"576\">MECATR\u00d2NICA INDUSTRIAL- Edifici de Cicles Formatius<\/td>\n<\/tr>\n<tr>\n<td width=\"288\">1r TORN<\/td>\n<td width=\"288\">19:30- 20:30<\/td>\n<\/tr>\n<tr>\n<td colspan=\"2\" width=\"576\">QU\u00cdMICA INDUSTRIAL- Edifici Principal<\/td>\n<\/tr>\n<tr>\n<td width=\"288\">1r TORN<\/td>\n<td width=\"288\">19:30- 20:30<\/td>\n<\/tr>\n<\/tbody>\n<\/table>\n<p>&nbsp;<\/p>\n","protected":false},"excerpt":{"rendered":"<p><a href=\"https:\/\/agora.xtec.cat\/ies-baix-montseny\/wp-content\/uploads\/usu1288\/2021\/01\/Galaxia-Cielo-Foto-Simple-Conferencia-Cient\u00edfico-P\u00f3ster_page-0001.jpg\"><\/a><br \/>\nBenvolguts pares, mares i tutors legals,<br \/>\nUs comuniquem les dates i l\u2019organitzaci\u00f3 de les jornades de portes obertes de l\u2019INS Baix Montseny, en la qual us explicarem el projecte educatiu de l\u2019institut, veureu activitats que realitzem al centre i us aclarirem els dubtes que pugueu&hellip;  <a href=\"https:\/\/agora.xtec.cat\/ies-baix-montseny\/general\/jornades-de-portes-obertes-acces-formularis-per-les-visites\/\" title=\"Read JORNADA DE PORTES OBERTES- FORMULARI PER A LES VISITES\">Llegeix m\u00e9s\u00bb<\/a><\/p>\n","protected":false},"author":7,"featured_media":19727,"comment_status":"open","ping_status":"closed","sticky":false,"template":"","format":"standard","meta":{"_bbp_topic_count":0,"_bbp_reply_count":0,"_bbp_total_topic_count":0,"_bbp_total_reply_count":0,"_bbp_voice_count":0,"_bbp_anonymous_reply_count":0,"_bbp_topic_count_hidden":0,"_bbp_reply_count_hidden":0,"_bbp_forum_subforum_count":0,"footnotes":""},"categories":[1,29],"tags":[],"class_list":["post-19725","post","type-post","status-publish","format-standard","has-post-thumbnail","hentry","category-general","category-portada"],"post_mailing_queue_ids":[],"_links":{"self":[{"href":"https:\/\/agora.xtec.cat\/ies-baix-montseny\/wp-json\/wp\/v2\/posts\/19725","targetHints":{"allow":["GET"]}}],"collection":[{"href":"https:\/\/agora.xtec.cat\/ies-baix-montseny\/wp-json\/wp\/v2\/posts"}],"about":[{"href":"https:\/\/agora.xtec.cat\/ies-baix-montseny\/wp-json\/wp\/v2\/types\/post"}],"author":[{"embeddable":true,"href":"https:\/\/agora.xtec.cat\/ies-baix-montseny\/wp-json\/wp\/v2\/users\/7"}],"replies":[{"embeddable":true,"href":"https:\/\/agora.xtec.cat\/ies-baix-montseny\/wp-json\/wp\/v2\/comments?post=19725"}],"version-history":[{"count":3,"href":"https:\/\/agora.xtec.cat\/ies-baix-montseny\/wp-json\/wp\/v2\/posts\/19725\/revisions"}],"predecessor-version":[{"id":19731,"href":"https:\/\/agora.xtec.cat\/ies-baix-montseny\/wp-json\/wp\/v2\/posts\/19725\/revisions\/19731"}],"wp:featuredmedia":[{"embeddable":true,"href":"https:\/\/agora.xtec.cat\/ies-baix-montseny\/wp-json\/wp\/v2\/media\/19727"}],"wp:attachment":[{"href":"https:\/\/agora.xtec.cat\/ies-baix-montseny\/wp-json\/wp\/v2\/media?parent=19725"}],"wp:term":[{"taxonomy":"category","embeddable":true,"href":"https:\/\/agora.xtec.cat\/ies-baix-montseny\/wp-json\/wp\/v2\/categories?post=19725"},{"taxonomy":"post_tag","embeddable":true,"href":"https:\/\/agora.xtec.cat\/ies-baix-montseny\/wp-json\/wp\/v2\/tags?post=19725"}],"curies":[{"name":"wp","href":"https:\/\/api.w.org\/{rel}","templated":true}]}}