{"id":1963,"date":"2019-01-10T11:08:07","date_gmt":"2019-01-10T10:08:07","guid":{"rendered":"http:\/\/agora.xtec.cat\/ies-baix-montseny\/?p=1963"},"modified":"2019-01-24T14:37:38","modified_gmt":"2019-01-24T13:37:38","slug":"sortida-dhistoria-de-lart-a-barcelona","status":"publish","type":"post","link":"https:\/\/agora.xtec.cat\/ies-baix-montseny\/general\/sortida-dhistoria-de-lart-a-barcelona\/","title":{"rendered":"SORTIDA D&#8217;HIST\u00d2RIA DE L&#8217;ART A BARCELONA"},"content":{"rendered":"<p><strong>CR\u00d2NICA EXCURSI\u00d3 BARCELONA HIST\u00d2RIA DE L\u2019ART\u00a0 \u00a0 \u00a0 \u00a0 \u00a0 \u00a0 \u00a0 \u00a0 \u00a0 \u00a0 \u00a0 \u00a0 \u00a0 \u00a0 \u00a0 \u00a0 \u00a0 \u00a0 \u00a0 \u00a0 \u00a0 \u00a0 \u00a0 \u00a0 \u00a0 \u00a0 \u00a0 \u00a0 \u00a0 \u00a0 \u00a0 \u00a0 \u00a0 \u00a0 \u00a0 \u00a0 \u00a0 \u00a0 \u00a0 \u00a0 \u00a0 \u00a0 \u00a0 \u00a0 \u00a0 \u00a0 \u00a0 \u00a0 \u00a0 \u00a0 \u00a0 \u00a0 \u00a0 \u00a0 \u00a0 \u00a0 \u00a0 \u00a0 \u00a0 \u00a0 \u00a0 \u00a0 \u00a0 \u00a0 \u00a0 per\u00a0Marta Ninou<\/strong><\/p>\n<p>El passat dimarts 18 de desembre els alumnes d \u2018Hist\u00f2ria de l\u2019Art vam fer una excursi\u00f3 per la Barcelona hist\u00f2rica. Vam visitar els llocs m\u00e9s emblem\u00e0tics de l\u2019art barcelon\u00ed al llarg de la seva hist\u00f2ria. Des de les columnes d\u2019un temple rom\u00e0, fins l\u2019art modernista del segle XX. Per comen\u00e7ar la nostra visita ens vam dirigir a la Pla\u00e7a de la Seu, on es troba la catedral g\u00f2tica de Barcelona, dedicada a l\u2019antiga patrona de Barcelona, Santa Eul\u00e0lia. La catedral, tamb\u00e9 anomenada de la Santa Creu, es va construir durant els segles XIII i XV, per\u00f2 la fa\u00e7ana \u00e9s neog\u00f2tica. T\u00e9 una planta amb forma de creu llatina, amb deambulatori i diverses capelles, per\u00f2 amb un transsepte quasi invisible. Al costat hi podem trobar un claustre interior, amb un petit pati. La catedral destaca per tenir caracter\u00edstiques totalment g\u00f2tiques com la gran al\u00e7ada de els naus i els grans vitralls de colors. T\u00e9 un cor al centre de la nau central i un cimbori als peus.<\/p>\n<p>Despr\u00e9s de la catedral vam visitar r\u00e0pidament la pla\u00e7a Felip Neri, al barri g\u00f2tic de la ciutat, on hi trobem una petita esgl\u00e9sia on encara s\u2019hi reconeixen marques del bombardeig que va patir la ciutat de Barcelona durant la Guerra Civil espanyola, per part de les tropes italianes.<\/p>\n<p>Posteriorment, vam continuar la visita per la Pla\u00e7a Sant Jaume, on hi trobem la Generalitat de Catalunya, amb una fa\u00e7ana renaixentista, per\u00f2 amb un interior d\u2019\u00e8poca g\u00f2tica. A davant, trobem l\u2019Ajuntament de Barcelona.<\/p>\n<p>Despr\u00e9s d\u2019una estona per esmorzar vam passejar per un estret carrer\u00f3 cap a la seu del Centre Excursionista de Catalunya, on s\u2019hi poden trobar restes de l\u2019antic Temple Rom\u00e0 d\u2019August. Es conserven nom\u00e9s 4 de les columnes que formaven aquest gran temple, situat al punt m\u00e9s alt del barri g\u00f2tic, on antigament havia estat situat el f\u00f2rum de la ciutat.<\/p>\n<p>Per acabar la visita ens vam dirigir cap a l\u2019antic barri de la Ribera, on es pot trobar la bas\u00edlica g\u00f2tica de Santa Maria del Mar. A la fa\u00e7ana destaca l\u2019estil del g\u00f2tic catal\u00e0, auster i poc recarregat, molt horitzontal \u00a0i sense grans obertures, que contrasta amb el meravell\u00f3s interior de la catedral, clarament g\u00f2tic. Amb una planta de sal\u00f3 amb deambulatori i unes alt\u00edssimes naus, l\u2019interior de la bas\u00edlica es caracteritza pels immensos i brillants vitralls a les parets de l\u2019esgl\u00e9sia. La sensaci\u00f3 de immensitat \u00e9s deguda a la gran al\u00e7ada dels murs i la disposici\u00f3 de les poques columnes de la nau central.<\/p>\n<p>Tornant ja cap a l\u2019estaci\u00f3 vam observar els palaus g\u00f2tics i renaixentistes del carrer Montcada i vam aturar-nos davant de l\u2019edifici del Palau de la M\u00fasica Catalana, un dels m\u00e0xims representants de l\u2019arquitectura del modernisme catal\u00e0.<\/p>\n<p>Per acabar la visita, a passeig de Gr\u00e0cia vam veure r\u00e0pidament els palaus modernistes de l\u2019arquitecte Antoni Gaud\u00ed, la Casa Batll\u00f3 i la Casa Mil\u00e0, que destaquen per les seves fa\u00e7anes caracter\u00edstiques del modernisme catal\u00e0.<\/p>\n<p>Seguint aquesta ruta, vam poder fer un viatge per alguns dels llocs m\u00e9s destacables de l\u2019art catal\u00e0 a Barcelona, d\u2019 estils arquitect\u00f2nics molt variats i d\u2019\u00e8poques molt diverses.<\/p>\n<p style=\"text-align: left;\" align=\"right\"><span style=\"font-family: Gungsuh, serif;\"><span style=\"font-size: large;\"><b>Sortida al Barri G\u00f2tic de Barcelona\u00a0 \u00a0 \u00a0 \u00a0 \u00a0 \u00a0 \u00a0 \u00a0 \u00a0 \u00a0 \u00a0 \u00a0 \u00a0 \u00a0 \u00a0 \u00a0 \u00a0 \u00a0 \u00a0 \u00a0 \u00a0 \u00a0 \u00a0 \u00a0 \u00a0 \u00a0 \u00a0 \u00a0 \u00a0 \u00a0 \u00a0 \u00a0 \u00a0 \u00a0 \u00a0 \u00a0 \u00a0 \u00a0 \u00a0 \u00a0 per\u00a0J\u00falia Garcia<\/b><\/span><\/span><\/p>\n<p align=\"justify\">El passat 18 de desembre, la classe d&#8217;hist\u00f2ria de l&#8217;art de 2n de batxillerat vam realitzar una excursi\u00f3 did\u00e0ctica. En ella, es va visitar la Catedral de la Santa Creu i Santa Eul\u00e0lia, el Temple d&#8217;August, la Catedral de Santa Maria del Mar, la Pla\u00e7a de Sant Feliu Neri i el Palau de la M\u00fasica.<\/p>\n<p align=\"justify\">La <b>Catedral de Santa Creu i Santa Eul\u00e0lia<\/b> (fig.1 i fig.2) \u00e9s un edifici constru\u00eft per Jaume Fabre entre els segles XIII i XV, el qual est\u00e0 dedicat a Santa Creu i a la que era la patrona de Barcelona, Santa Eul\u00e0lia. Est\u00e0 formada per tres naus, amb la central com a la m\u00e9s gran i amb un total de 17 capelles a les laterals. La catedral compta amb un claustre, al pati interior del qual hi trobem 13 oques, una per cada any que tenia la patrona quan va ser executada.<\/p>\n<p align=\"justify\"><a href=\"https:\/\/agora.xtec.cat\/ies-baix-montseny\/wp-content\/uploads\/usu1288\/2019\/01\/1.jpg\"><img loading=\"lazy\" decoding=\"async\" class=\"alignnone size-medium wp-image-1965\" src=\"https:\/\/agora.xtec.cat\/ies-baix-montseny\/wp-content\/uploads\/usu1288\/2019\/01\/1-225x300.jpg\" alt=\"\" width=\"225\" height=\"300\" srcset=\"https:\/\/agora.xtec.cat\/ies-baix-montseny\/wp-content\/uploads\/usu1288\/2019\/01\/1-225x300.jpg 225w, https:\/\/agora.xtec.cat\/ies-baix-montseny\/wp-content\/uploads\/usu1288\/2019\/01\/1.jpg 370w\" sizes=\"auto, (max-width: 225px) 100vw, 225px\" \/><\/a><br clear=\"left\" \/> <span style=\"font-size: medium;\">Fig.1: Interior de la Catedral de Santa Creu i Santa Eul\u00e0lia<i>. <\/i><\/span><\/p>\n<p align=\"justify\"><a href=\"https:\/\/agora.xtec.cat\/ies-baix-montseny\/wp-content\/uploads\/usu1288\/2019\/01\/2.jpg\"><img loading=\"lazy\" decoding=\"async\" class=\"alignnone size-medium wp-image-1966\" src=\"https:\/\/agora.xtec.cat\/ies-baix-montseny\/wp-content\/uploads\/usu1288\/2019\/01\/2-225x300.jpg\" alt=\"\" width=\"225\" height=\"300\" srcset=\"https:\/\/agora.xtec.cat\/ies-baix-montseny\/wp-content\/uploads\/usu1288\/2019\/01\/2-225x300.jpg 225w, https:\/\/agora.xtec.cat\/ies-baix-montseny\/wp-content\/uploads\/usu1288\/2019\/01\/2.jpg 370w\" sizes=\"auto, (max-width: 225px) 100vw, 225px\" \/><\/a><br clear=\"left\" \/> <span style=\"font-size: medium;\">Fig.2: Interior de la Catedral de Santa Creu i Santa Eul\u00e0lia.<i> <\/i><\/span><\/p>\n<p align=\"justify\"><a href=\"https:\/\/agora.xtec.cat\/ies-baix-montseny\/wp-content\/uploads\/usu1288\/2019\/01\/3.jpg\"><img loading=\"lazy\" decoding=\"async\" class=\"alignnone size-medium wp-image-1967\" src=\"https:\/\/agora.xtec.cat\/ies-baix-montseny\/wp-content\/uploads\/usu1288\/2019\/01\/3-223x300.jpg\" alt=\"\" width=\"223\" height=\"300\" srcset=\"https:\/\/agora.xtec.cat\/ies-baix-montseny\/wp-content\/uploads\/usu1288\/2019\/01\/3-223x300.jpg 223w, https:\/\/agora.xtec.cat\/ies-baix-montseny\/wp-content\/uploads\/usu1288\/2019\/01\/3.jpg 369w\" sizes=\"auto, (max-width: 223px) 100vw, 223px\" \/><\/a><br clear=\"left\" \/> <span style=\"font-size: medium;\">Fig.3: Oques de la Catedral de Santa Creu i Santa Eul\u00e0lia. <\/span><\/p>\n<p>&nbsp;<\/p>\n<p align=\"justify\">El <b>Temple d&#8217;August<\/b> (fig.4), dedicat al culte de l&#8217;emperador rom\u00e0 C\u00e8sar August, ens trobem amb 3 columnes d&#8217;ordre corinti que s&#8217;han conservat del temple. A part d&#8217;aquest tamb\u00e9 vam visitar la <b>pla\u00e7a de Sant Feliu Neri<\/b>, pla\u00e7a que recull una part de la hist\u00f2ria. En les parets de l&#8217;esgl\u00e9sia que envolta parcialment la pla\u00e7a trobem les marques de la metralla d&#8217;una bomba llan\u00e7ada per via a\u00e8ria durant la Guerra Civil, concretament el 30 de gener de 1938. Durant aquest bombardeig eren 42 les persones refugiades en aquesta pla\u00e7a, les quals van resultar v\u00edctimes mortals, sent majorit\u00e0riament nenes i nens. Seguidament vam encaminar-nos cap al <b>Palau de la M\u00fasica<\/b> (fig.5), dissenyat per Llu\u00eds Dom\u00e8nech i Montaner i constru\u00eft entre el 1905 i el 1908. L&#8217;edifici consta de grans murs de vidre, mosaics, vitralls i escultures de car\u00e0cter modernista.<\/p>\n<p align=\"justify\"><a href=\"https:\/\/agora.xtec.cat\/ies-baix-montseny\/wp-content\/uploads\/usu1288\/2019\/01\/4.jpg\"><img loading=\"lazy\" decoding=\"async\" class=\"alignnone size-medium wp-image-1968\" src=\"https:\/\/agora.xtec.cat\/ies-baix-montseny\/wp-content\/uploads\/usu1288\/2019\/01\/4-226x300.jpg\" alt=\"\" width=\"226\" height=\"300\" srcset=\"https:\/\/agora.xtec.cat\/ies-baix-montseny\/wp-content\/uploads\/usu1288\/2019\/01\/4-226x300.jpg 226w, https:\/\/agora.xtec.cat\/ies-baix-montseny\/wp-content\/uploads\/usu1288\/2019\/01\/4.jpg 372w\" sizes=\"auto, (max-width: 226px) 100vw, 226px\" \/><\/a><br clear=\"left\" \/> <span style=\"font-size: medium;\">Fig.4: Temple d&#8217;August.<\/span><\/p>\n<p align=\"justify\"><a href=\"https:\/\/agora.xtec.cat\/ies-baix-montseny\/wp-content\/uploads\/usu1288\/2019\/01\/5.jpg\"><img loading=\"lazy\" decoding=\"async\" class=\"alignnone size-medium wp-image-1969\" src=\"https:\/\/agora.xtec.cat\/ies-baix-montseny\/wp-content\/uploads\/usu1288\/2019\/01\/5-225x300.jpg\" alt=\"\" width=\"225\" height=\"300\" srcset=\"https:\/\/agora.xtec.cat\/ies-baix-montseny\/wp-content\/uploads\/usu1288\/2019\/01\/5-225x300.jpg 225w, https:\/\/agora.xtec.cat\/ies-baix-montseny\/wp-content\/uploads\/usu1288\/2019\/01\/5.jpg 370w\" sizes=\"auto, (max-width: 225px) 100vw, 225px\" \/><\/a><br clear=\"left\" \/> <span style=\"font-size: medium;\">Fig.5: Palau de la M\u00fasica.<\/span><\/p>\n<p>&nbsp;<\/p>\n<p align=\"justify\">I, per \u00faltim, al nucli del barri de la Ribera, la <b>Catedral de Santa Maria del Mar<\/b>, obra de Berenguer de Montagut i Ramon Despuig, una esgl\u00e9sia g\u00f2tica de pedra i vidre realitzada entre el 1329 i el 1383. Exteriorment presenta un predomini de les l\u00ednies horitzontals, amb dues torres altes que flanquejen la fa\u00e7ana principal. A la part inferior de la fa\u00e7ana principal trobem una gran portalada coronada per un gablet i decoraci\u00f3 escult\u00f2rica al timp\u00e0 i als laterals, mentre que a la superior es troba una gran rosassa flam\u00edgera del s.XV. L&#8217;interior es compon per una planta de sal\u00f3 de tres naus, una central i dues laterals, separades per vuit columnes i omplertes per 22 capelles, resultant en un espai molt ampli, vertical i il\u00b7luminat -il\u00b7luminaci\u00f3 obtenida gr\u00e0cies a les finestres i \u00f2culs de l&#8217;edificaci\u00f3, on un dels vitrall \u00e9s d&#8217;un estil diferent i m\u00e9s modern-.<\/p>\n<p align=\"justify\"><a href=\"https:\/\/agora.xtec.cat\/ies-baix-montseny\/wp-content\/uploads\/usu1288\/2019\/01\/6.jpg\"><img loading=\"lazy\" decoding=\"async\" class=\"alignnone size-medium wp-image-1970\" src=\"https:\/\/agora.xtec.cat\/ies-baix-montseny\/wp-content\/uploads\/usu1288\/2019\/01\/6-225x300.jpg\" alt=\"\" width=\"225\" height=\"300\" srcset=\"https:\/\/agora.xtec.cat\/ies-baix-montseny\/wp-content\/uploads\/usu1288\/2019\/01\/6-225x300.jpg 225w, https:\/\/agora.xtec.cat\/ies-baix-montseny\/wp-content\/uploads\/usu1288\/2019\/01\/6.jpg 371w\" sizes=\"auto, (max-width: 225px) 100vw, 225px\" \/><\/a><br clear=\"left\" \/> <span style=\"font-size: medium;\">Fig.6: Exterior de la Catedral de Santa Maria del Mar.<\/span><\/p>\n<p>&nbsp;<\/p>\n<p align=\"justify\"><a href=\"https:\/\/agora.xtec.cat\/ies-baix-montseny\/wp-content\/uploads\/usu1288\/2019\/01\/7.jpg\"><img loading=\"lazy\" decoding=\"async\" class=\"alignnone size-medium wp-image-1971\" src=\"https:\/\/agora.xtec.cat\/ies-baix-montseny\/wp-content\/uploads\/usu1288\/2019\/01\/7-226x300.jpg\" alt=\"\" width=\"226\" height=\"300\" srcset=\"https:\/\/agora.xtec.cat\/ies-baix-montseny\/wp-content\/uploads\/usu1288\/2019\/01\/7-226x300.jpg 226w, https:\/\/agora.xtec.cat\/ies-baix-montseny\/wp-content\/uploads\/usu1288\/2019\/01\/7.jpg 335w\" sizes=\"auto, (max-width: 226px) 100vw, 226px\" \/><\/a><br clear=\"left\" \/> <span style=\"font-size: medium;\">Fig.7: Interior de la Catedral de Santa Teresa del Mar.<\/span><\/p>\n<p>&nbsp;<\/p>\n<p align=\"justify\"><a href=\"https:\/\/agora.xtec.cat\/ies-baix-montseny\/wp-content\/uploads\/usu1288\/2019\/01\/8.jpg\"><img loading=\"lazy\" decoding=\"async\" class=\"alignnone size-medium wp-image-1972\" src=\"https:\/\/agora.xtec.cat\/ies-baix-montseny\/wp-content\/uploads\/usu1288\/2019\/01\/8-224x300.jpg\" alt=\"\" width=\"224\" height=\"300\" srcset=\"https:\/\/agora.xtec.cat\/ies-baix-montseny\/wp-content\/uploads\/usu1288\/2019\/01\/8-224x300.jpg 224w, https:\/\/agora.xtec.cat\/ies-baix-montseny\/wp-content\/uploads\/usu1288\/2019\/01\/8.jpg 416w\" sizes=\"auto, (max-width: 224px) 100vw, 224px\" \/><\/a><br clear=\"left\" \/> <span style=\"font-size: medium;\">Fig.8: Interior de la Catedral de Santa Teresa del Mar.<\/span><\/p>\n<p>&nbsp;<\/p>\n","protected":false},"excerpt":{"rendered":"<p>El passat dimarts 18 de desembre els alumnes d \u2018Hist\u00f2ria de l\u2019Art vam fer una excursi\u00f3 per la Barcelona hist\u00f2rica. Vam visitar els llocs m\u00e9s emblem\u00e0tics de l\u2019art barcelon\u00ed al llarg de la seva hist\u00f2ria. Des de les columnes d\u2019un temple rom\u00e0, fins l\u2019art modernista del segle XX.&hellip;  <a href=\"https:\/\/agora.xtec.cat\/ies-baix-montseny\/general\/sortida-dhistoria-de-lart-a-barcelona\/\" title=\"Read SORTIDA D&#8217;HIST\u00d2RIA DE L&#8217;ART A BARCELONA\">Llegeix m\u00e9s\u00bb<\/a><\/p>\n","protected":false},"author":9,"featured_media":1970,"comment_status":"open","ping_status":"closed","sticky":false,"template":"","format":"standard","meta":{"_bbp_topic_count":0,"_bbp_reply_count":0,"_bbp_total_topic_count":0,"_bbp_total_reply_count":0,"_bbp_voice_count":0,"_bbp_anonymous_reply_count":0,"_bbp_topic_count_hidden":0,"_bbp_reply_count_hidden":0,"_bbp_forum_subforum_count":0,"footnotes":""},"categories":[8,1,29],"tags":[],"class_list":["post-1963","post","type-post","status-publish","format-standard","has-post-thumbnail","hentry","category-batxillerat","category-general","category-portada"],"post_mailing_queue_ids":[],"_links":{"self":[{"href":"https:\/\/agora.xtec.cat\/ies-baix-montseny\/wp-json\/wp\/v2\/posts\/1963","targetHints":{"allow":["GET"]}}],"collection":[{"href":"https:\/\/agora.xtec.cat\/ies-baix-montseny\/wp-json\/wp\/v2\/posts"}],"about":[{"href":"https:\/\/agora.xtec.cat\/ies-baix-montseny\/wp-json\/wp\/v2\/types\/post"}],"author":[{"embeddable":true,"href":"https:\/\/agora.xtec.cat\/ies-baix-montseny\/wp-json\/wp\/v2\/users\/9"}],"replies":[{"embeddable":true,"href":"https:\/\/agora.xtec.cat\/ies-baix-montseny\/wp-json\/wp\/v2\/comments?post=1963"}],"version-history":[{"count":3,"href":"https:\/\/agora.xtec.cat\/ies-baix-montseny\/wp-json\/wp\/v2\/posts\/1963\/revisions"}],"predecessor-version":[{"id":1975,"href":"https:\/\/agora.xtec.cat\/ies-baix-montseny\/wp-json\/wp\/v2\/posts\/1963\/revisions\/1975"}],"wp:featuredmedia":[{"embeddable":true,"href":"https:\/\/agora.xtec.cat\/ies-baix-montseny\/wp-json\/wp\/v2\/media\/1970"}],"wp:attachment":[{"href":"https:\/\/agora.xtec.cat\/ies-baix-montseny\/wp-json\/wp\/v2\/media?parent=1963"}],"wp:term":[{"taxonomy":"category","embeddable":true,"href":"https:\/\/agora.xtec.cat\/ies-baix-montseny\/wp-json\/wp\/v2\/categories?post=1963"},{"taxonomy":"post_tag","embeddable":true,"href":"https:\/\/agora.xtec.cat\/ies-baix-montseny\/wp-json\/wp\/v2\/tags?post=1963"}],"curies":[{"name":"wp","href":"https:\/\/api.w.org\/{rel}","templated":true}]}}