{"id":19553,"date":"2020-10-30T12:05:55","date_gmt":"2020-10-30T11:05:55","guid":{"rendered":"http:\/\/agora.xtec.cat\/ies-baix-montseny\/?p=19553"},"modified":"2020-10-30T12:05:55","modified_gmt":"2020-10-30T11:05:55","slug":"la-castanyada-3","status":"publish","type":"post","link":"https:\/\/agora.xtec.cat\/ies-baix-montseny\/general\/la-castanyada-3\/","title":{"rendered":"LA CASTANYADA"},"content":{"rendered":"<p><a href=\"https:\/\/agora.xtec.cat\/ies-baix-montseny\/wp-content\/uploads\/usu1288\/2020\/10\/IMG_20201030_113409_resized_20201030_114216332-1.jpg\"><img loading=\"lazy\" decoding=\"async\" class=\"alignnone size-full wp-image-19554\" src=\"https:\/\/agora.xtec.cat\/ies-baix-montseny\/wp-content\/uploads\/usu1288\/2020\/10\/IMG_20201030_113409_resized_20201030_114216332-1.jpg\" alt=\"\" width=\"480\" height=\"640\" srcset=\"https:\/\/agora.xtec.cat\/ies-baix-montseny\/wp-content\/uploads\/usu1288\/2020\/10\/IMG_20201030_113409_resized_20201030_114216332-1.jpg 480w, https:\/\/agora.xtec.cat\/ies-baix-montseny\/wp-content\/uploads\/usu1288\/2020\/10\/IMG_20201030_113409_resized_20201030_114216332-1-225x300.jpg 225w\" sizes=\"auto, (max-width: 480px) 100vw, 480px\" \/><\/a><\/p>\n<p>Un any m\u00e9s, a l&#8217;institut Baix Montseny hem celebrat la castanyada. Tot i ser un curs especial, s&#8217;han pres totes les mesures necess\u00e0ries perqu\u00e8 alumnat i professorat puguin gaudir d&#8217;una tradici\u00f3 arrelada a la nostra terra.<\/p>\n<div>Gr\u00e0cies a Projecte Acci\u00f3, Projecte Baobab i Projecte Ametista ha sigut possible!<\/div>\n<div><\/div>\n<div>Boma a castanyada a tothom!<\/div>\n","protected":false},"excerpt":{"rendered":"<p><a href=\"https:\/\/agora.xtec.cat\/ies-baix-montseny\/wp-content\/uploads\/usu1288\/2020\/10\/IMG_20201030_113409_resized_20201030_114216332-1.jpg\"><\/a><br \/>\nUn any m\u00e9s, a l&#8217;institut Baix Montseny hem celebrat la castanyada. Tot i ser un curs especial, s&#8217;han pres totes les mesures necess\u00e0ries perqu\u00e8 alumnat i professorat puguin gaudir d&#8217;una tradici\u00f3 arrelada a la nostra terra.<br \/>\nGr\u00e0cies a Projecte Acci\u00f3, Projecte Baobab i Projecte Ametista&hellip;  <a href=\"https:\/\/agora.xtec.cat\/ies-baix-montseny\/general\/la-castanyada-3\/\" title=\"Read LA CASTANYADA\">Llegeix m\u00e9s\u00bb<\/a><\/p>\n","protected":false},"author":7,"featured_media":19554,"comment_status":"open","ping_status":"closed","sticky":false,"template":"","format":"standard","meta":{"_bbp_topic_count":0,"_bbp_reply_count":0,"_bbp_total_topic_count":0,"_bbp_total_reply_count":0,"_bbp_voice_count":0,"_bbp_anonymous_reply_count":0,"_bbp_topic_count_hidden":0,"_bbp_reply_count_hidden":0,"_bbp_forum_subforum_count":0,"footnotes":""},"categories":[1,29],"tags":[],"class_list":["post-19553","post","type-post","status-publish","format-standard","has-post-thumbnail","hentry","category-general","category-portada"],"post_mailing_queue_ids":[],"_links":{"self":[{"href":"https:\/\/agora.xtec.cat\/ies-baix-montseny\/wp-json\/wp\/v2\/posts\/19553","targetHints":{"allow":["GET"]}}],"collection":[{"href":"https:\/\/agora.xtec.cat\/ies-baix-montseny\/wp-json\/wp\/v2\/posts"}],"about":[{"href":"https:\/\/agora.xtec.cat\/ies-baix-montseny\/wp-json\/wp\/v2\/types\/post"}],"author":[{"embeddable":true,"href":"https:\/\/agora.xtec.cat\/ies-baix-montseny\/wp-json\/wp\/v2\/users\/7"}],"replies":[{"embeddable":true,"href":"https:\/\/agora.xtec.cat\/ies-baix-montseny\/wp-json\/wp\/v2\/comments?post=19553"}],"version-history":[{"count":1,"href":"https:\/\/agora.xtec.cat\/ies-baix-montseny\/wp-json\/wp\/v2\/posts\/19553\/revisions"}],"predecessor-version":[{"id":19555,"href":"https:\/\/agora.xtec.cat\/ies-baix-montseny\/wp-json\/wp\/v2\/posts\/19553\/revisions\/19555"}],"wp:featuredmedia":[{"embeddable":true,"href":"https:\/\/agora.xtec.cat\/ies-baix-montseny\/wp-json\/wp\/v2\/media\/19554"}],"wp:attachment":[{"href":"https:\/\/agora.xtec.cat\/ies-baix-montseny\/wp-json\/wp\/v2\/media?parent=19553"}],"wp:term":[{"taxonomy":"category","embeddable":true,"href":"https:\/\/agora.xtec.cat\/ies-baix-montseny\/wp-json\/wp\/v2\/categories?post=19553"},{"taxonomy":"post_tag","embeddable":true,"href":"https:\/\/agora.xtec.cat\/ies-baix-montseny\/wp-json\/wp\/v2\/tags?post=19553"}],"curies":[{"name":"wp","href":"https:\/\/api.w.org\/{rel}","templated":true}]}}