{"id":19529,"date":"2020-10-16T09:38:01","date_gmt":"2020-10-16T07:38:01","guid":{"rendered":"http:\/\/agora.xtec.cat\/ies-baix-montseny\/?p=19529"},"modified":"2020-10-16T09:38:01","modified_gmt":"2020-10-16T07:38:01","slug":"dia-de-conscienciacio-aturada-cardiaca","status":"publish","type":"post","link":"https:\/\/agora.xtec.cat\/ies-baix-montseny\/general\/dia-de-conscienciacio-aturada-cardiaca\/","title":{"rendered":"DIA DE CONSCIENCIACI\u00d3 ATURADA CARDIACA"},"content":{"rendered":"<p>Avui 16 d&#8217;octubre celebrem el dia de conscienciaci\u00f3 sobre l&#8217;aturada cardiaca. Recomanem veure el video. Teniu l&#8217;enlla\u00e7 al <strong>qr<\/strong> del cartell<\/p>\n<p><a href=\"https:\/\/agora.xtec.cat\/ies-baix-montseny\/wp-content\/uploads\/usu1288\/2020\/10\/IMG-20201014-WA0001.jpg\"><img loading=\"lazy\" decoding=\"async\" class=\"size-full wp-image-19530 alignleft\" src=\"https:\/\/agora.xtec.cat\/ies-baix-montseny\/wp-content\/uploads\/usu1288\/2020\/10\/IMG-20201014-WA0001.jpg\" alt=\"\" width=\"608\" height=\"1000\" srcset=\"https:\/\/agora.xtec.cat\/ies-baix-montseny\/wp-content\/uploads\/usu1288\/2020\/10\/IMG-20201014-WA0001.jpg 608w, https:\/\/agora.xtec.cat\/ies-baix-montseny\/wp-content\/uploads\/usu1288\/2020\/10\/IMG-20201014-WA0001-182x300.jpg 182w\" sizes=\"auto, (max-width: 608px) 100vw, 608px\" \/><\/a><\/p>\n","protected":false},"excerpt":{"rendered":"<p>Avui 16 d&#8217;octubre celebrem el dia de conscienciaci\u00f3 sobre l&#8217;aturada cardiaca. Recomanem veure el video. Teniu l&#8217;enlla\u00e7 al qr del cartell<br \/>\n<a href=\"https:\/\/agora.xtec.cat\/ies-baix-montseny\/wp-content\/uploads\/usu1288\/2020\/10\/IMG-20201014-WA0001.jpg\"><\/a><\/p>\n","protected":false},"author":7,"featured_media":19530,"comment_status":"open","ping_status":"closed","sticky":false,"template":"","format":"standard","meta":{"_bbp_topic_count":0,"_bbp_reply_count":0,"_bbp_total_topic_count":0,"_bbp_total_reply_count":0,"_bbp_voice_count":0,"_bbp_anonymous_reply_count":0,"_bbp_topic_count_hidden":0,"_bbp_reply_count_hidden":0,"_bbp_forum_subforum_count":0,"footnotes":""},"categories":[1,29],"tags":[],"class_list":["post-19529","post","type-post","status-publish","format-standard","has-post-thumbnail","hentry","category-general","category-portada"],"post_mailing_queue_ids":[],"_links":{"self":[{"href":"https:\/\/agora.xtec.cat\/ies-baix-montseny\/wp-json\/wp\/v2\/posts\/19529","targetHints":{"allow":["GET"]}}],"collection":[{"href":"https:\/\/agora.xtec.cat\/ies-baix-montseny\/wp-json\/wp\/v2\/posts"}],"about":[{"href":"https:\/\/agora.xtec.cat\/ies-baix-montseny\/wp-json\/wp\/v2\/types\/post"}],"author":[{"embeddable":true,"href":"https:\/\/agora.xtec.cat\/ies-baix-montseny\/wp-json\/wp\/v2\/users\/7"}],"replies":[{"embeddable":true,"href":"https:\/\/agora.xtec.cat\/ies-baix-montseny\/wp-json\/wp\/v2\/comments?post=19529"}],"version-history":[{"count":1,"href":"https:\/\/agora.xtec.cat\/ies-baix-montseny\/wp-json\/wp\/v2\/posts\/19529\/revisions"}],"predecessor-version":[{"id":19531,"href":"https:\/\/agora.xtec.cat\/ies-baix-montseny\/wp-json\/wp\/v2\/posts\/19529\/revisions\/19531"}],"wp:featuredmedia":[{"embeddable":true,"href":"https:\/\/agora.xtec.cat\/ies-baix-montseny\/wp-json\/wp\/v2\/media\/19530"}],"wp:attachment":[{"href":"https:\/\/agora.xtec.cat\/ies-baix-montseny\/wp-json\/wp\/v2\/media?parent=19529"}],"wp:term":[{"taxonomy":"category","embeddable":true,"href":"https:\/\/agora.xtec.cat\/ies-baix-montseny\/wp-json\/wp\/v2\/categories?post=19529"},{"taxonomy":"post_tag","embeddable":true,"href":"https:\/\/agora.xtec.cat\/ies-baix-montseny\/wp-json\/wp\/v2\/tags?post=19529"}],"curies":[{"name":"wp","href":"https:\/\/api.w.org\/{rel}","templated":true}]}}