{"id":19484,"date":"2020-09-09T12:01:07","date_gmt":"2020-09-09T10:01:07","guid":{"rendered":"http:\/\/agora.xtec.cat\/ies-baix-montseny\/?p=19484"},"modified":"2020-09-09T12:01:07","modified_gmt":"2020-09-09T10:01:07","slug":"declaracio-responsabilitat","status":"publish","type":"post","link":"https:\/\/agora.xtec.cat\/ies-baix-montseny\/general\/declaracio-responsabilitat\/","title":{"rendered":"DECLARACI\u00d3 RESPONSABILITAT"},"content":{"rendered":"<p>A continuaci\u00f3 us deixem el full declaraci\u00f3 de responsabilitat que han de portar signat els alumnes el primer dia de classe. Molt important, sense aquest full no poden entrar al centre.<\/p>\n<p><span style=\"text-decoration: underline;\"><strong>Model menors de 18 anys<\/strong><\/span><\/p>\n<p><a href=\"https:\/\/agora.xtec.cat\/ies-baix-montseny\/wp-content\/uploads\/usu1288\/2020\/09\/Declaraci\u00f3-responsable-ACTUALITAZADA.pdf\">Declaraci\u00f3 responsable ACTUALITAZADA<\/a><\/p>\n<p><span style=\"text-decoration: underline;\"><strong>Model majors de 18 anys<\/strong><\/span><\/p>\n<p><a href=\"https:\/\/agora.xtec.cat\/ies-baix-montseny\/wp-content\/uploads\/usu1288\/2020\/09\/Declaraci\u00f3-responsable-18-anys-ACTUALITAZADA.pdf\">Declaraci\u00f3 responsable + 18 anys ACTUALITAZADA<\/a><\/p>\n","protected":false},"excerpt":{"rendered":"<p>A continuaci\u00f3 us deixem el full declaraci\u00f3 de responsabilitat que han de portar signat els alumnes el primer dia de classe. Molt important, sense aquest full no poden entrar al centre.<br \/>\nModel menors de 18 anys<br \/>\n<a href=\"https:\/\/agora.xtec.cat\/ies-baix-montseny\/wp-content\/uploads\/usu1288\/2020\/09\/Declaraci\u00f3-responsable-ACTUALITAZADA.pdf\">Declaraci\u00f3 responsable ACTUALITAZADA<\/a><br \/>\nModel majors de 18 anys<br \/>\n<a href=\"https:\/\/agora.xtec.cat\/ies-baix-montseny\/wp-content\/uploads\/usu1288\/2020\/09\/Declaraci\u00f3-responsable-18-anys-ACTUALITAZADA.pdf\">Declaraci\u00f3 responsable +&hellip;  <a href=\"https:\/\/agora.xtec.cat\/ies-baix-montseny\/general\/declaracio-responsabilitat\/\" title=\"Read DECLARACI\u00d3 RESPONSABILITAT\">Llegeix m\u00e9s\u00bb<\/a><\/p>\n","protected":false},"author":7,"featured_media":0,"comment_status":"open","ping_status":"closed","sticky":false,"template":"","format":"standard","meta":{"_bbp_topic_count":0,"_bbp_reply_count":0,"_bbp_total_topic_count":0,"_bbp_total_reply_count":0,"_bbp_voice_count":0,"_bbp_anonymous_reply_count":0,"_bbp_topic_count_hidden":0,"_bbp_reply_count_hidden":0,"_bbp_forum_subforum_count":0,"footnotes":""},"categories":[1,29],"tags":[],"class_list":["post-19484","post","type-post","status-publish","format-standard","hentry","category-general","category-portada"],"post_mailing_queue_ids":[],"_links":{"self":[{"href":"https:\/\/agora.xtec.cat\/ies-baix-montseny\/wp-json\/wp\/v2\/posts\/19484","targetHints":{"allow":["GET"]}}],"collection":[{"href":"https:\/\/agora.xtec.cat\/ies-baix-montseny\/wp-json\/wp\/v2\/posts"}],"about":[{"href":"https:\/\/agora.xtec.cat\/ies-baix-montseny\/wp-json\/wp\/v2\/types\/post"}],"author":[{"embeddable":true,"href":"https:\/\/agora.xtec.cat\/ies-baix-montseny\/wp-json\/wp\/v2\/users\/7"}],"replies":[{"embeddable":true,"href":"https:\/\/agora.xtec.cat\/ies-baix-montseny\/wp-json\/wp\/v2\/comments?post=19484"}],"version-history":[{"count":1,"href":"https:\/\/agora.xtec.cat\/ies-baix-montseny\/wp-json\/wp\/v2\/posts\/19484\/revisions"}],"predecessor-version":[{"id":19487,"href":"https:\/\/agora.xtec.cat\/ies-baix-montseny\/wp-json\/wp\/v2\/posts\/19484\/revisions\/19487"}],"wp:attachment":[{"href":"https:\/\/agora.xtec.cat\/ies-baix-montseny\/wp-json\/wp\/v2\/media?parent=19484"}],"wp:term":[{"taxonomy":"category","embeddable":true,"href":"https:\/\/agora.xtec.cat\/ies-baix-montseny\/wp-json\/wp\/v2\/categories?post=19484"},{"taxonomy":"post_tag","embeddable":true,"href":"https:\/\/agora.xtec.cat\/ies-baix-montseny\/wp-json\/wp\/v2\/tags?post=19484"}],"curies":[{"name":"wp","href":"https:\/\/api.w.org\/{rel}","templated":true}]}}