{"id":1947,"date":"2018-12-20T13:10:00","date_gmt":"2018-12-20T12:10:00","guid":{"rendered":"http:\/\/agora.xtec.cat\/ies-baix-montseny\/?p=1947"},"modified":"2018-12-20T13:10:00","modified_gmt":"2018-12-20T12:10:00","slug":"trasport-escolar-divendres-21-de-desembre-normalitat","status":"publish","type":"post","link":"https:\/\/agora.xtec.cat\/ies-baix-montseny\/general\/trasport-escolar-divendres-21-de-desembre-normalitat\/","title":{"rendered":"TRASPORT ESCOLAR DIVENDRES 21 DE DESEMBRE NORMALITAT"},"content":{"rendered":"<p style=\"font-weight: 400;\"><strong>Afectacions en serveis de transport del Consell Comarcal<\/strong><\/p>\n<p style=\"font-weight: 400;\"><em>21 de desembre de 2018<\/em><\/p>\n<p style=\"font-weight: 400;\">En relaci\u00f3 amb les crides d\u2019entitats a la mobilitzaci\u00f3 per protestar per la convocat\u00f2ria d\u2019un Consell de Ministres dem\u00e0 divendres 21 de desembre de 2018 a Barcelona, a la convocat\u00f2ria de vaga de dues hores i a la possibilitat de talls en carreteres que puguin afectar als Serveis de transport escolar i transport adaptat i assistit que aquest Consell Comarcal presta, us informen que:<\/p>\n<p style=\"font-weight: 400;\">En principi les rutes de transport escolar i transport adaptat i assistit\u00a0<strong>es prestaran amb normalitat<\/strong>\u00a0i en el cas\u00a0que hi hagi incid\u00e8ncies en la mobilitat i en l\u2019estat del tr\u00e0nsit que puguin afectar a la seguretat i el benestar dels usuaris del servei de transport escolar i el servei de transport adaptat,<strong>\u00a0es prendran les decisions oportunes sobre cadascun dels serveis en funcionament.<\/strong><\/p>\n<p style=\"font-weight: 400;\">En aquest sentit hem de tenir en compte que els\u00a0<strong>centres amb trasllats intermunicipals<\/strong>\u00a0s\u00f3n els\u00a0<strong>que poden tenir m\u00e9s afectacions, i es per aix\u00f2 que us agrairem informeu a les fam\u00edlies d\u2019aquesta possibilitat.<\/strong><\/p>\n<p style=\"font-weight: 400;\">Tot i aix\u00f2 us informem que procedirem de la manera seg\u00fcent:<\/p>\n<ol>\n<li style=\"font-weight: 400;\">El Consell Comarcal del Vall\u00e8s Oriental comunicar\u00e0 en cada moment mitjan\u00e7ant correu electr\u00f2nic, els avisos de seguretat que pugui fer el Servei de Tr\u00e0nsit i\u00a0les decisions adoptades a les empreses de transport, al servei d\u2019acompanyants, els centres educatius i els serveis especialitzats d\u2019atenci\u00f3 di\u00fcrna, segons s\u2019escaigui,\u00a0aix\u00ed com als ajuntaments que es puguin veure afectats.<\/li>\n<\/ol>\n<p style=\"font-weight: 400;\">\n<ol start=\"2\">\n<li style=\"font-weight: 400;\">El Consell Comarcal, els centres de dest\u00ed i el servei d\u2019acompanyants es coordinaran per comunicar les decisions adoptades pel que fa al servei de transport que afectin a les fam\u00edlies.<\/li>\n<\/ol>\n<p style=\"font-weight: 400;\">\n<ol start=\"3\">\n<li style=\"font-weight: 400;\">Si iniciades les rutes s\u2019han de prendre decisions, els centres educatius en coordinaci\u00f3 amb el servei d\u2019acompanyants s\u2019encarregaran d\u2019avisar a les fam\u00edlies per garantir la recollida dels usuaris.\u00a0En el cas dels serveis de transport als serveis especialitzats d\u2019atenci\u00f3 di\u00fcrna, el servei d\u2019acompanyants en coordinaci\u00f3 amb el Consell Comarcal s\u2019encarregar\u00e0 d\u2019avisar a les fam\u00edlies<\/li>\n<\/ol>\n<p style=\"font-weight: 400;\">Atentament,<\/p>\n<p>&nbsp;<\/p>\n<p><a href=\"https:\/\/agora.xtec.cat\/ies-baix-montseny\/wp-content\/uploads\/usu1288\/2018\/12\/unnamed.png\"><img loading=\"lazy\" decoding=\"async\" class=\"alignnone size-full wp-image-1948\" src=\"https:\/\/agora.xtec.cat\/ies-baix-montseny\/wp-content\/uploads\/usu1288\/2018\/12\/unnamed.png\" alt=\"\" width=\"753\" height=\"70\" srcset=\"https:\/\/agora.xtec.cat\/ies-baix-montseny\/wp-content\/uploads\/usu1288\/2018\/12\/unnamed.png 753w, https:\/\/agora.xtec.cat\/ies-baix-montseny\/wp-content\/uploads\/usu1288\/2018\/12\/unnamed-300x28.png 300w\" sizes=\"auto, (max-width: 753px) 100vw, 753px\" \/><\/a><\/p>\n","protected":false},"excerpt":{"rendered":"<p>Afectacions en serveis de transport del Consell Comarcal<br \/>\n21 de desembre de 2018<br \/>\nEn relaci\u00f3 amb les crides d\u2019entitats a la mobilitzaci\u00f3 per protestar per la convocat\u00f2ria d\u2019un Consell de Ministres dem\u00e0 divendres 21 de desembre de 2018 a Barcelona, a la convocat\u00f2ria de vaga de dues&hellip;  <a href=\"https:\/\/agora.xtec.cat\/ies-baix-montseny\/general\/trasport-escolar-divendres-21-de-desembre-normalitat\/\" title=\"Read TRASPORT ESCOLAR DIVENDRES 21 DE DESEMBRE NORMALITAT\">Llegeix m\u00e9s\u00bb<\/a><\/p>\n","protected":false},"author":7,"featured_media":0,"comment_status":"open","ping_status":"closed","sticky":false,"template":"","format":"standard","meta":{"_bbp_topic_count":0,"_bbp_reply_count":0,"_bbp_total_topic_count":0,"_bbp_total_reply_count":0,"_bbp_voice_count":0,"_bbp_anonymous_reply_count":0,"_bbp_topic_count_hidden":0,"_bbp_reply_count_hidden":0,"_bbp_forum_subforum_count":0,"footnotes":""},"categories":[1,29],"tags":[],"class_list":["post-1947","post","type-post","status-publish","format-standard","hentry","category-general","category-portada"],"post_mailing_queue_ids":[],"_links":{"self":[{"href":"https:\/\/agora.xtec.cat\/ies-baix-montseny\/wp-json\/wp\/v2\/posts\/1947","targetHints":{"allow":["GET"]}}],"collection":[{"href":"https:\/\/agora.xtec.cat\/ies-baix-montseny\/wp-json\/wp\/v2\/posts"}],"about":[{"href":"https:\/\/agora.xtec.cat\/ies-baix-montseny\/wp-json\/wp\/v2\/types\/post"}],"author":[{"embeddable":true,"href":"https:\/\/agora.xtec.cat\/ies-baix-montseny\/wp-json\/wp\/v2\/users\/7"}],"replies":[{"embeddable":true,"href":"https:\/\/agora.xtec.cat\/ies-baix-montseny\/wp-json\/wp\/v2\/comments?post=1947"}],"version-history":[{"count":1,"href":"https:\/\/agora.xtec.cat\/ies-baix-montseny\/wp-json\/wp\/v2\/posts\/1947\/revisions"}],"predecessor-version":[{"id":1949,"href":"https:\/\/agora.xtec.cat\/ies-baix-montseny\/wp-json\/wp\/v2\/posts\/1947\/revisions\/1949"}],"wp:attachment":[{"href":"https:\/\/agora.xtec.cat\/ies-baix-montseny\/wp-json\/wp\/v2\/media?parent=1947"}],"wp:term":[{"taxonomy":"category","embeddable":true,"href":"https:\/\/agora.xtec.cat\/ies-baix-montseny\/wp-json\/wp\/v2\/categories?post=1947"},{"taxonomy":"post_tag","embeddable":true,"href":"https:\/\/agora.xtec.cat\/ies-baix-montseny\/wp-json\/wp\/v2\/tags?post=1947"}],"curies":[{"name":"wp","href":"https:\/\/api.w.org\/{rel}","templated":true}]}}