{"id":19464,"date":"2020-09-01T16:42:56","date_gmt":"2020-09-01T14:42:56","guid":{"rendered":"http:\/\/agora.xtec.cat\/ies-baix-montseny\/?p=19464"},"modified":"2020-09-14T10:00:26","modified_gmt":"2020-09-14T08:00:26","slug":"dossiers-informatius-inici-de-curs","status":"publish","type":"post","link":"https:\/\/agora.xtec.cat\/ies-baix-montseny\/general\/dossiers-informatius-inici-de-curs\/","title":{"rendered":"DOSSIERS INFORMATIUS INICI DE CURS"},"content":{"rendered":"<p><a href=\"https:\/\/agora.xtec.cat\/ies-baix-montseny\/wp-content\/uploads\/usu1288\/2020\/09\/libreta900.jpg\"><img loading=\"lazy\" decoding=\"async\" class=\"alignnone wp-image-19471\" src=\"https:\/\/agora.xtec.cat\/ies-baix-montseny\/wp-content\/uploads\/usu1288\/2020\/09\/libreta900.jpg\" alt=\"\" width=\"561\" height=\"516\" srcset=\"https:\/\/agora.xtec.cat\/ies-baix-montseny\/wp-content\/uploads\/usu1288\/2020\/09\/libreta900.jpg 602w, https:\/\/agora.xtec.cat\/ies-baix-montseny\/wp-content\/uploads\/usu1288\/2020\/09\/libreta900-300x276.jpg 300w\" sizes=\"auto, (max-width: 561px) 100vw, 561px\" \/><\/a><\/p>\n<p>A continuaci\u00f3 us podeu descarregar els dossiers informatius per a l&#8217;alumne i la fam\u00edlia pel proper curs 2020-21. Algunes de les informacions poden patir canvis d&#8217;\u00faltima hora que anirem penjant i actualitzant a la web de l&#8217;Institut.<\/p>\n<p>1r d&#8217;ESO<\/p>\n<p><a href=\"https:\/\/agora.xtec.cat\/ies-baix-montseny\/wp-content\/uploads\/usu1288\/2020\/09\/Dossier-1r-ESO-20-21-2.pdf\">Dossier 1r ESO 20-21<\/a><\/p>\n<p>2n d&#8217;ESO<\/p>\n<p><a href=\"https:\/\/agora.xtec.cat\/ies-baix-montseny\/wp-content\/uploads\/usu1288\/2020\/09\/Dossier-2n-ESO-20-21-2.pdf\">Dossier 2n ESO 20-21<\/a><\/p>\n<p>3r d&#8217;ESO<\/p>\n<p><a href=\"https:\/\/agora.xtec.cat\/ies-baix-montseny\/wp-content\/uploads\/usu1288\/2020\/09\/Dossier-3r-ESO-20-21-2.pdf\">Dossier 3r ESO 20-21<\/a><\/p>\n<p>4t d&#8217;ESO<\/p>\n<p><a href=\"https:\/\/agora.xtec.cat\/ies-baix-montseny\/wp-content\/uploads\/usu1288\/2020\/09\/Dossier-4t-ESO-20-21-2.pdf\">Dossier 4t ESO 20-21<\/a><\/p>\n<p>Projectes<\/p>\n<p><a href=\"https:\/\/agora.xtec.cat\/ies-baix-montseny\/wp-content\/uploads\/usu1288\/2020\/09\/Dossier-Projectes-20-21-2.pdf\">Dossier Projectes 20-21<\/a><\/p>\n<p>FUNCIONAMENT BATXILLLERAT<\/p>\n<p><a href=\"https:\/\/agora.xtec.cat\/ies-baix-montseny\/wp-content\/uploads\/usu1288\/2020\/09\/FUNCIONAMENT-BATXILLERAT-2020-21intern.pdf\">FUNCIONAMENT BATXILLERAT 2020-21<\/a><\/p>\n<p>1r de Batxillerat<\/p>\n<p><a href=\"https:\/\/agora.xtec.cat\/ies-baix-montseny\/wp-content\/uploads\/usu1288\/2020\/09\/Dossier-1r-BAT-curs-2020-21.doc\">Dossier 1r BAT curs 2020-21<\/a><\/p>\n<p>2n de Batxillerat<\/p>\n<p><a href=\"https:\/\/agora.xtec.cat\/ies-baix-montseny\/wp-content\/uploads\/usu1288\/2020\/09\/Dossier-2n-BAT-curs-2020-21.pdf\">Dossier 2n BAT curs 2020-21<\/a><\/p>\n<p>Cicle Formatiu Gesti\u00f3 Administrativa<\/p>\n<p><a href=\"https:\/\/agora.xtec.cat\/ies-baix-montseny\/wp-content\/uploads\/usu1288\/2020\/09\/2021-DOSSIER-1-INICI-CURS-Alumnes.pdf\">2021 DOSSIER 1 INICI CURS- Alumnes<\/a><\/p>\n<p>Cicle Formatiu Manteniment<\/p>\n<p><a href=\"https:\/\/agora.xtec.cat\/ies-baix-montseny\/wp-content\/uploads\/usu1288\/2020\/09\/CF-MANTE-curs-2020-21.pdf\">CF MANTE curs 2020-21<\/a><\/p>\n<p>Cicle Formatiu Mecatr\u00f2nica<\/p>\n<p><a href=\"https:\/\/agora.xtec.cat\/ies-baix-montseny\/wp-content\/uploads\/usu1288\/2020\/09\/CF-MECATR.-curs-2020-21.pdf\">CF MECATR. curs 2020-21<\/a><\/p>\n<p>Cicle Formatiu Qu\u00edmica Industrial<\/p>\n<p><a href=\"https:\/\/agora.xtec.cat\/ies-baix-montseny\/wp-content\/uploads\/usu1288\/2020\/09\/dossier-CF-QUIMICA-INDUSTRIAL.-curs-2020-21.pdf\">dossier CF QUIMICA INDUSTRIAL. curs 2020-21<\/a><\/p>\n","protected":false},"excerpt":{"rendered":"<p><a href=\"https:\/\/agora.xtec.cat\/ies-baix-montseny\/wp-content\/uploads\/usu1288\/2020\/09\/libreta900.jpg\"><\/a><br \/>\nA continuaci\u00f3 us podeu descarregar els dossiers informatius per a l&#8217;alumne i la fam\u00edlia pel proper curs 2020-21. Algunes de les informacions poden patir canvis d&#8217;\u00faltima hora que anirem penjant i actualitzant a la web de l&#8217;Institut.<br \/>\n1r d&#8217;ESO<br \/>\n<a href=\"https:\/\/agora.xtec.cat\/ies-baix-montseny\/wp-content\/uploads\/usu1288\/2020\/09\/Dossier-1r-ESO-20-21-2.pdf\">Dossier 1r ESO 20-21<\/a><br \/>\n2n d&#8217;ESO<br \/>\n<a href=\"https:\/\/agora.xtec.cat\/ies-baix-montseny\/wp-content\/uploads\/usu1288\/2020\/09\/Dossier-2n-ESO-20-21-2.pdf\">Dossier&hellip;  <a href=\"https:\/\/agora.xtec.cat\/ies-baix-montseny\/general\/dossiers-informatius-inici-de-curs\/\" title=\"Read DOSSIERS INFORMATIUS INICI DE CURS\">Llegeix m\u00e9s\u00bb<\/a><\/p>\n","protected":false},"author":7,"featured_media":19471,"comment_status":"open","ping_status":"closed","sticky":false,"template":"","format":"standard","meta":{"_bbp_topic_count":0,"_bbp_reply_count":0,"_bbp_total_topic_count":0,"_bbp_total_reply_count":0,"_bbp_voice_count":0,"_bbp_anonymous_reply_count":0,"_bbp_topic_count_hidden":0,"_bbp_reply_count_hidden":0,"_bbp_forum_subforum_count":0,"footnotes":""},"categories":[111,114,8,30,3,1,29],"tags":[],"class_list":["post-19464","post","type-post","status-publish","format-standard","has-post-thumbnail","hentry","category-ametista","category-baobab","category-batxillerat","category-cicles-formatius","category-eso","category-general","category-portada"],"post_mailing_queue_ids":[],"_links":{"self":[{"href":"https:\/\/agora.xtec.cat\/ies-baix-montseny\/wp-json\/wp\/v2\/posts\/19464","targetHints":{"allow":["GET"]}}],"collection":[{"href":"https:\/\/agora.xtec.cat\/ies-baix-montseny\/wp-json\/wp\/v2\/posts"}],"about":[{"href":"https:\/\/agora.xtec.cat\/ies-baix-montseny\/wp-json\/wp\/v2\/types\/post"}],"author":[{"embeddable":true,"href":"https:\/\/agora.xtec.cat\/ies-baix-montseny\/wp-json\/wp\/v2\/users\/7"}],"replies":[{"embeddable":true,"href":"https:\/\/agora.xtec.cat\/ies-baix-montseny\/wp-json\/wp\/v2\/comments?post=19464"}],"version-history":[{"count":4,"href":"https:\/\/agora.xtec.cat\/ies-baix-montseny\/wp-json\/wp\/v2\/posts\/19464\/revisions"}],"predecessor-version":[{"id":19509,"href":"https:\/\/agora.xtec.cat\/ies-baix-montseny\/wp-json\/wp\/v2\/posts\/19464\/revisions\/19509"}],"wp:featuredmedia":[{"embeddable":true,"href":"https:\/\/agora.xtec.cat\/ies-baix-montseny\/wp-json\/wp\/v2\/media\/19471"}],"wp:attachment":[{"href":"https:\/\/agora.xtec.cat\/ies-baix-montseny\/wp-json\/wp\/v2\/media?parent=19464"}],"wp:term":[{"taxonomy":"category","embeddable":true,"href":"https:\/\/agora.xtec.cat\/ies-baix-montseny\/wp-json\/wp\/v2\/categories?post=19464"},{"taxonomy":"post_tag","embeddable":true,"href":"https:\/\/agora.xtec.cat\/ies-baix-montseny\/wp-json\/wp\/v2\/tags?post=19464"}],"curies":[{"name":"wp","href":"https:\/\/api.w.org\/{rel}","templated":true}]}}