{"id":19335,"date":"2020-07-07T10:14:40","date_gmt":"2020-07-07T08:14:40","guid":{"rendered":"http:\/\/agora.xtec.cat\/ies-baix-montseny\/?p=19335"},"modified":"2020-07-07T10:17:00","modified_gmt":"2020-07-07T08:17:00","slug":"projectes-servei-comunitari-2019-2020","status":"publish","type":"post","link":"https:\/\/agora.xtec.cat\/ies-baix-montseny\/general\/projectes-servei-comunitari-2019-2020\/","title":{"rendered":"PROJECTES SERVEI COMUNITARI 2019-2020"},"content":{"rendered":"<div>\n<p><a href=\"https:\/\/agora.xtec.cat\/ies-baix-montseny\/wp-content\/uploads\/usu1288\/2020\/07\/Captura-de-pantalla-49-710x270.png\"><img loading=\"lazy\" decoding=\"async\" class=\"alignnone size-full wp-image-19339\" src=\"https:\/\/agora.xtec.cat\/ies-baix-montseny\/wp-content\/uploads\/usu1288\/2020\/07\/Captura-de-pantalla-49-710x270.png\" alt=\"\" width=\"710\" height=\"270\" srcset=\"https:\/\/agora.xtec.cat\/ies-baix-montseny\/wp-content\/uploads\/usu1288\/2020\/07\/Captura-de-pantalla-49-710x270.png 710w, https:\/\/agora.xtec.cat\/ies-baix-montseny\/wp-content\/uploads\/usu1288\/2020\/07\/Captura-de-pantalla-49-710x270-300x114.png 300w\" sizes=\"auto, (max-width: 710px) 100vw, 710px\" \/><\/a><\/p>\n<p>Enguany ha estat el primer curs del Baix Montseny en fer Servei Comunitari. Fins ara, al centre es feia voluntariat a 3r d\u2019ESO en diferents entitats i escoles de la zona i vam transformar-lo i adaptar-lo a la realitzaci\u00f3 del SC. Tot i aix\u00ed, donat el gran volum d\u2019alumnes (m\u00e9s de 120) s\u2019han hagut de preparar altres nous projectes per tal d\u2019ampliar l\u2019oferta i la varietat dels serveis a realitzar.<\/p>\n<p>L\u2019Institut Baix Montseny acull alumnat d\u2019altres poblacions ve\u00efnes i hem col\u00b7laborat amb les escoles de prim\u00e0ria d\u2019aquests municipis per tal de poder\u00a0oferir un servei proper a l\u2019entorn dels alumnes que v\u00e9nen de fora de Sant Celoni.<\/p>\n<p>Abans de fer el servei i despr\u00e9s de fer la tria, vam organitzar els alumnes per projectes i es van realitzar 12h de sessions pr\u00e8vies i de preparaci\u00f3 de material i continguts necessaris abans de fer els serveis a les entitats, espec\u00edfics segons el projecte a portar a terme. La primera sessi\u00f3 en tots els projectes que es va poder fer, van venir\u00a0professionals\u00a0\u00a0de les entitats a explicar el funcionament i caracter\u00edstiques de la feina a fer. Les altres sessions, proposades i planificades dins d\u2019un Classroom per a cada projecte estaven destinades a treballar continguts espec\u00edfics i necessaris per al treball\u00a0concret de cada servei.<\/p>\n<p>A causa del confinament per la pand\u00e8mia, part de l\u2019alumnat no ha pogut realitzar el servei in situ tot i que han explicat en v\u00eddeos el recull de la seva experi\u00e8ncia per tal de fer-ne difusi\u00f3 i explicar-ho als companys i companyes que el proper curs hauran de fer el Servei Comunitari.<\/p>\n<p>Els projectes que hem tingut aquest curs s\u00f3n:<\/p>\n<ul>\n<li style=\"list-style-type: none;\">\n<ul>\n<li><strong><a href=\"https:\/\/drive.google.com\/file\/d\/137TcFOBJ9JTh_Hhwy2ZzQHgwBxTMbqts\/view?usp=sharing\" target=\"_blank\" rel=\"noopener noreferrer\" data-saferedirecturl=\"https:\/\/www.google.com\/url?q=https:\/\/drive.google.com\/file\/d\/137TcFOBJ9JTh_Hhwy2ZzQHgwBxTMbqts\/view?usp%3Dsharing&amp;source=gmail&amp;ust=1594194839417000&amp;usg=AFQjCNGSAtETY5LHaSaW3V0P5k4l2l6Q9w\">Apropem el Lecxit a les escoles<\/a><\/strong>: Aqua Alba de Gualba, Soler de Vilardell, Escola Montnegre de la Batll\u00f2ria, Alzinar de Campins. Amb la formaci\u00f3 Lecxit de la Fundaci\u00f3 Jaume Bofill.<\/li>\n<li><strong><a href=\"https:\/\/drive.google.com\/file\/d\/1NxYZfcKsLGeGd2_sTm6XDCmkppsx47x3\/view?usp=sharing\" target=\"_blank\" rel=\"noopener noreferrer\" data-saferedirecturl=\"https:\/\/www.google.com\/url?q=https:\/\/drive.google.com\/file\/d\/1NxYZfcKsLGeGd2_sTm6XDCmkppsx47x3\/view?usp%3Dsharing&amp;source=gmail&amp;ust=1594194839417000&amp;usg=AFQjCNG1qjTrsPJa9Nf0sW0IcGja_pfc5w\">Escola\u00a0Adults\u00a0Sant Celoni<\/a><\/strong>: Amb els grups\u00a0d\u2019alfabetitzaci\u00f3\u00a0digital (ADI) i Acompanyament en\u00a0lectoescriptura\u00a0(ALE).<\/li>\n<li><strong><a href=\"https:\/\/www.powtoon.com\/c\/daLa2GKrRWy\/2\/m\" target=\"_blank\" rel=\"noopener noreferrer\" data-saferedirecturl=\"https:\/\/www.google.com\/url?q=https:\/\/www.powtoon.com\/c\/daLa2GKrRWy\/2\/m&amp;source=gmail&amp;ust=1594194839417000&amp;usg=AFQjCNH4shrbwNSt2OzrQwVIRZuAwI8PHA\">Curses de muntanya<\/a>\u00a0(Trail Montseny)<\/strong>: Conveni amb\u00a0l\u2019Associaci\u00f3\u00a0Esportiva Montseny per tal de participar en la preparaci\u00f3 i desenvolupament de diferents carreres dins el Parc Natural del Montseny.<\/li>\n<li><strong><a href=\"https:\/\/drive.google.com\/file\/d\/1v_V_ZX63AH4wQWLw-OX4UgpczDWvKHJi\/view?usp=sharing\" target=\"_blank\" rel=\"noopener noreferrer\" data-saferedirecturl=\"https:\/\/www.google.com\/url?q=https:\/\/drive.google.com\/file\/d\/1v_V_ZX63AH4wQWLw-OX4UgpczDWvKHJi\/view?usp%3Dsharing&amp;source=gmail&amp;ust=1594194839417000&amp;usg=AFQjCNEbLilKNm7n9QSsItg9QPo5qcei6Q\">Espai Natural de les Llobateres<\/a><\/strong>: Conveni amb l\u2019ONG SEO\u00a0Bird Life\u00a0i\u00a0l\u2019Ajuntament\u00a0de Sant Celoni en un projecte de cura i manteniment de\u00a0l\u2019espai\u00a0natural de les Llobateres. Muntatge de Caixes-niu. Vam presentar al setembre el projecte a\u00a0l\u2019espai\u00a0\u00c0gora del Simposi APS i Servei Comunitari Ambiental al CosmoCaixa i se n\u2019ha fet difusi\u00f3 tamb\u00e9 a la r\u00e0dio local de Sant Celoni.<\/li>\n<li><strong><a href=\"https:\/\/drive.google.com\/file\/d\/1-b8NK9pedt2OnyGS4_G41bAULI8a3_vO\/view?usp=sharing\" target=\"_blank\" rel=\"noopener noreferrer\" data-saferedirecturl=\"https:\/\/www.google.com\/url?q=https:\/\/drive.google.com\/file\/d\/1-b8NK9pedt2OnyGS4_G41bAULI8a3_vO\/view?usp%3Dsharing&amp;source=gmail&amp;ust=1594194839417000&amp;usg=AFQjCNFP7pbXgE5fov63jkgdvKgXFevFIQ\">Let\u2019s Clean up, Europe!<\/a><\/strong>\u00a0: Projecte de jornada de neteja de l\u2019entorn, lligat enguany al projecte de Llobateres.<\/li>\n<li><strong><a href=\"https:\/\/drive.google.com\/file\/d\/148sJwfqy580dFj-DH2tx1TN1VeDyVv1p\/view?usp=sharing\" target=\"_blank\" rel=\"noopener noreferrer\" data-saferedirecturl=\"https:\/\/www.google.com\/url?q=https:\/\/drive.google.com\/file\/d\/148sJwfqy580dFj-DH2tx1TN1VeDyVv1p\/view?usp%3Dsharing&amp;source=gmail&amp;ust=1594194839417000&amp;usg=AFQjCNHf7PKSeCMDL_LhVoi8hpOLX1kszw\">Escola Bressol Municipal El Blauet<\/a><\/strong>: acompanyament en\u00a0l\u2019escolaritzaci\u00f3\u00a0i preparaci\u00f3 de contes-titelles per als infants.<\/li>\n<li><a href=\"https:\/\/drive.google.com\/file\/d\/1GRI83HdIrWf-8JqdwcfGNe-BSJxJd-XC\/view?usp=sharing\" target=\"_blank\" rel=\"noopener noreferrer\" data-saferedirecturl=\"https:\/\/www.google.com\/url?q=https:\/\/drive.google.com\/file\/d\/1GRI83HdIrWf-8JqdwcfGNe-BSJxJd-XC\/view?usp%3Dsharing&amp;source=gmail&amp;ust=1594194839417000&amp;usg=AFQjCNFgbUYPJ9wxC9oRna-c9kwSZ0uiYA\"><strong>ANBM,<\/strong>\u00a0<strong>Associaci\u00f3 Neurol\u00f2gica Baix Montseny<\/strong><\/a>: acompanyament en les tasques i creaci\u00f3 i realitzaci\u00f3 de material i tallers de mem\u00f2ria per als usuaris.<\/li>\n<li><strong>Fira del Loni<\/strong>: Campanya i recapte de diners mitjan\u00e7ant activitats i venda de productes elaborats per\u00a0l\u2019alumnat\u00a0per a fer durant la Fira del Loni al juny, recollint diners per a Associacions contra el c\u00e0ncer infantil.<\/li>\n<li><strong>Acompanyament a\u00a0l\u2019escolaritzaci\u00f3<\/strong>: en totes les escoles adscrites a\u00a0l\u2019Institut\u00a0amb activitats diverses: Franc\u00e8s a Aqua Alba i Soler a cicle superior, a totes les escoles: preparaci\u00f3 de contes i titelles per educaci\u00f3 infantil, contes teatralitzats per cicle inicial, suport a les tasques dels mestres.<\/li>\n<\/ul>\n<\/li>\n<\/ul>\n<p>Gr\u00e0cies a tot\u00a0l\u2019alumnat\u00a0i\u00a0l\u2019equip\u00a0de professorat del Servei comunitari per fer-ho possible!<\/p>\n<\/div>\n<div class=\"yj6qo\"><\/div>\n<div class=\"adL\"><\/div>\n","protected":false},"excerpt":{"rendered":"<p><a href=\"https:\/\/agora.xtec.cat\/ies-baix-montseny\/wp-content\/uploads\/usu1288\/2020\/07\/Captura-de-pantalla-49-710x270.png\"><\/a><br \/>\nEnguany ha estat el primer curs del Baix Montseny en fer Servei Comunitari. Fins ara, al centre es feia voluntariat a 3r d\u2019ESO en diferents entitats i escoles de la zona i vam transformar-lo i adaptar-lo a la realitzaci\u00f3 del SC. Tot i aix\u00ed,&hellip;  <a href=\"https:\/\/agora.xtec.cat\/ies-baix-montseny\/general\/projectes-servei-comunitari-2019-2020\/\" title=\"Read PROJECTES SERVEI COMUNITARI 2019-2020\">Llegeix m\u00e9s\u00bb<\/a><\/p>\n","protected":false},"author":7,"featured_media":19339,"comment_status":"open","ping_status":"closed","sticky":false,"template":"","format":"standard","meta":{"_bbp_topic_count":0,"_bbp_reply_count":0,"_bbp_total_topic_count":0,"_bbp_total_reply_count":0,"_bbp_voice_count":0,"_bbp_anonymous_reply_count":0,"_bbp_topic_count_hidden":0,"_bbp_reply_count_hidden":0,"_bbp_forum_subforum_count":0,"footnotes":""},"categories":[6,64,111,114,3,1,29],"tags":[],"class_list":["post-19335","post","type-post","status-publish","format-standard","has-post-thumbnail","hentry","category-eso-3","category-activitats","category-ametista","category-baobab","category-eso","category-general","category-portada"],"post_mailing_queue_ids":[],"_links":{"self":[{"href":"https:\/\/agora.xtec.cat\/ies-baix-montseny\/wp-json\/wp\/v2\/posts\/19335","targetHints":{"allow":["GET"]}}],"collection":[{"href":"https:\/\/agora.xtec.cat\/ies-baix-montseny\/wp-json\/wp\/v2\/posts"}],"about":[{"href":"https:\/\/agora.xtec.cat\/ies-baix-montseny\/wp-json\/wp\/v2\/types\/post"}],"author":[{"embeddable":true,"href":"https:\/\/agora.xtec.cat\/ies-baix-montseny\/wp-json\/wp\/v2\/users\/7"}],"replies":[{"embeddable":true,"href":"https:\/\/agora.xtec.cat\/ies-baix-montseny\/wp-json\/wp\/v2\/comments?post=19335"}],"version-history":[{"count":3,"href":"https:\/\/agora.xtec.cat\/ies-baix-montseny\/wp-json\/wp\/v2\/posts\/19335\/revisions"}],"predecessor-version":[{"id":19340,"href":"https:\/\/agora.xtec.cat\/ies-baix-montseny\/wp-json\/wp\/v2\/posts\/19335\/revisions\/19340"}],"wp:featuredmedia":[{"embeddable":true,"href":"https:\/\/agora.xtec.cat\/ies-baix-montseny\/wp-json\/wp\/v2\/media\/19339"}],"wp:attachment":[{"href":"https:\/\/agora.xtec.cat\/ies-baix-montseny\/wp-json\/wp\/v2\/media?parent=19335"}],"wp:term":[{"taxonomy":"category","embeddable":true,"href":"https:\/\/agora.xtec.cat\/ies-baix-montseny\/wp-json\/wp\/v2\/categories?post=19335"},{"taxonomy":"post_tag","embeddable":true,"href":"https:\/\/agora.xtec.cat\/ies-baix-montseny\/wp-json\/wp\/v2\/tags?post=19335"}],"curies":[{"name":"wp","href":"https:\/\/api.w.org\/{rel}","templated":true}]}}